{"id":75069,"date":"2025-01-18T19:34:01","date_gmt":"2025-01-18T17:34:01","guid":{"rendered":"https:\/\/azalas.de\/de\/?p=75069"},"modified":"2025-01-18T19:34:01","modified_gmt":"2025-01-18T17:34:01","slug":"29-dezember","status":"publish","type":"post","link":"https:\/\/azalas.de\/en\/29-dezember\/","title":{"rendered":"29. Dezember"},"content":{"rendered":"<h1>29. Dezember<\/h1>\n<p><img decoding=\"async\" src=\"https:\/\/azalas.de\/wp-content\/uploads\/photos\/naxos\/flora\/iridaceae\/crocus_laevigatus-1.jpg\" alt=\"\"><\/p>\n<div>Die sehr h\u00fcbsche Art <em>Crocus laevigatus<\/em> ist eng mit <em>C. tournefortii<\/em> verwandt. Sie kommt vor allem in den Bergen und im zentralen Naxos vor, wo sie stellenweise recht h\u00e4ufig ist. Sie bl\u00fcht erst deutlich sp\u00e4ter als die anderen Krokus-Arten auf Naxos, meist erst im Januar. <em>Crocus laevigatus<\/em> ist an der hellen, fast wei\u00dfen Farbe der Bl\u00fcten zu erkennen. Die hellgelben Narben sind bei dieser Art zart und verzweigt; sie entwickeln sich oft erst sp\u00e4t, so dass sie bei vielen Bl\u00fcten kaum zu sehen sind. Auf der Oberseite tragen die Bl\u00fctenbl\u00e4tter keine Aderung und sehen wunderbar &#8220;rein&#8221; aus; von unten betrachtet enth\u00fcllen sie aber erst ihre wahre Sch\u00f6nheit mit einer herrlichen, dunkel-lila Zeichnung. Ohne Zweifel ist diese Krokus-Art eine der sch\u00f6nsten Pflanzen von Naxos!<\/div>\n<ul>\n<li>\n<p>        <img decoding=\"async\" src=\"https:\/\/azalas.de\/wp-content\/uploads\/photos\/naxos\/flora\/iridaceae\/crocus_laevigatus-2.jpg\" alt=\"\"><\/p>\n<\/li>\n<li>\n<p>        <img decoding=\"async\" src=\"https:\/\/azalas.de\/wp-content\/uploads\/photos\/naxos\/flora\/iridaceae\/crocus_laevigatus-5.jpg\" alt=\"\"><\/p>\n<\/li>\n<\/ul>\n<div>\n<p><a href=\"\/krokus\/\">Zum Krokus<\/a><\/p>\n<\/div>\n<p><!--more--><br \/>\n<!-- {\"type\":\"layout\",\"children\":[{\"type\":\"section\",\"props\":{\"image_position\":\"center-center\",\"style\":\"default\",\"title_breakpoint\":\"xl\",\"title_position\":\"top-left\",\"title_rotation\":\"left\",\"vertical_align\":\"middle\",\"width\":\"default\"},\"children\":[{\"type\":\"row\",\"children\":[{\"type\":\"column\",\"props\":{\"image_position\":\"center-center\",\"position_sticky_breakpoint\":\"m\"},\"children\":[{\"type\":\"headline\",\"props\":{\"content\":\"29. Dezember\",\"text_align\":\"center\",\"title_element\":\"h1\"}}]}]}]},{\"type\":\"section\",\"props\":{\"image_position\":\"center-center\",\"style\":\"default\",\"title_breakpoint\":\"xl\",\"title_position\":\"top-left\",\"title_rotation\":\"left\",\"vertical_align\":\"middle\",\"width\":\"default\"},\"children\":[{\"type\":\"row\",\"children\":[{\"type\":\"column\",\"props\":{\"image_position\":\"center-center\",\"position_sticky_breakpoint\":\"m\"},\"children\":[{\"type\":\"image\",\"props\":{\"image\":\"https:\\\/\\\/azalas.de\\\/wp-content\\\/uploads\\\/photos\\\/naxos\\\/flora\\\/iridaceae\\\/crocus_laevigatus-1.jpg\",\"image_loading\":true,\"image_svg_color\":\"emphasis\",\"margin\":\"default\"}}]}]},{\"type\":\"row\",\"children\":[{\"type\":\"column\",\"props\":{\"image_position\":\"center-center\",\"position_sticky_breakpoint\":\"m\"},\"children\":[{\"type\":\"text\",\"props\":{\"column_breakpoint\":\"m\",\"content\":\"Die sehr h\\u00fcbsche Art <em>Crocus laevigatus<\\\/em> ist eng mit <em>C. tournefortii<\\\/em> verwandt. Sie kommt vor allem in den Bergen und im zentralen Naxos vor, wo sie stellenweise recht h\\u00e4ufig ist. Sie bl\\u00fcht erst deutlich sp\\u00e4ter als die anderen Krokus-Arten auf Naxos, meist erst im Januar. <em>Crocus laevigatus<\\\/em> ist an der hellen, fast wei\\u00dfen Farbe der Bl\\u00fcten zu erkennen. Die hellgelben Narben sind bei dieser Art zart und verzweigt; sie entwickeln sich oft erst sp\\u00e4t, so dass sie bei vielen Bl\\u00fcten kaum zu sehen sind. Auf der Oberseite tragen die Bl\\u00fctenbl\\u00e4tter keine Aderung und sehen wunderbar \\\"rein\\\" aus; von unten betrachtet enth\\u00fcllen sie aber erst ihre wahre Sch\\u00f6nheit mit einer herrlichen, dunkel-lila Zeichnung. Ohne Zweifel ist diese Krokus-Art eine der sch\\u00f6nsten Pflanzen von Naxos!\",\"margin\":\"default\"}}]}]}]},{\"type\":\"section\",\"props\":{\"image_position\":\"center-center\",\"padding_remove_top\":true,\"style\":\"default\",\"title_breakpoint\":\"xl\",\"title_position\":\"top-left\",\"title_rotation\":\"left\",\"vertical_align\":\"middle\",\"width\":\"default\"},\"children\":[{\"type\":\"row\",\"children\":[{\"type\":\"column\",\"props\":{\"image_position\":\"center-center\",\"position_sticky_breakpoint\":\"m\"},\"children\":[{\"type\":\"gallery\",\"props\":{\"filter_align\":\"left\",\"filter_all\":true,\"filter_grid_breakpoint\":\"m\",\"filter_grid_width\":\"auto\",\"filter_position\":\"top\",\"filter_style\":\"tab\",\"grid_default\":\"1\",\"grid_medium\":\"2\",\"grid_small\":\"2\",\"item_animation\":true,\"link_style\":\"default\",\"link_text\":\"Read more\",\"margin\":\"default\",\"meta_align\":\"below-title\",\"meta_element\":\"div\",\"meta_style\":\"text-meta\",\"overlay_hover\":false,\"overlay_mode\":\"caption\",\"overlay_position\":\"center\",\"overlay_style\":\"overlay-primary\",\"overlay_transition\":\"fade\",\"show_content\":true,\"show_hover_image\":false,\"show_hover_video\":false,\"show_link\":false,\"show_meta\":false,\"show_title\":false,\"text_align\":\"center\",\"text_color\":\"light\",\"title_element\":\"h3\",\"title_hover_style\":\"reset\"},\"children\":[{\"type\":\"gallery_item\",\"props\":{\"image\":\"https:\\\/\\\/azalas.de\\\/wp-content\\\/uploads\\\/photos\\\/naxos\\\/flora\\\/iridaceae\\\/crocus_laevigatus-2.jpg\"}},{\"type\":\"gallery_item\",\"props\":{\"image\":\"https:\\\/\\\/azalas.de\\\/wp-content\\\/uploads\\\/photos\\\/naxos\\\/flora\\\/iridaceae\\\/crocus_laevigatus-5.jpg\"}}]}]}]}]},{\"type\":\"section\",\"props\":{\"image_position\":\"center-center\",\"style\":\"default\",\"title_breakpoint\":\"xl\",\"title_position\":\"top-left\",\"title_rotation\":\"left\",\"vertical_align\":\"middle\",\"width\":\"default\"},\"children\":[{\"type\":\"row\",\"children\":[{\"type\":\"column\",\"props\":{\"image_position\":\"center-center\",\"position_sticky_breakpoint\":\"m\"},\"children\":[{\"type\":\"list\",\"props\":{\"column_breakpoint\":\"m\",\"image_align\":\"left\",\"image_svg_color\":\"emphasis\",\"image_vertical_align\":true,\"list_element\":\"ul\",\"list_horizontal_separator\":\", \",\"list_type\":\"vertical\",\"show_image\":true,\"show_link\":true},\"children\":[{\"type\":\"list_item\",\"props\":{\"content\":\"Zum Krokus\",\"link\":\"krokus\\\/\"}}]}]}]}]}],\"version\":\"4.4.16\",\"yooessentialsVersion\":\"2.2.29\"} --><\/p>\n","protected":false},"excerpt":{"rendered":"<p>29. Dezember Die sehr h\u00fcbsche Art Crocus laevigatus ist eng mit C. tournefortii verwandt. Sie kommt vor allem in den Bergen und im zentralen Naxos vor, wo sie stellenweise recht h\u00e4ufig ist. Sie bl\u00fcht erst deutlich sp\u00e4ter als die anderen Krokus-Arten auf Naxos, meist erst im Januar. Crocus laevigatus ist an der hellen, fast wei\u00dfen [&hellip;]<\/p>\n","protected":false},"author":4,"featured_media":0,"comment_status":"closed","ping_status":"closed","sticky":false,"template":"","format":"standard","meta":{"footnotes":""},"categories":[2121],"tags":[],"class_list":["post-75069","post","type-post","status-publish","format-standard","hentry","category-bild-des-tages"],"_links":{"self":[{"href":"https:\/\/azalas.de\/en\/wp-json\/wp\/v2\/posts\/75069","targetHints":{"allow":["GET"]}}],"collection":[{"href":"https:\/\/azalas.de\/en\/wp-json\/wp\/v2\/posts"}],"about":[{"href":"https:\/\/azalas.de\/en\/wp-json\/wp\/v2\/types\/post"}],"author":[{"embeddable":true,"href":"https:\/\/azalas.de\/en\/wp-json\/wp\/v2\/users\/4"}],"replies":[{"embeddable":true,"href":"https:\/\/azalas.de\/en\/wp-json\/wp\/v2\/comments?post=75069"}],"version-history":[{"count":3,"href":"https:\/\/azalas.de\/en\/wp-json\/wp\/v2\/posts\/75069\/revisions"}],"predecessor-version":[{"id":75072,"href":"https:\/\/azalas.de\/en\/wp-json\/wp\/v2\/posts\/75069\/revisions\/75072"}],"wp:attachment":[{"href":"https:\/\/azalas.de\/en\/wp-json\/wp\/v2\/media?parent=75069"}],"wp:term":[{"taxonomy":"category","embeddable":true,"href":"https:\/\/azalas.de\/en\/wp-json\/wp\/v2\/categories?post=75069"},{"taxonomy":"post_tag","embeddable":true,"href":"https:\/\/azalas.de\/en\/wp-json\/wp\/v2\/tags?post=75069"}],"curies":[{"name":"wp","href":"https:\/\/api.w.org\/{rel}","templated":true}]}}