{"id":74908,"date":"2025-01-18T08:26:08","date_gmt":"2025-01-18T06:26:08","guid":{"rendered":"https:\/\/azalas.de\/de\/?p=74908"},"modified":"2025-01-18T08:26:08","modified_gmt":"2025-01-18T06:26:08","slug":"27-november","status":"publish","type":"post","link":"https:\/\/azalas.de\/en\/27-november\/","title":{"rendered":"27. November"},"content":{"rendered":"<h1>27. November<\/h1>\n<p><img decoding=\"async\" src=\"https:\/\/azalas.de\/wp-content\/uploads\/photos\/naxos\/flora\/amaryllidaceae\/pancratium_maritimum-1.jpg\" alt=\"\"><\/p>\n<div>Die D\u00fcnen-Trichternarzisse ist auf Naxos hier und da an den gro\u00dfen Sandstr\u00e4nden im Westen der Insel anzutreffen; sie kommt auch auf den umliegenden kleineren Inseln vor. Die D\u00fcnen-Trichternarzisse bl\u00fcht erst im Sommer. Sie bildet gro\u00dfe Pflanzen mit langen, fleischigen Bl\u00e4ttern und zahlreichen, langgestielten, doldigen Bl\u00fctenst\u00e4nden, die je mehrere, gro\u00dfe, wei\u00dfe, duftende Bl\u00fcten tragen. Die Bl\u00fcten besitzen schmale, lange Bl\u00fctenbl\u00e4tter und eine gro\u00dfe, ebenfalls wei\u00dfe Nebenkrone, mit der die Staubbl\u00e4tter verwachsen sind. Die Fr\u00fcchte sind dreikantige, ovale Kapseln, die schwarze, schwimmf\u00e4hige Samen enthalten.<\/div>\n<ul>\n<li>\n<p>        <img decoding=\"async\" src=\"https:\/\/azalas.de\/wp-content\/uploads\/photos\/naxos\/flora\/amaryllidaceae\/pancratium_maritimum-4.jpg\" alt=\"\"><\/p>\n<\/li>\n<li>\n<p>        <img decoding=\"async\" src=\"https:\/\/azalas.de\/wp-content\/uploads\/photos\/naxos\/flora\/amaryllidaceae\/pancratium_maritimum-3.jpg\" alt=\"\"><\/p>\n<\/li>\n<\/ul>\n<div>\n<p><a href=\"\/narzissengewaechse\/\">Zu den Narzissengew\u00e4chsen<\/a><\/p>\n<\/div>\n<p><!--more--><br \/>\n<!-- {\"type\":\"layout\",\"children\":[{\"type\":\"section\",\"props\":{\"image_position\":\"center-center\",\"style\":\"default\",\"title_breakpoint\":\"xl\",\"title_position\":\"top-left\",\"title_rotation\":\"left\",\"vertical_align\":\"middle\",\"width\":\"default\"},\"children\":[{\"type\":\"row\",\"children\":[{\"type\":\"column\",\"props\":{\"image_position\":\"center-center\",\"position_sticky_breakpoint\":\"m\"},\"children\":[{\"type\":\"headline\",\"props\":{\"content\":\"27. November\",\"text_align\":\"center\",\"title_element\":\"h1\"}}]}]}]},{\"type\":\"section\",\"props\":{\"image_position\":\"center-center\",\"style\":\"default\",\"title_breakpoint\":\"xl\",\"title_position\":\"top-left\",\"title_rotation\":\"left\",\"vertical_align\":\"middle\",\"width\":\"default\"},\"children\":[{\"type\":\"row\",\"children\":[{\"type\":\"column\",\"props\":{\"image_position\":\"center-center\",\"position_sticky_breakpoint\":\"m\"},\"children\":[{\"type\":\"image\",\"props\":{\"image\":\"https:\\\/\\\/azalas.de\\\/wp-content\\\/uploads\\\/photos\\\/naxos\\\/flora\\\/amaryllidaceae\\\/pancratium_maritimum-1.jpg\",\"image_loading\":true,\"image_svg_color\":\"emphasis\",\"margin\":\"default\"}}]}]},{\"type\":\"row\",\"children\":[{\"type\":\"column\",\"props\":{\"image_position\":\"center-center\",\"position_sticky_breakpoint\":\"m\"},\"children\":[{\"type\":\"text\",\"props\":{\"column_breakpoint\":\"m\",\"content\":\"Die D\\u00fcnen-Trichternarzisse ist auf Naxos hier und da an den gro\\u00dfen Sandstr\\u00e4nden im Westen der Insel anzutreffen; sie kommt auch auf den umliegenden kleineren Inseln vor. Die D\\u00fcnen-Trichternarzisse bl\\u00fcht erst im Sommer. Sie bildet gro\\u00dfe Pflanzen mit langen, fleischigen Bl\\u00e4ttern und zahlreichen, langgestielten, doldigen Bl\\u00fctenst\\u00e4nden, die je mehrere, gro\\u00dfe, wei\\u00dfe, duftende Bl\\u00fcten tragen. Die Bl\\u00fcten besitzen schmale, lange Bl\\u00fctenbl\\u00e4tter und eine gro\\u00dfe, ebenfalls wei\\u00dfe Nebenkrone, mit der die Staubbl\\u00e4tter verwachsen sind. Die Fr\\u00fcchte sind dreikantige, ovale Kapseln, die schwarze, schwimmf\\u00e4hige Samen enthalten.\",\"margin\":\"default\"}}]}]}]},{\"type\":\"section\",\"props\":{\"image_position\":\"center-center\",\"padding_remove_top\":true,\"style\":\"default\",\"title_breakpoint\":\"xl\",\"title_position\":\"top-left\",\"title_rotation\":\"left\",\"vertical_align\":\"middle\",\"width\":\"default\"},\"children\":[{\"type\":\"row\",\"children\":[{\"type\":\"column\",\"props\":{\"image_position\":\"center-center\",\"position_sticky_breakpoint\":\"m\"},\"children\":[{\"type\":\"gallery\",\"props\":{\"filter_align\":\"left\",\"filter_all\":true,\"filter_grid_breakpoint\":\"m\",\"filter_grid_width\":\"auto\",\"filter_position\":\"top\",\"filter_style\":\"tab\",\"grid_default\":\"1\",\"grid_medium\":\"2\",\"grid_small\":\"2\",\"item_animation\":true,\"link_style\":\"default\",\"link_text\":\"Read more\",\"margin\":\"default\",\"meta_align\":\"below-title\",\"meta_element\":\"div\",\"meta_style\":\"text-meta\",\"overlay_hover\":false,\"overlay_mode\":\"caption\",\"overlay_position\":\"center\",\"overlay_style\":\"overlay-primary\",\"overlay_transition\":\"fade\",\"show_content\":true,\"show_hover_image\":false,\"show_hover_video\":false,\"show_link\":false,\"show_meta\":false,\"show_title\":false,\"text_align\":\"center\",\"text_color\":\"light\",\"title_element\":\"h3\",\"title_hover_style\":\"reset\"},\"children\":[{\"type\":\"gallery_item\",\"props\":{\"image\":\"https:\\\/\\\/azalas.de\\\/wp-content\\\/uploads\\\/photos\\\/naxos\\\/flora\\\/amaryllidaceae\\\/pancratium_maritimum-4.jpg\"}},{\"type\":\"gallery_item\",\"props\":{\"image\":\"https:\\\/\\\/azalas.de\\\/wp-content\\\/uploads\\\/photos\\\/naxos\\\/flora\\\/amaryllidaceae\\\/pancratium_maritimum-3.jpg\"}}]}]}]}]},{\"type\":\"section\",\"props\":{\"image_position\":\"center-center\",\"style\":\"default\",\"title_breakpoint\":\"xl\",\"title_position\":\"top-left\",\"title_rotation\":\"left\",\"vertical_align\":\"middle\",\"width\":\"default\"},\"children\":[{\"type\":\"row\",\"children\":[{\"type\":\"column\",\"props\":{\"image_position\":\"center-center\",\"position_sticky_breakpoint\":\"m\"},\"children\":[{\"type\":\"list\",\"props\":{\"column_breakpoint\":\"m\",\"image_align\":\"left\",\"image_svg_color\":\"emphasis\",\"image_vertical_align\":true,\"list_element\":\"ul\",\"list_horizontal_separator\":\", \",\"list_type\":\"vertical\",\"show_image\":true,\"show_link\":true},\"children\":[{\"type\":\"list_item\",\"props\":{\"content\":\"Zu den Narzissengew\\u00e4chsen\",\"link\":\"narzissengewaechse\\\/\"}}]}]}]}]}],\"version\":\"4.4.16\",\"yooessentialsVersion\":\"2.2.29\"} --><\/p>\n","protected":false},"excerpt":{"rendered":"<p>27. November Die D\u00fcnen-Trichternarzisse ist auf Naxos hier und da an den gro\u00dfen Sandstr\u00e4nden im Westen der Insel anzutreffen; sie kommt auch auf den umliegenden kleineren Inseln vor. Die D\u00fcnen-Trichternarzisse bl\u00fcht erst im Sommer. Sie bildet gro\u00dfe Pflanzen mit langen, fleischigen Bl\u00e4ttern und zahlreichen, langgestielten, doldigen Bl\u00fctenst\u00e4nden, die je mehrere, gro\u00dfe, wei\u00dfe, duftende Bl\u00fcten tragen. [&hellip;]<\/p>\n","protected":false},"author":4,"featured_media":0,"comment_status":"closed","ping_status":"closed","sticky":false,"template":"","format":"standard","meta":{"footnotes":""},"categories":[2121],"tags":[],"class_list":["post-74908","post","type-post","status-publish","format-standard","hentry","category-bild-des-tages"],"_links":{"self":[{"href":"https:\/\/azalas.de\/en\/wp-json\/wp\/v2\/posts\/74908","targetHints":{"allow":["GET"]}}],"collection":[{"href":"https:\/\/azalas.de\/en\/wp-json\/wp\/v2\/posts"}],"about":[{"href":"https:\/\/azalas.de\/en\/wp-json\/wp\/v2\/types\/post"}],"author":[{"embeddable":true,"href":"https:\/\/azalas.de\/en\/wp-json\/wp\/v2\/users\/4"}],"replies":[{"embeddable":true,"href":"https:\/\/azalas.de\/en\/wp-json\/wp\/v2\/comments?post=74908"}],"version-history":[{"count":4,"href":"https:\/\/azalas.de\/en\/wp-json\/wp\/v2\/posts\/74908\/revisions"}],"predecessor-version":[{"id":74912,"href":"https:\/\/azalas.de\/en\/wp-json\/wp\/v2\/posts\/74908\/revisions\/74912"}],"wp:attachment":[{"href":"https:\/\/azalas.de\/en\/wp-json\/wp\/v2\/media?parent=74908"}],"wp:term":[{"taxonomy":"category","embeddable":true,"href":"https:\/\/azalas.de\/en\/wp-json\/wp\/v2\/categories?post=74908"},{"taxonomy":"post_tag","embeddable":true,"href":"https:\/\/azalas.de\/en\/wp-json\/wp\/v2\/tags?post=74908"}],"curies":[{"name":"wp","href":"https:\/\/api.w.org\/{rel}","templated":true}]}}