{"id":74671,"date":"2025-01-18T08:27:11","date_gmt":"2025-01-18T06:27:11","guid":{"rendered":"https:\/\/azalas.de\/de\/?p=74671"},"modified":"2025-01-18T08:27:11","modified_gmt":"2025-01-18T06:27:11","slug":"11-oktober","status":"publish","type":"post","link":"https:\/\/azalas.de\/en\/11-oktober\/","title":{"rendered":"11. Oktober"},"content":{"rendered":"<h1>11. Oktober<\/h1>\n<p><img decoding=\"async\" src=\"https:\/\/azalas.de\/wp-content\/uploads\/photos\/naxos\/flora\/ferns\/anogramma_leptophylla-1.jpg\" alt=\"\"><\/p>\n<div>Der D\u00fcnnbl\u00e4ttrige Nacktfarn w\u00e4chst auf Naxos an schattigen, nicht zu trockenen Stellen; er ist recht selten. Die unteren Fiederchen sind anders gestaltet als die oberen &#8211; sie sind im Umriss rundlich und liegen dem Boden an, w\u00e4hrend die oberen schlank in die H\u00f6he wachsen und sehr schmal sind. Auf der Unterseite der Fiederchen liegen die kleinen, runden, nicht von einem Schleier verh\u00fcllten Sporangien. Der D\u00fcnnbl\u00e4ttrige Nacktfarn kommt fast auf allen Kontinenten vor, ist dort jedoch  jeweils nur in einem beschr\u00e4nkten Verbreitungsgebiet anzutreffen.<\/div>\n<ul>\n<li>\n<p>        <img decoding=\"async\" src=\"https:\/\/azalas.de\/wp-content\/uploads\/photos\/naxos\/flora\/ferns\/anogramma_leptophylla_spores-1.jpg\" alt=\"\"><\/p>\n<\/li>\n<li>\n<p>        <img decoding=\"async\" src=\"https:\/\/azalas.de\/wp-content\/uploads\/photos\/naxos\/flora\/ferns\/anogramma_leptophylla-3.jpg\" alt=\"\"><\/p>\n<\/li>\n<\/ul>\n<div>\n<p><a href=\"\/farne\/\">Zu den Farnen<\/a><\/p>\n<\/div>\n<p><!--more--><br \/>\n<!-- {\"type\":\"layout\",\"children\":[{\"type\":\"section\",\"props\":{\"image_position\":\"center-center\",\"style\":\"default\",\"title_breakpoint\":\"xl\",\"title_position\":\"top-left\",\"title_rotation\":\"left\",\"vertical_align\":\"middle\",\"width\":\"default\"},\"children\":[{\"type\":\"row\",\"children\":[{\"type\":\"column\",\"props\":{\"image_position\":\"center-center\",\"position_sticky_breakpoint\":\"m\"},\"children\":[{\"type\":\"headline\",\"props\":{\"content\":\"11. Oktober\",\"text_align\":\"center\",\"title_element\":\"h1\"}}]}]}]},{\"type\":\"section\",\"props\":{\"image_position\":\"center-center\",\"style\":\"default\",\"title_breakpoint\":\"xl\",\"title_position\":\"top-left\",\"title_rotation\":\"left\",\"vertical_align\":\"middle\",\"width\":\"default\"},\"children\":[{\"type\":\"row\",\"children\":[{\"type\":\"column\",\"props\":{\"image_position\":\"center-center\",\"position_sticky_breakpoint\":\"m\"},\"children\":[{\"type\":\"image\",\"props\":{\"image\":\"https:\\\/\\\/azalas.de\\\/wp-content\\\/uploads\\\/photos\\\/naxos\\\/flora\\\/ferns\\\/anogramma_leptophylla-1.jpg\",\"image_loading\":true,\"image_svg_color\":\"emphasis\",\"margin\":\"default\"}}]}]},{\"type\":\"row\",\"children\":[{\"type\":\"column\",\"props\":{\"image_position\":\"center-center\",\"position_sticky_breakpoint\":\"m\"},\"children\":[{\"type\":\"text\",\"props\":{\"column_breakpoint\":\"m\",\"content\":\"Der D\\u00fcnnbl\\u00e4ttrige Nacktfarn w\\u00e4chst auf Naxos an schattigen, nicht zu trockenen Stellen; er ist recht selten. Die unteren Fiederchen sind anders gestaltet als die oberen - sie sind im Umriss rundlich und liegen dem Boden an, w\\u00e4hrend die oberen schlank in die H\\u00f6he wachsen und sehr schmal sind. Auf der Unterseite der Fiederchen liegen die kleinen, runden, nicht von einem Schleier verh\\u00fcllten Sporangien. Der D\\u00fcnnbl\\u00e4ttrige Nacktfarn kommt fast auf allen Kontinenten vor, ist dort jedoch  jeweils nur in einem beschr\\u00e4nkten Verbreitungsgebiet anzutreffen.\",\"margin\":\"default\"}}]}]}]},{\"type\":\"section\",\"props\":{\"image_position\":\"center-center\",\"padding_remove_top\":true,\"style\":\"default\",\"title_breakpoint\":\"xl\",\"title_position\":\"top-left\",\"title_rotation\":\"left\",\"vertical_align\":\"middle\",\"width\":\"default\"},\"children\":[{\"type\":\"row\",\"children\":[{\"type\":\"column\",\"props\":{\"image_position\":\"center-center\",\"position_sticky_breakpoint\":\"m\"},\"children\":[{\"type\":\"gallery\",\"props\":{\"filter_align\":\"left\",\"filter_all\":true,\"filter_grid_breakpoint\":\"m\",\"filter_grid_width\":\"auto\",\"filter_position\":\"top\",\"filter_style\":\"tab\",\"grid_default\":\"1\",\"grid_medium\":\"2\",\"grid_small\":\"2\",\"item_animation\":true,\"link_style\":\"default\",\"link_text\":\"Read more\",\"margin\":\"default\",\"meta_align\":\"below-title\",\"meta_element\":\"div\",\"meta_style\":\"text-meta\",\"overlay_hover\":false,\"overlay_mode\":\"caption\",\"overlay_position\":\"center\",\"overlay_style\":\"overlay-primary\",\"overlay_transition\":\"fade\",\"show_content\":true,\"show_hover_image\":false,\"show_hover_video\":false,\"show_link\":false,\"show_meta\":false,\"show_title\":false,\"text_align\":\"center\",\"text_color\":\"light\",\"title_element\":\"h3\",\"title_hover_style\":\"reset\"},\"children\":[{\"type\":\"gallery_item\",\"props\":{\"image\":\"https:\\\/\\\/azalas.de\\\/wp-content\\\/uploads\\\/photos\\\/naxos\\\/flora\\\/ferns\\\/anogramma_leptophylla_spores-1.jpg\"}},{\"type\":\"gallery_item\",\"props\":{\"image\":\"https:\\\/\\\/azalas.de\\\/wp-content\\\/uploads\\\/photos\\\/naxos\\\/flora\\\/ferns\\\/anogramma_leptophylla-3.jpg\"}}]}]}]}]},{\"type\":\"section\",\"props\":{\"image_position\":\"center-center\",\"style\":\"default\",\"title_breakpoint\":\"xl\",\"title_position\":\"top-left\",\"title_rotation\":\"left\",\"vertical_align\":\"middle\",\"width\":\"default\"},\"children\":[{\"type\":\"row\",\"children\":[{\"type\":\"column\",\"props\":{\"image_position\":\"center-center\",\"position_sticky_breakpoint\":\"m\"},\"children\":[{\"type\":\"list\",\"props\":{\"column_breakpoint\":\"m\",\"image_align\":\"left\",\"image_svg_color\":\"emphasis\",\"image_vertical_align\":true,\"list_element\":\"ul\",\"list_horizontal_separator\":\", \",\"list_type\":\"vertical\",\"show_image\":true,\"show_link\":true},\"children\":[{\"type\":\"list_item\",\"props\":{\"content\":\"Zu den Farnen\",\"link\":\"farne\\\/\"}}]}]}]}]}],\"version\":\"4.4.16\",\"yooessentialsVersion\":\"2.2.29\"} --><\/p>\n","protected":false},"excerpt":{"rendered":"<p>11. Oktober Der D\u00fcnnbl\u00e4ttrige Nacktfarn w\u00e4chst auf Naxos an schattigen, nicht zu trockenen Stellen; er ist recht selten. Die unteren Fiederchen sind anders gestaltet als die oberen &#8211; sie sind im Umriss rundlich und liegen dem Boden an, w\u00e4hrend die oberen schlank in die H\u00f6he wachsen und sehr schmal sind. Auf der Unterseite der Fiederchen [&hellip;]<\/p>\n","protected":false},"author":4,"featured_media":0,"comment_status":"closed","ping_status":"closed","sticky":false,"template":"","format":"standard","meta":{"footnotes":""},"categories":[2121],"tags":[],"class_list":["post-74671","post","type-post","status-publish","format-standard","hentry","category-bild-des-tages"],"_links":{"self":[{"href":"https:\/\/azalas.de\/en\/wp-json\/wp\/v2\/posts\/74671","targetHints":{"allow":["GET"]}}],"collection":[{"href":"https:\/\/azalas.de\/en\/wp-json\/wp\/v2\/posts"}],"about":[{"href":"https:\/\/azalas.de\/en\/wp-json\/wp\/v2\/types\/post"}],"author":[{"embeddable":true,"href":"https:\/\/azalas.de\/en\/wp-json\/wp\/v2\/users\/4"}],"replies":[{"embeddable":true,"href":"https:\/\/azalas.de\/en\/wp-json\/wp\/v2\/comments?post=74671"}],"version-history":[{"count":4,"href":"https:\/\/azalas.de\/en\/wp-json\/wp\/v2\/posts\/74671\/revisions"}],"predecessor-version":[{"id":74675,"href":"https:\/\/azalas.de\/en\/wp-json\/wp\/v2\/posts\/74671\/revisions\/74675"}],"wp:attachment":[{"href":"https:\/\/azalas.de\/en\/wp-json\/wp\/v2\/media?parent=74671"}],"wp:term":[{"taxonomy":"category","embeddable":true,"href":"https:\/\/azalas.de\/en\/wp-json\/wp\/v2\/categories?post=74671"},{"taxonomy":"post_tag","embeddable":true,"href":"https:\/\/azalas.de\/en\/wp-json\/wp\/v2\/tags?post=74671"}],"curies":[{"name":"wp","href":"https:\/\/api.w.org\/{rel}","templated":true}]}}