{"id":74601,"date":"2025-01-15T16:22:28","date_gmt":"2025-01-15T14:22:28","guid":{"rendered":"https:\/\/azalas.de\/de\/?p=74601"},"modified":"2025-01-15T16:22:28","modified_gmt":"2025-01-15T14:22:28","slug":"27-september","status":"publish","type":"post","link":"https:\/\/azalas.de\/en\/27-september\/","title":{"rendered":"27. September"},"content":{"rendered":"<h1>27. September<\/h1>\n<p><img decoding=\"async\" src=\"https:\/\/azalas.de\/wp-content\/uploads\/photos\/naxos\/flora\/euphorbiaceae\/euphorbia_dendroides_habitat-1.jpg\" alt=\"\"><\/p>\n<div>Die beeindruckende Baum-Euphorbie kommt in der Gegend von Ap\u00f3llonas und Li\u00f3nas auf trockenen Marmor-H\u00e4ngen vor; auch bei Moutso\u00fana und Azal\u00e1s sind einige Exemplare zu finden. Die Baum-Euphorbie treibt im Winter aus. Die bis zu 2 Meter hohen, oft weit ausgebreiteten B\u00e4umchen besitzen wirtelig stehende, lanzettliche Bl\u00e4tter. Im Fr\u00fchjahr bl\u00fcht die Baum-Euphorbie; die Pflanzen nehmen dann  ein leuchtendes Gelbgr\u00fcn an. Die in zusammengesetzten Scheinbl\u00fctenst\u00e4nden stehenden Cyathien besitzen gelbgr\u00fcne Brakteen (Hochbl\u00e4tter) und gelbe Nektardr\u00fcsen; die Fr\u00fcchte sind wie immer dreiteilige Kapselfr\u00fcchte. Im Fr\u00fchsommer f\u00e4rben sich die Baum-Euphorbien in sch\u00f6nen Gelb-, Rot- und Braunt\u00f6nen. Den Sommer \u00fcberdauert die leicht sukkulente Art in blattlosem Zustand: Sie legt eine besonders ausgepr\u00e4gte Trockenpause ein, wodurch sie gut an trockene, hei\u00dfe Standorte angepasst ist. <\/div>\n<ul>\n<li>\n<p>        <img decoding=\"async\" src=\"https:\/\/azalas.de\/wp-content\/uploads\/photos\/naxos\/flora\/euphorbiaceae\/euphorbia_dendroides_spring-1.jpg\" alt=\"\"><\/p>\n<\/li>\n<li>\n<p>        <img decoding=\"async\" src=\"https:\/\/azalas.de\/wp-content\/uploads\/photos\/naxos\/flora\/euphorbiaceae\/euphorbia_dendroides_summer-1.jpg\" alt=\"\"><\/p>\n<\/li>\n<\/ul>\n<div>\n<p><a href=\"\/wolfsmilchgewaechse\/\">Zu den Wolfsmilchgew\u00e4chsen<\/a><\/p>\n<\/div>\n<p><!--more--><br \/>\n<!-- {\"type\":\"layout\",\"children\":[{\"type\":\"section\",\"props\":{\"image_position\":\"center-center\",\"style\":\"default\",\"title_breakpoint\":\"xl\",\"title_position\":\"top-left\",\"title_rotation\":\"left\",\"vertical_align\":\"middle\",\"width\":\"default\"},\"children\":[{\"type\":\"row\",\"children\":[{\"type\":\"column\",\"props\":{\"image_position\":\"center-center\",\"position_sticky_breakpoint\":\"m\"},\"children\":[{\"type\":\"headline\",\"props\":{\"content\":\"27. September\",\"text_align\":\"center\",\"title_element\":\"h1\"}}]}]}]},{\"type\":\"section\",\"props\":{\"image_position\":\"center-center\",\"style\":\"default\",\"title_breakpoint\":\"xl\",\"title_position\":\"top-left\",\"title_rotation\":\"left\",\"vertical_align\":\"middle\",\"width\":\"default\"},\"children\":[{\"type\":\"row\",\"children\":[{\"type\":\"column\",\"props\":{\"image_position\":\"center-center\",\"position_sticky_breakpoint\":\"m\"},\"children\":[{\"type\":\"image\",\"props\":{\"image\":\"https:\\\/\\\/azalas.de\\\/wp-content\\\/uploads\\\/photos\\\/naxos\\\/flora\\\/euphorbiaceae\\\/euphorbia_dendroides_habitat-1.jpg\",\"image_loading\":true,\"image_svg_color\":\"emphasis\",\"margin\":\"default\"}}]}]},{\"type\":\"row\",\"children\":[{\"type\":\"column\",\"props\":{\"image_position\":\"center-center\",\"position_sticky_breakpoint\":\"m\"},\"children\":[{\"type\":\"text\",\"props\":{\"column_breakpoint\":\"m\",\"content\":\"Die beeindruckende Baum-Euphorbie kommt in der Gegend von Ap\\u00f3llonas und Li\\u00f3nas auf trockenen Marmor-H\\u00e4ngen vor; auch bei Moutso\\u00fana und Azal\\u00e1s sind einige Exemplare zu finden. Die Baum-Euphorbie treibt im Winter aus. Die bis zu 2 Meter hohen, oft weit ausgebreiteten B\\u00e4umchen besitzen wirtelig stehende, lanzettliche Bl\\u00e4tter. Im Fr\\u00fchjahr bl\\u00fcht die Baum-Euphorbie; die Pflanzen nehmen dann  ein leuchtendes Gelbgr\\u00fcn an. Die in zusammengesetzten Scheinbl\\u00fctenst\\u00e4nden stehenden Cyathien besitzen gelbgr\\u00fcne Brakteen (Hochbl\\u00e4tter) und gelbe Nektardr\\u00fcsen; die Fr\\u00fcchte sind wie immer dreiteilige Kapselfr\\u00fcchte. Im Fr\\u00fchsommer f\\u00e4rben sich die Baum-Euphorbien in sch\\u00f6nen Gelb-, Rot- und Braunt\\u00f6nen. Den Sommer \\u00fcberdauert die leicht sukkulente Art in blattlosem Zustand: Sie legt eine besonders ausgepr\\u00e4gte Trockenpause ein, wodurch sie gut an trockene, hei\\u00dfe Standorte angepasst ist. \",\"margin\":\"default\"}}]}]}]},{\"type\":\"section\",\"props\":{\"image_position\":\"center-center\",\"padding_remove_top\":true,\"style\":\"default\",\"title_breakpoint\":\"xl\",\"title_position\":\"top-left\",\"title_rotation\":\"left\",\"vertical_align\":\"middle\",\"width\":\"default\"},\"children\":[{\"type\":\"row\",\"children\":[{\"type\":\"column\",\"props\":{\"image_position\":\"center-center\",\"position_sticky_breakpoint\":\"m\"},\"children\":[{\"type\":\"gallery\",\"props\":{\"filter_align\":\"left\",\"filter_all\":true,\"filter_grid_breakpoint\":\"m\",\"filter_grid_width\":\"auto\",\"filter_position\":\"top\",\"filter_style\":\"tab\",\"grid_default\":\"1\",\"grid_medium\":\"2\",\"grid_small\":\"2\",\"item_animation\":true,\"link_style\":\"default\",\"link_text\":\"Read more\",\"margin\":\"default\",\"meta_align\":\"below-title\",\"meta_element\":\"div\",\"meta_style\":\"text-meta\",\"overlay_hover\":false,\"overlay_mode\":\"caption\",\"overlay_position\":\"center\",\"overlay_style\":\"overlay-primary\",\"overlay_transition\":\"fade\",\"show_content\":true,\"show_hover_image\":false,\"show_hover_video\":false,\"show_link\":false,\"show_meta\":false,\"show_title\":false,\"text_align\":\"center\",\"text_color\":\"light\",\"title_element\":\"h3\",\"title_hover_style\":\"reset\"},\"children\":[{\"type\":\"gallery_item\",\"props\":{\"image\":\"https:\\\/\\\/azalas.de\\\/wp-content\\\/uploads\\\/photos\\\/naxos\\\/flora\\\/euphorbiaceae\\\/euphorbia_dendroides_spring-1.jpg\"}},{\"type\":\"gallery_item\",\"props\":{\"image\":\"https:\\\/\\\/azalas.de\\\/wp-content\\\/uploads\\\/photos\\\/naxos\\\/flora\\\/euphorbiaceae\\\/euphorbia_dendroides_summer-1.jpg\"}}]}]}]}]},{\"type\":\"section\",\"props\":{\"image_position\":\"center-center\",\"style\":\"default\",\"title_breakpoint\":\"xl\",\"title_position\":\"top-left\",\"title_rotation\":\"left\",\"vertical_align\":\"middle\",\"width\":\"default\"},\"children\":[{\"type\":\"row\",\"children\":[{\"type\":\"column\",\"props\":{\"image_position\":\"center-center\",\"position_sticky_breakpoint\":\"m\"},\"children\":[{\"type\":\"list\",\"props\":{\"column_breakpoint\":\"m\",\"image_align\":\"left\",\"image_svg_color\":\"emphasis\",\"image_vertical_align\":true,\"list_element\":\"ul\",\"list_horizontal_separator\":\", \",\"list_type\":\"vertical\",\"show_image\":true,\"show_link\":true},\"children\":[{\"type\":\"list_item\",\"props\":{\"content\":\"Zu den Wolfsmilchgew\\u00e4chsen\",\"link\":\"wolfsmilchgewaechse\\\/\"}}]}]}]}]}],\"version\":\"4.4.16\",\"yooessentialsVersion\":\"2.2.29\"} --><\/p>\n","protected":false},"excerpt":{"rendered":"<p>27. September Die beeindruckende Baum-Euphorbie kommt in der Gegend von Ap\u00f3llonas und Li\u00f3nas auf trockenen Marmor-H\u00e4ngen vor; auch bei Moutso\u00fana und Azal\u00e1s sind einige Exemplare zu finden. Die Baum-Euphorbie treibt im Winter aus. Die bis zu 2 Meter hohen, oft weit ausgebreiteten B\u00e4umchen besitzen wirtelig stehende, lanzettliche Bl\u00e4tter. Im Fr\u00fchjahr bl\u00fcht die Baum-Euphorbie; die Pflanzen [&hellip;]<\/p>\n","protected":false},"author":4,"featured_media":0,"comment_status":"closed","ping_status":"closed","sticky":false,"template":"","format":"standard","meta":{"footnotes":""},"categories":[2121],"tags":[],"class_list":["post-74601","post","type-post","status-publish","format-standard","hentry","category-bild-des-tages"],"_links":{"self":[{"href":"https:\/\/azalas.de\/en\/wp-json\/wp\/v2\/posts\/74601","targetHints":{"allow":["GET"]}}],"collection":[{"href":"https:\/\/azalas.de\/en\/wp-json\/wp\/v2\/posts"}],"about":[{"href":"https:\/\/azalas.de\/en\/wp-json\/wp\/v2\/types\/post"}],"author":[{"embeddable":true,"href":"https:\/\/azalas.de\/en\/wp-json\/wp\/v2\/users\/4"}],"replies":[{"embeddable":true,"href":"https:\/\/azalas.de\/en\/wp-json\/wp\/v2\/comments?post=74601"}],"version-history":[{"count":4,"href":"https:\/\/azalas.de\/en\/wp-json\/wp\/v2\/posts\/74601\/revisions"}],"predecessor-version":[{"id":74605,"href":"https:\/\/azalas.de\/en\/wp-json\/wp\/v2\/posts\/74601\/revisions\/74605"}],"wp:attachment":[{"href":"https:\/\/azalas.de\/en\/wp-json\/wp\/v2\/media?parent=74601"}],"wp:term":[{"taxonomy":"category","embeddable":true,"href":"https:\/\/azalas.de\/en\/wp-json\/wp\/v2\/categories?post=74601"},{"taxonomy":"post_tag","embeddable":true,"href":"https:\/\/azalas.de\/en\/wp-json\/wp\/v2\/tags?post=74601"}],"curies":[{"name":"wp","href":"https:\/\/api.w.org\/{rel}","templated":true}]}}