{"id":73986,"date":"2025-01-18T08:29:28","date_gmt":"2025-01-18T06:29:28","guid":{"rendered":"https:\/\/azalas.de\/de\/?p=73986"},"modified":"2025-01-18T08:29:28","modified_gmt":"2025-01-18T06:29:28","slug":"13-juni","status":"publish","type":"post","link":"https:\/\/azalas.de\/en\/13-juni\/","title":{"rendered":"13. Juni"},"content":{"rendered":"<h1>13. Juni<\/h1>\n<p><img decoding=\"async\" src=\"https:\/\/azalas.de\/wp-content\/uploads\/photos\/naxos\/flora\/crassulaceae\/sedum_litoreum_flower-1.jpg\" alt=\"\"><\/p>\n<div>Der Strand-Mauerpfeffer ist auf Naxos sehr h\u00e4ufig, sowohl an der K\u00fcste als auch in den Bergen. Er w\u00e4chst an sehr unterschiedlichen Standorten: an steinigen Str\u00e4nden, in Felsritzen, in der Phrygana, auf Schieferfelsen unter B\u00e4umen in Bergw\u00e4ldern. Die Pflanze bleibt sehr niedrig, w\u00e4chst aber oft in dichten, teppichartigen Best\u00e4nden. Sie bildet kurze, eif\u00f6rmige Bl\u00e4ttchen aus, die anfangs zart und gr\u00fcn sind und sp\u00e4ter dick und fleischig werden und eine r\u00f6tliche F\u00e4rbung annehmen. Die f\u00fcnfz\u00e4hligen Bl\u00fcten sind gelb mit sehr kurzen, abgerundeten Kelchbl\u00e4ttern und langen, zugespitzten Kronbl\u00e4ttern. Die Staubbl\u00e4tter sollten der Literatur zufolge f\u00fcnf an der Zahl sein, sind bei uns aber meistens zehn. Im Sommer vertrocknen die Pfl\u00e4nzchen. Die roten Balgfr\u00fcchte stehen sternf\u00f6rmig gespreizt. Die Mauerpfeffer-Arten sind sogenannte CAM-Pflanzen, die ihre Spalt\u00f6ffnungen, um Wasserverluste durch Verdunstung zu vermeiden, nur nachts \u00f6ffnen und das aufgenommene CO<sub>2<\/sub> f\u00fcr die tags\u00fcber betriebene Photosynthese als \u00c4pfels\u00e4ure in den Zellen speichern.<\/div>\n<ul>\n<li>\n<p>        <img decoding=\"async\" src=\"https:\/\/azalas.de\/wp-content\/uploads\/photos\/naxos\/flora\/crassulaceae\/sedum_litoreum_fruit-1.jpg\" alt=\"\"><\/p>\n<\/li>\n<li>\n<p>        <img decoding=\"async\" src=\"https:\/\/azalas.de\/wp-content\/uploads\/photos\/naxos\/flora\/crassulaceae\/sedum_litoreum-1.jpg\" alt=\"\"><\/p>\n<\/li>\n<\/ul>\n<div>\n<p><a href=\"\/dickblattgewaechse\/\">Zu den Dickblattgew\u00e4chsen<\/a><\/p>\n<\/div>\n<p><!--more--><br \/>\n<!-- {\"type\":\"layout\",\"children\":[{\"type\":\"section\",\"props\":{\"image_position\":\"center-center\",\"style\":\"default\",\"title_breakpoint\":\"xl\",\"title_position\":\"top-left\",\"title_rotation\":\"left\",\"vertical_align\":\"middle\",\"width\":\"default\"},\"children\":[{\"type\":\"row\",\"children\":[{\"type\":\"column\",\"props\":{\"image_position\":\"center-center\",\"position_sticky_breakpoint\":\"m\"},\"children\":[{\"type\":\"headline\",\"props\":{\"content\":\"13. Juni\",\"text_align\":\"center\",\"title_element\":\"h1\"}}]}]}]},{\"type\":\"section\",\"props\":{\"image_position\":\"center-center\",\"style\":\"default\",\"title_breakpoint\":\"xl\",\"title_position\":\"top-left\",\"title_rotation\":\"left\",\"vertical_align\":\"middle\",\"width\":\"default\"},\"children\":[{\"type\":\"row\",\"children\":[{\"type\":\"column\",\"props\":{\"image_position\":\"center-center\",\"position_sticky_breakpoint\":\"m\"},\"children\":[{\"type\":\"image\",\"props\":{\"image\":\"https:\\\/\\\/azalas.de\\\/wp-content\\\/uploads\\\/photos\\\/naxos\\\/flora\\\/crassulaceae\\\/sedum_litoreum_flower-1.jpg\",\"image_loading\":true,\"image_svg_color\":\"emphasis\",\"margin\":\"default\"}}]}]},{\"type\":\"row\",\"children\":[{\"type\":\"column\",\"props\":{\"image_position\":\"center-center\",\"position_sticky_breakpoint\":\"m\"},\"children\":[{\"type\":\"text\",\"props\":{\"column_breakpoint\":\"m\",\"content\":\"Der Strand-Mauerpfeffer ist auf Naxos sehr h\\u00e4ufig, sowohl an der K\\u00fcste als auch in den Bergen. Er w\\u00e4chst an sehr unterschiedlichen Standorten: an steinigen Str\\u00e4nden, in Felsritzen, in der Phrygana, auf Schieferfelsen unter B\\u00e4umen in Bergw\\u00e4ldern. Die Pflanze bleibt sehr niedrig, w\\u00e4chst aber oft in dichten, teppichartigen Best\\u00e4nden. Sie bildet kurze, eif\\u00f6rmige Bl\\u00e4ttchen aus, die anfangs zart und gr\\u00fcn sind und sp\\u00e4ter dick und fleischig werden und eine r\\u00f6tliche F\\u00e4rbung annehmen. Die f\\u00fcnfz\\u00e4hligen Bl\\u00fcten sind gelb mit sehr kurzen, abgerundeten Kelchbl\\u00e4ttern und langen, zugespitzten Kronbl\\u00e4ttern. Die Staubbl\\u00e4tter sollten der Literatur zufolge f\\u00fcnf an der Zahl sein, sind bei uns aber meistens zehn. Im Sommer vertrocknen die Pfl\\u00e4nzchen. Die roten Balgfr\\u00fcchte stehen sternf\\u00f6rmig gespreizt. Die Mauerpfeffer-Arten sind sogenannte CAM-Pflanzen, die ihre Spalt\\u00f6ffnungen, um Wasserverluste durch Verdunstung zu vermeiden, nur nachts \\u00f6ffnen und das aufgenommene CO<sub>2<\\\/sub> f\\u00fcr die tags\\u00fcber betriebene Photosynthese als \\u00c4pfels\\u00e4ure in den Zellen speichern.\",\"margin\":\"default\"}}]}]}]},{\"type\":\"section\",\"props\":{\"image_position\":\"center-center\",\"padding_remove_top\":true,\"style\":\"default\",\"title_breakpoint\":\"xl\",\"title_position\":\"top-left\",\"title_rotation\":\"left\",\"vertical_align\":\"middle\",\"width\":\"default\"},\"children\":[{\"type\":\"row\",\"children\":[{\"type\":\"column\",\"props\":{\"image_position\":\"center-center\",\"position_sticky_breakpoint\":\"m\"},\"children\":[{\"type\":\"gallery\",\"props\":{\"filter_align\":\"left\",\"filter_all\":true,\"filter_grid_breakpoint\":\"m\",\"filter_grid_width\":\"auto\",\"filter_position\":\"top\",\"filter_style\":\"tab\",\"grid_default\":\"1\",\"grid_medium\":\"2\",\"grid_small\":\"2\",\"item_animation\":true,\"link_style\":\"default\",\"link_text\":\"Read more\",\"margin\":\"default\",\"meta_align\":\"below-title\",\"meta_element\":\"div\",\"meta_style\":\"text-meta\",\"overlay_hover\":false,\"overlay_mode\":\"caption\",\"overlay_position\":\"center\",\"overlay_style\":\"overlay-primary\",\"overlay_transition\":\"fade\",\"show_content\":true,\"show_hover_image\":false,\"show_hover_video\":false,\"show_link\":false,\"show_meta\":false,\"show_title\":false,\"text_align\":\"center\",\"text_color\":\"light\",\"title_element\":\"h3\",\"title_hover_style\":\"reset\"},\"children\":[{\"type\":\"gallery_item\",\"props\":{\"image\":\"https:\\\/\\\/azalas.de\\\/wp-content\\\/uploads\\\/photos\\\/naxos\\\/flora\\\/crassulaceae\\\/sedum_litoreum_fruit-1.jpg\"}},{\"type\":\"gallery_item\",\"props\":{\"image\":\"https:\\\/\\\/azalas.de\\\/wp-content\\\/uploads\\\/photos\\\/naxos\\\/flora\\\/crassulaceae\\\/sedum_litoreum-1.jpg\"}}]}]}]}]},{\"type\":\"section\",\"props\":{\"image_position\":\"center-center\",\"style\":\"default\",\"title_breakpoint\":\"xl\",\"title_position\":\"top-left\",\"title_rotation\":\"left\",\"vertical_align\":\"middle\",\"width\":\"default\"},\"children\":[{\"type\":\"row\",\"children\":[{\"type\":\"column\",\"props\":{\"image_position\":\"center-center\",\"position_sticky_breakpoint\":\"m\"},\"children\":[{\"type\":\"list\",\"props\":{\"column_breakpoint\":\"m\",\"image_align\":\"left\",\"image_svg_color\":\"emphasis\",\"image_vertical_align\":true,\"list_element\":\"ul\",\"list_horizontal_separator\":\", \",\"list_type\":\"vertical\",\"show_image\":true,\"show_link\":true},\"children\":[{\"type\":\"list_item\",\"props\":{\"content\":\"Zu den Dickblattgew\\u00e4chsen\",\"link\":\"dickblattgewaechse\\\/\"}}]}]}]}]}],\"version\":\"4.4.16\",\"yooessentialsVersion\":\"2.2.29\"} --><\/p>\n","protected":false},"excerpt":{"rendered":"<p>13. Juni Der Strand-Mauerpfeffer ist auf Naxos sehr h\u00e4ufig, sowohl an der K\u00fcste als auch in den Bergen. Er w\u00e4chst an sehr unterschiedlichen Standorten: an steinigen Str\u00e4nden, in Felsritzen, in der Phrygana, auf Schieferfelsen unter B\u00e4umen in Bergw\u00e4ldern. Die Pflanze bleibt sehr niedrig, w\u00e4chst aber oft in dichten, teppichartigen Best\u00e4nden. Sie bildet kurze, eif\u00f6rmige Bl\u00e4ttchen [&hellip;]<\/p>\n","protected":false},"author":4,"featured_media":0,"comment_status":"closed","ping_status":"closed","sticky":false,"template":"","format":"standard","meta":{"footnotes":""},"categories":[2121],"tags":[],"class_list":["post-73986","post","type-post","status-publish","format-standard","hentry","category-bild-des-tages"],"_links":{"self":[{"href":"https:\/\/azalas.de\/en\/wp-json\/wp\/v2\/posts\/73986","targetHints":{"allow":["GET"]}}],"collection":[{"href":"https:\/\/azalas.de\/en\/wp-json\/wp\/v2\/posts"}],"about":[{"href":"https:\/\/azalas.de\/en\/wp-json\/wp\/v2\/types\/post"}],"author":[{"embeddable":true,"href":"https:\/\/azalas.de\/en\/wp-json\/wp\/v2\/users\/4"}],"replies":[{"embeddable":true,"href":"https:\/\/azalas.de\/en\/wp-json\/wp\/v2\/comments?post=73986"}],"version-history":[{"count":6,"href":"https:\/\/azalas.de\/en\/wp-json\/wp\/v2\/posts\/73986\/revisions"}],"predecessor-version":[{"id":73992,"href":"https:\/\/azalas.de\/en\/wp-json\/wp\/v2\/posts\/73986\/revisions\/73992"}],"wp:attachment":[{"href":"https:\/\/azalas.de\/en\/wp-json\/wp\/v2\/media?parent=73986"}],"wp:term":[{"taxonomy":"category","embeddable":true,"href":"https:\/\/azalas.de\/en\/wp-json\/wp\/v2\/categories?post=73986"},{"taxonomy":"post_tag","embeddable":true,"href":"https:\/\/azalas.de\/en\/wp-json\/wp\/v2\/tags?post=73986"}],"curies":[{"name":"wp","href":"https:\/\/api.w.org\/{rel}","templated":true}]}}