{"id":72573,"date":"2024-12-16T13:11:39","date_gmt":"2024-12-16T11:11:39","guid":{"rendered":"https:\/\/azalas.de\/de\/?p=72573"},"modified":"2024-12-25T18:51:31","modified_gmt":"2024-12-25T16:51:31","slug":"jubilaeum","status":"publish","type":"post","link":"https:\/\/azalas.de\/en\/jubilaeum\/","title":{"rendered":"25th Anniversary 2025"},"content":{"rendered":"<h1>\u2740 25j\u00e4hriges Jubil\u00e4um 2025 \u2740<\/h1>\n<p><img decoding=\"async\" src=\"\/wp-content\/uploads\/bilder\/design\/logo-transparent.png\" alt=\"\"><\/p>\n<div>\n<p>Wie die Zeit vergeht! Das Jahr 2025 ist das 25j\u00e4hrige Jubil\u00e4um unserer Ferienh\u00e4user: Im Jahr 2000 wohnten die ersten G\u00e4ste in den H\u00e4usern. Eine ganze Generation an Kindern ist in der Zwischenzeit gro\u00df geworden! Was hat sich alles in der Zeit getan, wie hat sich unser Ort und unser Leben ver\u00e4ndert!<\/p>\n<\/div>\n<ul>\n<li>\n<p><img decoding=\"async\" src=\"\/wp-content\/uploads\/photos\/azalas\/cottages\/upper_row-3.jpg\" alt=\"\"><\/p>\n<\/li>\n<li>\n<p><img decoding=\"async\" src=\"\/wp-content\/uploads\/photos\/azalas\/cottages\/veranda-grapes.jpg\" alt=\"\"><\/p>\n<\/li>\n<li>\n<p><img decoding=\"async\" src=\"\/wp-content\/uploads\/photos\/azalas\/cottages\/upper_row-1.jpg\" alt=\"\"><\/p>\n<\/li>\n<\/ul>\n<div>Um die schon lang vergangene Zeit und unsere M\u00fchen beim Bau der Ferienh\u00e4user zu w\u00fcrdigen, habe ich eine Fotogalerie mit Bildern vom Bau der H\u00e4user zusammengestellt &#8211; so k\u00f6nnen auch die, die nicht dabei waren, einen kleinen Eindruck vom Entstehen der Ferienh\u00e4user bekommen.<\/div>\n<ul>\n<li>\n<p><img decoding=\"async\" src=\"\/wp-content\/uploads\/2024\/12\/P1270501-1_1500.jpg\" alt=\"\"><\/p>\n<\/li>\n<li>\n<p><img decoding=\"async\" src=\"\/wp-content\/uploads\/2024\/12\/P1270468-1_1500.jpg\" alt=\"\"><\/p>\n<\/li>\n<li>\n<p><img decoding=\"async\" src=\"\/wp-content\/uploads\/2024\/12\/P1270467-1_1500.jpg\" alt=\"\"><\/p>\n<\/li>\n<\/ul>\n<div>\n<p><a href=\"\/fotogalerie-ferienhaeuser-bau\/\">Hier geht es zur vollst\u00e4ndigen Fotogalerie<\/a><\/p>\n<\/div>\n<h3>Unser Jubil\u00e4ums-Geschenk<\/h3>\n<div>\n<p><strong>Zur Feier des Jubil\u00e4ums bieten wir allen G\u00e4sten, die im Jahr 2025 bei uns wohnen und eine Woche oder l\u00e4nger bleiben, ein freies Bonus-Event ihrer Wahl an:<\/strong><\/p>\n<ul>\n<li>eine von mir gef\u00fchrte Wanderung (vorzugsweise auf einem der offiziellen Wanderwege)<\/li>\n<li>einen gemeinsamen Ausflug zu einer der Sehensw\u00fcrdigkeiten der Insel<\/li>\n<li>einen Vortrag von etwa einer Stunde Dauer zu einem Thema ihrer Wahl zur Geschichte, Kultur oder Natur der Insel Naxos<\/li>\n<\/ul>\n<\/div>\n<ul>\n<li>\n<p><img decoding=\"async\" src=\"\/wp-content\/uploads\/photos\/azalas\/hiking\/zeus-1.jpg\" alt=\"\"><\/p>\n<\/li>\n<li>\n<p><img decoding=\"async\" src=\"\/wp-content\/uploads\/photos\/azalas\/hiking\/tour_astrid-1.jpg\" alt=\"\"><\/p>\n<\/li>\n<li>\n<p><img decoding=\"async\" src=\"\/wp-content\/uploads\/photos\/azalas\/hiking\/bird_watching-1.jpg\" alt=\"\"><\/p>\n<\/li>\n<\/ul>\n<div>Wir freuen uns auf unsere G\u00e4ste auch in diesem Jahr und w\u00fcnschen Euch, uns, der Insel Naxos und der ganzen Welt &#8211; ohne Ausnahme &#8211; ein gl\u00fcckliches, friedliches und erfolgreiches Jahr 2025!<\/div>\n<hr>\n<div><a href=\"http:\/\/azalas.de\/ferienhaeuser-azalas\/\">Zu den Ferienh\u00e4usern Azalas<\/a><\/p>\n<p><a href=\"http:\/\/azalas.de\/belegungsplan-und-buchung\/\">Zum Belegungsplan und Buchungsformular<\/p>\n<p><a href=\"http:\/\/azalas.de\/fotogalerie-ferienhaeuser-bau\/\">Zur Fotogalerie vom Bau der Ferienh\u00e4user 1996 &#8211; 2000<\/a><\/div>\n<hr>\n<p><!--more--><br \/>\n<!-- {\"type\":\"layout\",\"children\":[{\"type\":\"section\",\"props\":{\"image_position\":\"center-center\",\"style\":\"default\",\"title_breakpoint\":\"xl\",\"title_position\":\"top-left\",\"title_rotation\":\"left\",\"vertical_align\":\"middle\",\"width\":\"default\"},\"children\":[{\"type\":\"row\",\"children\":[{\"type\":\"column\",\"props\":{\"image_position\":\"center-center\",\"position_sticky_breakpoint\":\"m\"},\"children\":[{\"type\":\"headline\",\"props\":{\"animation\":\"scale-up\",\"content\":\"\\u2740 25j\\u00e4hriges Jubil\\u00e4um 2025 \\u2740\",\"content_el\":\"\\u2740 25\\u03b7 \\u03b5\\u03c0\\u03ad\\u03c4\\u03b5\\u03b9\\u03bf\\u03c2 2025 \\u2740\",\"content_en_gb\":\"\\u2740 25th anniversary in 2025 \\u2740\",\"margin\":\"large\",\"text_align\":\"center\",\"title_element\":\"h1\"}}]}]}]},{\"type\":\"section\",\"props\":{\"image_position\":\"center-center\",\"style\":\"default\",\"title_breakpoint\":\"xl\",\"title_position\":\"top-left\",\"title_rotation\":\"left\",\"vertical_align\":\"middle\",\"width\":\"default\"},\"children\":[{\"type\":\"row\",\"children\":[{\"type\":\"column\",\"props\":{\"image_position\":\"center-center\",\"position_sticky_breakpoint\":\"m\"},\"children\":[{\"type\":\"image\",\"props\":{\"block_align\":\"center\",\"image\":\"wp-content\\\/uploads\\\/bilder\\\/design\\\/logo-transparent.png\",\"image_svg_color\":\"emphasis\",\"margin\":\"default\",\"maxwidth\":\"small\"}}]}]}]},{\"type\":\"section\",\"props\":{\"image_position\":\"center-center\",\"style\":\"default\",\"title_breakpoint\":\"xl\",\"title_position\":\"top-left\",\"title_rotation\":\"left\",\"vertical_align\":\"middle\",\"width\":\"default\"},\"children\":[{\"type\":\"row\",\"children\":[{\"type\":\"column\",\"props\":{\"image_position\":\"center-center\",\"position_sticky_breakpoint\":\"m\"},\"children\":[{\"type\":\"text\",\"props\":{\"column_breakpoint\":\"m\",\"content\":\"\n\n<p>Wie die Zeit vergeht! Das Jahr 2025 ist das 25j\\u00e4hrige Jubil\\u00e4um unserer Ferienh\\u00e4user: Im Jahr 2000 wohnten die ersten G\\u00e4ste in den H\\u00e4usern. Eine ganze Generation an Kindern ist in der Zwischenzeit gro\\u00df geworden! Was hat sich alles in der Zeit getan, wie hat sich unser Ort und unser Leben ver\\u00e4ndert!<\\\/p>\",\"content_el\":\"\n\n<p>\\u03a0\\u03ce\\u03c2 \\u03c0\\u03b5\\u03c1\\u03bd\\u03ac\\u03b5\\u03b9 \\u03bf \\u03ba\\u03b1\\u03b9\\u03c1\\u03cc\\u03c2! \\u03a4\\u03bf \\u03ad\\u03c4\\u03bf\\u03c2 2025 \\u03b5\\u03af\\u03bd\\u03b1\\u03b9 \\u03b7 25\\u03b7 \\u03b5\\u03c0\\u03ad\\u03c4\\u03b5\\u03b9\\u03bf\\u03c2 \\u03c4\\u03c9\\u03bd \\u03a0\\u03b1\\u03c1\\u03b1\\u03b4\\u03bf\\u03c3\\u03b9\\u03b1\\u03ba\\u03ce\\u03bd \\u03ba\\u03b1\\u03c4\\u03bf\\u03b9\\u03ba\\u03b9\\u03ce\\u03bd \\u03bc\\u03b1\\u03c2: \\u03bf\\u03b9 \\u03c0\\u03c1\\u03ce\\u03c4\\u03bf\\u03b9 \\u03b5\\u03c0\\u03b9\\u03c3\\u03ba\\u03ad\\u03c0\\u03c4\\u03b5\\u03c2 \\u03ad\\u03bc\\u03b5\\u03b9\\u03bd\\u03b1\\u03bd \\u03c3\\u03c4\\u03b1 \\u03c3\\u03c0\\u03af\\u03c4\\u03b9\\u03b1 \\u03c4\\u03bf 2000. \\u039c\\u03b9\\u03b1 \\u03bf\\u03bb\\u03cc\\u03ba\\u03bb\\u03b7\\u03c1\\u03b7 \\u03b3\\u03b5\\u03bd\\u03b9\\u03ac \\u03c0\\u03b1\\u03b9\\u03b4\\u03b9\\u03ce\\u03bd \\u03ad\\u03c7\\u03b5\\u03b9 \\u03bc\\u03b5\\u03b3\\u03b1\\u03bb\\u03ce\\u03c3\\u03b5\\u03b9 \\u03c3\\u03c4\\u03bf \\u03bc\\u03b5\\u03c4\\u03b1\\u03be\\u03cd! \\u03a0\\u03cc\\u03c3\\u03bf \\u03ad\\u03c7\\u03bf\\u03c5\\u03bd \\u03b1\\u03bb\\u03bb\\u03ac\\u03be\\u03b5\\u03b9 \\u03bf \\u03c4\\u03cc\\u03c0\\u03bf\\u03c2 \\u03bc\\u03b1\\u03c2 \\u03ba\\u03b1\\u03b9 \\u03b7 \\u03b6\\u03c9\\u03ae \\u03bc\\u03b1\\u03c2!\",\"content_en_gb\":\"\n\n<p>2025 marks the 25th anniversary of our holiday homes: the first guests stayed in the cottages in 2000. An entire generation of children has grown up in the meantime! So much has happened in these years: how our place and our lives have changed!<\\\/p>\",\"margin\":\"default\"}}]}]}]},{\"type\":\"section\",\"props\":{\"image_position\":\"center-center\",\"padding\":\"small\",\"style\":\"default\",\"title_breakpoint\":\"xl\",\"title_position\":\"top-left\",\"title_rotation\":\"left\",\"vertical_align\":\"middle\",\"width\":\"default\"},\"children\":[{\"type\":\"row\",\"children\":[{\"type\":\"column\",\"props\":{\"image_position\":\"center-center\",\"padding\":\"small\",\"position_sticky_breakpoint\":\"m\",\"style\":\"tile-muted\"},\"children\":[{\"type\":\"grid\",\"props\":{\"animation\":\"scale-up\",\"block_align\":\"center\",\"content_column_breakpoint\":\"m\",\"filter_align\":\"left\",\"filter_all\":true,\"filter_grid_breakpoint\":\"m\",\"filter_grid_width\":\"auto\",\"filter_position\":\"top\",\"filter_style\":\"tab\",\"grid_column_gap\":\"medium\",\"grid_default\":\"1\",\"grid_large\":\"3\",\"grid_medium\":\"3\",\"grid_row_gap\":\"medium\",\"grid_small\":\"2\",\"icon_width\":80,\"image_align\":\"top\",\"image_grid_breakpoint\":\"m\",\"image_grid_width\":\"1-2\",\"image_loading\":true,\"image_svg_color\":\"emphasis\",\"item_animation\":true,\"link_style\":\"default\",\"link_text\":\"Read more\",\"margin\":\"small\",\"maxwidth\":\"2xlarge\",\"meta_align\":\"below-title\",\"meta_element\":\"div\",\"meta_style\":\"text-meta\",\"show_content\":true,\"show_image\":true,\"show_link\":true,\"show_meta\":true,\"show_title\":true,\"title_align\":\"top\",\"title_element\":\"h3\",\"title_grid_breakpoint\":\"m\",\"title_grid_width\":\"1-2\",\"title_hover_style\":\"reset\"},\"children\":[{\"type\":\"grid_item\",\"props\":{\"image\":\"wp-content\\\/uploads\\\/photos\\\/azalas\\\/cottages\\\/upper_row-3.jpg\"}},{\"type\":\"grid_item\",\"props\":{\"image\":\"wp-content\\\/uploads\\\/photos\\\/azalas\\\/cottages\\\/veranda-grapes.jpg\"}},{\"type\":\"grid_item\",\"props\":{\"image\":\"wp-content\\\/uploads\\\/photos\\\/azalas\\\/cottages\\\/upper_row-1.jpg\"}}]}]}]}]},{\"type\":\"section\",\"props\":{\"image_position\":\"center-center\",\"style\":\"default\",\"title_breakpoint\":\"xl\",\"title_position\":\"top-left\",\"title_rotation\":\"left\",\"vertical_align\":\"middle\",\"width\":\"default\"},\"children\":[{\"type\":\"row\",\"children\":[{\"type\":\"column\",\"props\":{\"image_position\":\"center-center\",\"position_sticky_breakpoint\":\"m\"},\"children\":[{\"type\":\"text\",\"props\":{\"column_breakpoint\":\"m\",\"content\":\"Um die schon lang vergangene Zeit und unsere M\\u00fchen beim Bau der Ferienh\\u00e4user zu w\\u00fcrdigen, habe ich eine Fotogalerie mit Bildern vom Bau der H\\u00e4user zusammengestellt - so k\\u00f6nnen auch die, die nicht dabei waren, einen kleinen Eindruck vom Entstehen der Ferienh\\u00e4user bekommen.\",\"content_el\":\"\\u0393\\u03b9\\u03b1 \\u03bd\\u03b1 \\u03c4\\u03b9\\u03bc\\u03ae\\u03c3\\u03c9 \\u03c4\\u03b9\\u03c2 \\u03c0\\u03b5\\u03c1\\u03b1\\u03c3\\u03bc\\u03ad\\u03bd\\u03b5\\u03c2 \\u03b5\\u03c0\\u03bf\\u03c7\\u03ad\\u03c2 \\u03ba\\u03b1\\u03b9 \\u03c4\\u03bf\\u03c5\\u03c2 \\u03ba\\u03cc\\u03c0\\u03bf\\u03c5\\u03c2 \\u03bc\\u03b1\\u03c2, \\u03c3\\u03c5\\u03bd\\u03ad\\u03c4\\u03b1\\u03be\\u03b1 \\u03bc\\u03b9\\u03b1 \\u03c3\\u03c5\\u03bb\\u03bb\\u03bf\\u03b3\\u03ae \\u03bc\\u03b5 \\u03c6\\u03c9\\u03c4\\u03bf\\u03b3\\u03c1\\u03b1\\u03c6\\u03af\\u03b5\\u03c2 \\u03b1\\u03c0\\u03cc \\u03c4\\u03b7\\u03bd \\u03ba\\u03b1\\u03c4\\u03b1\\u03c3\\u03ba\\u03b5\\u03c5\\u03ae \\u03c4\\u03c9\\u03bd \\u03ba\\u03b1\\u03c4\\u03bf\\u03b9\\u03ba\\u03b9\\u03ce\\u03bd - \\u03b3\\u03b9\\u03b1 \\u03bd\\u03b1 \\u03bc\\u03c0\\u03bf\\u03c1\\u03b5\\u03af\\u03c4\\u03b5 \\u03ba\\u03b1\\u03b9 \\u03cc\\u03c3\\u03bf\\u03b9 \\u03b4\\u03b5\\u03bd \\u03b5\\u03af\\u03c3\\u03b1\\u03c3\\u03c4\\u03b5 \\u03b5\\u03ba\\u03b5\\u03af \\u03bd\\u03b1 \\u03c0\\u03ac\\u03c1\\u03b5\\u03c4\\u03b5 \\u03bc\\u03b9\\u03b1 \\u03bc\\u03b9\\u03ba\\u03c1\\u03ae \\u03b5\\u03bd\\u03c4\\u03cd\\u03c0\\u03c9\\u03c3\\u03b7 \\u03b1\\u03c0\\u03cc \\u03c4\\u03b7\\u03bd \\u03b4\\u03b9\\u03b1\\u03b4\\u03b9\\u03ba\\u03b1\\u03c3\\u03af\\u03b1.\",\"content_en_gb\":\"To honour the time that has passed and our efforts in building the holiday homes, I put together a photo gallery with pictures from the construction of the cottages \\u2013 so everybody can also get a small impression of the whole undertaking.\",\"margin\":\"default\"}}]}]}]},{\"type\":\"section\",\"props\":{\"image_position\":\"center-center\",\"padding\":\"small\",\"style\":\"default\",\"title_breakpoint\":\"xl\",\"title_position\":\"top-left\",\"title_rotation\":\"left\",\"vertical_align\":\"middle\",\"width\":\"default\"},\"children\":[{\"type\":\"row\",\"children\":[{\"type\":\"column\",\"props\":{\"image_position\":\"center-center\",\"padding\":\"small\",\"position_sticky_breakpoint\":\"m\",\"style\":\"tile-muted\"},\"children\":[{\"type\":\"grid\",\"props\":{\"animation\":\"scale-up\",\"block_align\":\"center\",\"content_column_breakpoint\":\"m\",\"filter_align\":\"left\",\"filter_all\":true,\"filter_grid_breakpoint\":\"m\",\"filter_grid_width\":\"auto\",\"filter_position\":\"top\",\"filter_style\":\"tab\",\"grid_column_gap\":\"medium\",\"grid_default\":\"1\",\"grid_large\":\"3\",\"grid_medium\":\"3\",\"grid_row_gap\":\"medium\",\"grid_small\":\"2\",\"icon_width\":80,\"image_align\":\"top\",\"image_grid_breakpoint\":\"m\",\"image_grid_width\":\"1-2\",\"image_loading\":true,\"image_svg_color\":\"emphasis\",\"item_animation\":true,\"link_style\":\"default\",\"link_text\":\"Read more\",\"margin\":\"small\",\"maxwidth\":\"2xlarge\",\"meta_align\":\"below-title\",\"meta_element\":\"div\",\"meta_style\":\"text-meta\",\"show_content\":true,\"show_image\":true,\"show_link\":true,\"show_meta\":true,\"show_title\":true,\"title_align\":\"top\",\"title_element\":\"h3\",\"title_grid_breakpoint\":\"m\",\"title_grid_width\":\"1-2\",\"title_hover_style\":\"reset\"},\"children\":[{\"type\":\"grid_item\",\"props\":{\"image\":\"wp-content\\\/uploads\\\/2024\\\/12\\\/P1270501-1_1500.jpg\"}},{\"type\":\"grid_item\",\"props\":{\"image\":\"wp-content\\\/uploads\\\/2024\\\/12\\\/P1270468-1_1500.jpg\"}},{\"type\":\"grid_item\",\"props\":{\"image\":\"wp-content\\\/uploads\\\/2024\\\/12\\\/P1270467-1_1500.jpg\"}}]}]}]}]},{\"type\":\"section\",\"props\":{\"image_position\":\"center-center\",\"padding_remove_top\":true,\"style\":\"default\",\"title_breakpoint\":\"xl\",\"title_position\":\"top-left\",\"title_rotation\":\"left\",\"vertical_align\":\"middle\",\"width\":\"default\"},\"children\":[{\"type\":\"row\",\"children\":[{\"type\":\"column\",\"props\":{\"image_position\":\"center-center\",\"position_sticky_breakpoint\":\"m\"},\"children\":[{\"type\":\"list\",\"props\":{\"column_breakpoint\":\"m\",\"image_align\":\"left\",\"image_svg_color\":\"emphasis\",\"image_vertical_align\":true,\"list_element\":\"ul\",\"list_horizontal_separator\":\", \",\"list_type\":\"vertical\",\"show_image\":true,\"show_link\":true},\"children\":[{\"type\":\"list_item\",\"props\":{\"content\":\"Hier geht es zur vollst\\u00e4ndigen Fotogalerie\",\"content_el\":\"\\u03a0\\u03b1\\u03c4\\u03ae\\u03c3\\u03c4\\u03b5 \\u03b5\\u03b4\\u03ce \\u03b3\\u03b9\\u03b1 \\u03c4\\u03bf \\u0393\\u03ba\\u03b1\\u03bb\\u03b5\\u03c1\\u03af \\u03c6\\u03c9\\u03c4\\u03bf\\u03b3\\u03c1\\u03b1\\u03c6\\u03b9\\u03ce\\u03bd\",\"content_en_gb\":\"To the photo gallery\",\"link\":\"fotogalerie-ferienhaeuser-bau\\\/\",\"link_el\":\"https:\\\/\\\/azalas.de\\\/el\\\/photo-gallery-building-the-cottages\",\"link_en_gb\":\"https:\\\/\\\/azalas.de\\\/en\\\/photo-gallery-building-the-cottages\"}}]}]}]}]},{\"type\":\"section\",\"props\":{\"image_position\":\"center-center\",\"padding_remove_bottom\":true,\"style\":\"default\",\"title_breakpoint\":\"xl\",\"title_position\":\"top-left\",\"title_rotation\":\"left\",\"vertical_align\":\"middle\",\"width\":\"default\"},\"children\":[{\"type\":\"row\",\"children\":[{\"type\":\"column\",\"props\":{\"image_position\":\"center-center\",\"position_sticky_breakpoint\":\"m\"},\"children\":[{\"type\":\"headline\",\"props\":{\"content\":\"Unser Jubil\\u00e4ums-Geschenk\",\"content_el\":\"\\u0397 \\u03c0\\u03c1\\u03bf\\u03c3\\u03c6\\u03bf\\u03c1\\u03ac \\u03bc\\u03b1\\u03c2 \\u03b3\\u03b9\\u03b1 \\u03c4\\u03b7\\u03bd 25\\u03b7 \\u03b5\\u03c0\\u03ad\\u03c4\\u03b5\\u03b9\\u03bf\",\"content_en_gb\":\"Our offer for the 25th Anniversary\",\"margin_remove_bottom\":true,\"title_element\":\"h3\"}}]}]}]},{\"type\":\"section\",\"props\":{\"image_position\":\"center-center\",\"style\":\"default\",\"title_breakpoint\":\"xl\",\"title_position\":\"top-left\",\"title_rotation\":\"left\",\"vertical_align\":\"middle\",\"width\":\"default\"},\"children\":[{\"type\":\"row\",\"children\":[{\"type\":\"column\",\"props\":{\"image_position\":\"center-center\",\"position_sticky_breakpoint\":\"m\"},\"children\":[{\"type\":\"text\",\"props\":{\"column_breakpoint\":\"m\",\"content\":\"\n\n<p><strong>Zur Feier des Jubil\\u00e4ums bieten wir allen G\\u00e4sten, die im Jahr 2025 bei uns wohnen und eine Woche oder l\\u00e4nger bleiben, ein freies Bonus-Event ihrer Wahl an:<\\\/strong><\\\/p>\\n\n\n<ul>\\n\n\n<li>eine von mir gef\\u00fchrte Wanderung (vorzugsweise auf einem der offiziellen Wanderwege)<\\\/li>\\n\n\n<li>einen gemeinsamen Ausflug zu einer der Sehensw\\u00fcrdigkeiten der Insel<\\\/li>\\n\n\n<li>einen Vortrag von etwa einer Stunde Dauer zu einem Thema ihrer Wahl zur Geschichte, Kultur oder Natur der Insel Naxos<\\\/li>\\n<\\\/ul>\",\"content_el\":\"\n\n<p><strong>\\u0393\\u03b9\\u03b1 \\u03bd\\u03b1 \\u03b3\\u03b9\\u03bf\\u03c1\\u03c4\\u03ac\\u03c3\\u03bf\\u03c5\\u03bc\\u03b5 \\u03c4\\u03b7\\u03bd \\u03b5\\u03c0\\u03ad\\u03c4\\u03b5\\u03b9\\u03bf, \\u03c0\\u03c1\\u03bf\\u03c3\\u03c6\\u03ad\\u03c1\\u03bf\\u03c5\\u03bc\\u03b5 \\u03c3\\u03b5 \\u03cc\\u03bb\\u03bf\\u03c5\\u03c2 \\u03c4\\u03bf\\u03c5\\u03c2 \\u03b5\\u03c0\\u03b9\\u03c3\\u03ba\\u03ad\\u03c0\\u03c4\\u03b5\\u03c2 \\u03c0\\u03bf\\u03c5 \\u03b4\\u03b9\\u03b1\\u03bc\\u03ad\\u03bd\\u03bf\\u03c5\\u03bd \\u03c4\\u03bf 2025 \\u03c3\\u03c4\\u03b1 \\u03c3\\u03c0\\u03af\\u03c4\\u03b9\\u03b1 \\u03bc\\u03b1\\u03c2 \\u03b3\\u03b9\\u03b1 \\u03bc\\u03af\\u03b1 \\u03b5\\u03b2\\u03b4\\u03bf\\u03bc\\u03ac\\u03b4\\u03b1 \\u03ae \\u03c0\\u03b5\\u03c1\\u03b9\\u03c3\\u03c3\\u03cc\\u03c4\\u03b5\\u03c1\\u03bf \\u03bc\\u03b9\\u03b1 \\u03b4\\u03c9\\u03c1\\u03b5\\u03ac\\u03bd \\u03b5\\u03ba\\u03b4\\u03ae\\u03bb\\u03c9\\u03c3\\u03b7 \\u03c4\\u03b7\\u03c2 \\u03b5\\u03c0\\u03b9\\u03bb\\u03bf\\u03b3\\u03ae\\u03c2 \\u03c4\\u03bf\\u03c5\\u03c2:<\\\/strong><\\\/p>\\n\n\n<ul>\\n\n\n<li>\\u03bc\\u03b9\\u03b1 \\u03c0\\u03b5\\u03b6\\u03bf\\u03c0\\u03bf\\u03c1\\u03af\\u03b1 \\u03c5\\u03c0\\u03cc \\u03c4\\u03b7\\u03bd \\u03ba\\u03b1\\u03b8\\u03bf\\u03b4\\u03ae\\u03b3\\u03b7\\u03c3\\u03ae \\u03bc\\u03bf\\u03c5 (\\u03ba\\u03b1\\u03c4\\u03ac \\u03c0\\u03c1\\u03bf\\u03c4\\u03af\\u03bc\\u03b7\\u03c3\\u03b7 \\u03c3\\u03b5 \\u03ad\\u03bd\\u03b1 \\u03b1\\u03c0\\u03cc \\u03c4\\u03b1 \\u03b5\\u03c0\\u03af\\u03c3\\u03b7\\u03bc\\u03b1 \\u03bc\\u03bf\\u03bd\\u03bf\\u03c0\\u03ac\\u03c4\\u03b9\\u03b1 \\u03c0\\u03b5\\u03b6\\u03bf\\u03c0\\u03bf\\u03c1\\u03af\\u03b1\\u03c2)<\\\/li>\\n\n\n<li>\\u03bc\\u03b9\\u03b1 \\u03ba\\u03bf\\u03b9\\u03bd\\u03ae \\u03b5\\u03ba\\u03b4\\u03c1\\u03bf\\u03bc\\u03ae \\u03c3\\u03b5 \\u03ad\\u03bd\\u03b1 \\u03b1\\u03c0\\u03cc \\u03c4\\u03b1 \\u03b1\\u03be\\u03b9\\u03bf\\u03b8\\u03ad\\u03b1\\u03c4\\u03b1 \\u03c4\\u03bf\\u03c5 \\u03bd\\u03b7\\u03c3\\u03b9\\u03bf\\u03cd<\\\/li>\\n\n\n<li>\\u03bc\\u03b9\\u03b1 \\u03b4\\u03b9\\u03ac\\u03bb\\u03b5\\u03be\\u03b7 \\u03b4\\u03b9\\u03ac\\u03c1\\u03ba\\u03b5\\u03b9\\u03b1\\u03c2 \\u03c0\\u03b5\\u03c1\\u03af\\u03c0\\u03bf\\u03c5 \\u03bc\\u03af\\u03b1\\u03c2 \\u03ce\\u03c1\\u03b1\\u03c2 \\u03bc\\u03b5 \\u03b8\\u03ad\\u03bc\\u03b1 \\u03c4\\u03b7\\u03c2 \\u03b5\\u03c0\\u03b9\\u03bb\\u03bf\\u03b3\\u03ae\\u03c2 \\u03c4\\u03bf\\u03c5\\u03c2 \\u03c3\\u03c7\\u03b5\\u03c4\\u03b9\\u03ba\\u03ac \\u03bc\\u03b5 \\u03c4\\u03b7\\u03bd \\u03b9\\u03c3\\u03c4\\u03bf\\u03c1\\u03af\\u03b1, \\u03c4\\u03bf\\u03bd \\u03c0\\u03bf\\u03bb\\u03b9\\u03c4\\u03b9\\u03c3\\u03bc\\u03cc \\u03ae \\u03c4\\u03b7 \\u03c6\\u03cd\\u03c3\\u03b7 \\u03c4\\u03bf\\u03c5 \\u03bd\\u03b7\\u03c3\\u03b9\\u03bf\\u03cd \\u03c4\\u03b7\\u03c2 \\u039d\\u03ac\\u03be\\u03bf\\u03c5<\\\/li>\\n<\\\/ul>\",\"content_en_gb\":\"\n\n<p><strong>To celebrate the anniversary, we are offering all guests staying with us in the year 2025 for a week or more a free bonus event of their choice:<\\\/strong><\\\/p>\\n\n\n<ul>\\n\n\n<li>a guided hike with me (preferably on one of the official hiking trails)<\\\/li>\\n\n\n<li>a trip together to one of the island's attractions<\\\/li>\\n\n\n<li>a lecture of about an hour's duration on a topic of their choice related to the history, culture or nature of the island of Naxos<\\\/li>\\n<\\\/ul>\",\"margin\":\"default\"}}]}]}]},{\"type\":\"section\",\"props\":{\"image_position\":\"center-center\",\"padding\":\"small\",\"style\":\"default\",\"title_breakpoint\":\"xl\",\"title_position\":\"top-left\",\"title_rotation\":\"left\",\"vertical_align\":\"middle\",\"width\":\"default\"},\"children\":[{\"type\":\"row\",\"children\":[{\"type\":\"column\",\"props\":{\"image_position\":\"center-center\",\"padding\":\"small\",\"position_sticky_breakpoint\":\"m\",\"style\":\"tile-muted\"},\"children\":[{\"type\":\"grid\",\"props\":{\"animation\":\"scale-up\",\"block_align\":\"center\",\"content_column_breakpoint\":\"m\",\"filter_align\":\"left\",\"filter_all\":true,\"filter_grid_breakpoint\":\"m\",\"filter_grid_width\":\"auto\",\"filter_position\":\"top\",\"filter_style\":\"tab\",\"grid_column_gap\":\"medium\",\"grid_default\":\"1\",\"grid_large\":\"3\",\"grid_medium\":\"3\",\"grid_row_gap\":\"medium\",\"grid_small\":\"2\",\"icon_width\":80,\"image_align\":\"top\",\"image_grid_breakpoint\":\"m\",\"image_grid_width\":\"1-2\",\"image_loading\":true,\"image_svg_color\":\"emphasis\",\"item_animation\":true,\"link_style\":\"default\",\"link_text\":\"Read more\",\"margin\":\"small\",\"maxwidth\":\"2xlarge\",\"meta_align\":\"below-title\",\"meta_element\":\"div\",\"meta_style\":\"text-meta\",\"show_content\":true,\"show_image\":true,\"show_link\":true,\"show_meta\":true,\"show_title\":true,\"title_align\":\"top\",\"title_element\":\"h3\",\"title_grid_breakpoint\":\"m\",\"title_grid_width\":\"1-2\",\"title_hover_style\":\"reset\"},\"children\":[{\"type\":\"grid_item\",\"props\":{\"image\":\"wp-content\\\/uploads\\\/photos\\\/azalas\\\/hiking\\\/zeus-1.jpg\"}},{\"type\":\"grid_item\",\"props\":{\"image\":\"wp-content\\\/uploads\\\/photos\\\/azalas\\\/hiking\\\/tour_astrid-1.jpg\"}},{\"type\":\"grid_item\",\"props\":{\"image\":\"wp-content\\\/uploads\\\/photos\\\/azalas\\\/hiking\\\/bird_watching-1.jpg\"}}]}]}]}]},{\"type\":\"section\",\"props\":{\"image_position\":\"center-center\",\"style\":\"default\",\"title_breakpoint\":\"xl\",\"title_position\":\"top-left\",\"title_rotation\":\"left\",\"vertical_align\":\"middle\",\"width\":\"default\"},\"children\":[{\"type\":\"row\",\"children\":[{\"type\":\"column\",\"props\":{\"image_position\":\"center-center\",\"position_sticky_breakpoint\":\"m\"},\"children\":[{\"type\":\"text\",\"props\":{\"column_breakpoint\":\"m\",\"content\":\"Wir freuen uns auf unsere G\\u00e4ste auch in diesem Jahr und w\\u00fcnschen Euch, uns, der Insel Naxos und der ganzen Welt - ohne Ausnahme - ein gl\\u00fcckliches, friedliches und erfolgreiches Jahr 2025!\",\"content_el\":\"\\u0391\\u03bd\\u03c5\\u03c0\\u03bf\\u03bc\\u03bf\\u03bd\\u03bf\\u03cd\\u03bc\\u03b5 \\u03bd\\u03b1 \\u03c5\\u03c0\\u03bf\\u03b4\\u03b5\\u03c7\\u03c4\\u03bf\\u03cd\\u03bc\\u03b5 \\u03c4\\u03bf\\u03c5\\u03c2 \\u03b5\\u03c0\\u03b9\\u03c3\\u03ba\\u03ad\\u03c0\\u03c4\\u03b5\\u03c2 \\u03bc\\u03b1\\u03c2 \\u03ba\\u03b1\\u03b9 \\u03c3\\u03c4\\u03b7\\u03bd \\u03c6\\u03b5\\u03c4\\u03b9\\u03bd\\u03ae \\u03c3\\u03b5\\u03b6\\u03cc\\u03bd \\u03ba\\u03b1\\u03b9 \\u03b5\\u03c5\\u03c7\\u03cc\\u03bc\\u03b1\\u03c3\\u03c4\\u03b5 \\u03c3\\u03b5 \\u03b5\\u03c3\\u03ac\\u03c2, \\u03c3\\u03b5 \\u03b5\\u03bc\\u03ac\\u03c2, \\u03c3\\u03c4\\u03bf \\u03bd\\u03b7\\u03c3\\u03af \\u03c4\\u03b7\\u03c2 \\u039d\\u03ac\\u03be\\u03bf\\u03c5 \\u03ba\\u03b1\\u03b9 \\u03c3\\u03b5 \\u03cc\\u03bb\\u03bf \\u03c4\\u03bf\\u03bd \\u03ba\\u03cc\\u03c3\\u03bc\\u03bf - \\u03c7\\u03c9\\u03c1\\u03af\\u03c2 \\u03b5\\u03be\\u03b1\\u03af\\u03c1\\u03b5\\u03c3\\u03b7 - \\u03ad\\u03bd\\u03b1 \\u03b5\\u03c5\\u03c4\\u03c5\\u03c7\\u03b9\\u03c3\\u03bc\\u03ad\\u03bd\\u03bf, \\u03b5\\u03b9\\u03c1\\u03b7\\u03bd\\u03b9\\u03ba\\u03cc \\u03ba\\u03b1\\u03b9 \\u03b5\\u03c0\\u03b9\\u03c4\\u03c5\\u03c7\\u03b7\\u03bc\\u03ad\\u03bd\\u03bf 2025!\",\"content_en_gb\":\"We look forward to welcoming our guests again this year and wish you, us, the island of Naxos and the whole world - without exception - a happy, peaceful and prosperous year 2025!\",\"margin\":\"default\"}}]}]}]},{\"type\":\"section\",\"props\":{\"image_position\":\"center-center\",\"style\":\"default\",\"title_breakpoint\":\"xl\",\"title_position\":\"top-left\",\"title_rotation\":\"left\",\"vertical_align\":\"middle\",\"width\":\"default\"},\"children\":[{\"type\":\"row\",\"children\":[{\"type\":\"column\",\"props\":{\"image_position\":\"center-center\",\"position_sticky_breakpoint\":\"m\"},\"children\":[{\"type\":\"divider\",\"props\":{\"divider_element\":\"hr\"}}]}]}]},{\"type\":\"section\",\"props\":{\"image_position\":\"center-center\",\"padding_remove_bottom\":true,\"padding_remove_top\":true,\"style\":\"default\",\"title_breakpoint\":\"xl\",\"title_position\":\"top-left\",\"title_rotation\":\"left\",\"vertical_align\":\"middle\",\"width\":\"default\"},\"children\":[{\"type\":\"row\",\"children\":[{\"type\":\"column\",\"props\":{\"image_position\":\"center-center\",\"position_sticky_breakpoint\":\"m\"},\"children\":[{\"type\":\"text\",\"props\":{\"column_breakpoint\":\"m\",\"content\":\"<a href=\\\"http:\\\/\\\/azalas.de\\\/ferienhaeuser-azalas\\\/\\\">Zu den Ferienh\\u00e4usern Azalas<\\\/a>\\n\n\n<p><\\\/p>\\n<a href=\\\"http:\\\/\\\/azalas.de\\\/belegungsplan-und-buchung\\\/\\\">Zum Belegungsplan und Buchungsformular\\n\n\n<p><\\\/p>\\n<a href=\\\"http:\\\/\\\/azalas.de\\\/fotogalerie-ferienhaeuser-bau\\\/\\\">Zur Fotogalerie vom Bau der Ferienh\\u00e4user 1996 - 2000<\\\/a>\",\"content_el\":\"<a href=\\\"http:\\\/\\\/azalas.de\\\/el\\\/holiday-homes-azalas\\\/\\\">\\u03a4\\u03bf \\u03a3\\u03c5\\u03b3\\u03ba\\u03c1\\u03cc\\u03c4\\u03b7\\u03bc\\u03b1 \\u0391\\u03b6\\u03b1\\u03bb\\u03ac\\u03c2<\\\/a>\\n\n\n<p><\\\/p>\\n<a href=\\\"http:\\\/\\\/azalas.de\\\/el\\\/calendar-and-reservation\\\/\\\">\\u0397\\u03bc\\u03b5\\u03c1\\u03bf\\u03bc\\u03b7\\u03bd\\u03af\\u03b5\\u03c2 \\u03ba\\u03b1\\u03b9 \\u03ba\\u03c1\\u03b1\\u03c4\\u03ae\\u03c3\\u03b5\\u03b9\\u03c2\\n\n\n<p><\\\/p>\\n<a href=\\\"http:\\\/\\\/azalas.de\\\/el\\\/photo-gallery-building-the-cottages\\\/\\\">\\u0393\\u03ba\\u03b1\\u03bb\\u03b5\\u03c1\\u03af \\u03c6\\u03c9\\u03c4\\u03bf\\u03b3\\u03c1\\u03b1\\u03c6\\u03ce\\u03bd \\\"\\u03a7\\u03c4\\u03af\\u03b6\\u03bf\\u03bd\\u03c4\\u03b1\\u03c2 \\u03c4\\u03b9\\u03c2 \\u03ba\\u03b1\\u03c4\\u03bf\\u03b9\\u03ba\\u03af\\u03b5\\u03c2 \\u0391\\u03b6\\u03b1\\u03bb\\u03ac\\u03c2 1996 - 2000\\\"<\\\/a>\",\"content_en_gb\":\"<a href=\\\"https:\\\/\\\/azalas.de\\\/en\\\/holiday-homes-azalas\\\/\\\">To the Holiday homes Azalas<\\\/a>\\n\n\n<p><\\\/p>\\n<a href=\\\"https:\\\/\\\/azalas.de\\\/en\\\/calendar-and-reservation\\\/\\\">To the calendar and the reservation form\\n\n\n<p><\\\/p>\\n<a href=\\\"https:\\\/\\\/azalas.de\\\/en\\\/photo-gallery-building-the-cottages\\\/\\\">To the Photo gallery \\\"Building the cottages 1996 - 2000\\\"<\\\/a>\",\"margin\":\"default\"}}]}]}]},{\"type\":\"section\",\"props\":{\"image_position\":\"center-center\",\"style\":\"default\",\"title_breakpoint\":\"xl\",\"title_position\":\"top-left\",\"title_rotation\":\"left\",\"vertical_align\":\"middle\",\"width\":\"default\"},\"children\":[{\"type\":\"row\",\"children\":[{\"type\":\"column\",\"props\":{\"image_position\":\"center-center\",\"position_sticky_breakpoint\":\"m\"},\"children\":[{\"type\":\"divider\",\"props\":{\"divider_element\":\"hr\"}}]}]}]}],\"version\":\"4.4.16\",\"yooessentialsVersion\":\"2.2.29\"} --><\/p>\n","protected":false},"excerpt":{"rendered":"<p>\u2740 25j\u00e4hriges Jubil\u00e4um 2025 \u2740 Wie die Zeit vergeht! Das Jahr 2025 ist das 25j\u00e4hrige Jubil\u00e4um unserer Ferienh\u00e4user: Im Jahr 2000 wohnten die ersten G\u00e4ste in den H\u00e4usern. Eine ganze Generation an Kindern ist in der Zwischenzeit gro\u00df geworden! Was hat sich alles in der Zeit getan, wie hat sich unser Ort und unser Leben [&hellip;]<\/p>\n","protected":false},"author":4,"featured_media":72750,"comment_status":"closed","ping_status":"closed","sticky":false,"template":"","format":"standard","meta":{"footnotes":""},"categories":[25,2120],"tags":[],"class_list":["post-72573","post","type-post","status-publish","format-standard","has-post-thumbnail","hentry","category-news-from-azalas","category-newsletter"],"_links":{"self":[{"href":"https:\/\/azalas.de\/en\/wp-json\/wp\/v2\/posts\/72573","targetHints":{"allow":["GET"]}}],"collection":[{"href":"https:\/\/azalas.de\/en\/wp-json\/wp\/v2\/posts"}],"about":[{"href":"https:\/\/azalas.de\/en\/wp-json\/wp\/v2\/types\/post"}],"author":[{"embeddable":true,"href":"https:\/\/azalas.de\/en\/wp-json\/wp\/v2\/users\/4"}],"replies":[{"embeddable":true,"href":"https:\/\/azalas.de\/en\/wp-json\/wp\/v2\/comments?post=72573"}],"version-history":[{"count":96,"href":"https:\/\/azalas.de\/en\/wp-json\/wp\/v2\/posts\/72573\/revisions"}],"predecessor-version":[{"id":73092,"href":"https:\/\/azalas.de\/en\/wp-json\/wp\/v2\/posts\/72573\/revisions\/73092"}],"wp:featuredmedia":[{"embeddable":true,"href":"https:\/\/azalas.de\/en\/wp-json\/wp\/v2\/media\/72750"}],"wp:attachment":[{"href":"https:\/\/azalas.de\/en\/wp-json\/wp\/v2\/media?parent=72573"}],"wp:term":[{"taxonomy":"category","embeddable":true,"href":"https:\/\/azalas.de\/en\/wp-json\/wp\/v2\/categories?post=72573"},{"taxonomy":"post_tag","embeddable":true,"href":"https:\/\/azalas.de\/en\/wp-json\/wp\/v2\/tags?post=72573"}],"curies":[{"name":"wp","href":"https:\/\/api.w.org\/{rel}","templated":true}]}}