{"id":71670,"date":"2024-10-23T19:38:03","date_gmt":"2024-10-23T16:38:03","guid":{"rendered":"https:\/\/azalas.de\/de\/?p=71670"},"modified":"2026-02-27T17:39:38","modified_gmt":"2026-02-27T15:39:38","slug":"herbstlicher-spaziergang-bei-komiaki","status":"publish","type":"post","link":"https:\/\/azalas.de\/en\/herbstlicher-spaziergang-bei-komiaki\/","title":{"rendered":"Herbstlicher Spaziergang bei Komiaki"},"content":{"rendered":"<p><big>I<\/big>m Herbst ist es ganz besonders sch\u00f6n, auf Naxos wandern zu gehen. Hier ein paar Fotos von einer kleinen Wanderung bei Komiak\u00ed, auf Wanderweg 9 s\u00fcd\u00f6stlich vom Dorf.<\/p>\n<p><img decoding=\"async\" src=\"https:\/\/azalas.de\/wp-content\/uploads\/2024\/10\/T103547-1_1500.jpg\" alt=\"bei Komiaki im Herbst\" border=\"0\"><\/p>\n<p><img decoding=\"async\" src=\"https:\/\/azalas.de\/wp-content\/uploads\/2024\/10\/T105047-1_1500.jpg\" alt=\"bei Komiaki im Herbst\" border=\"0\"><\/p>\n<p><img decoding=\"async\" src=\"https:\/\/azalas.de\/wp-content\/uploads\/2024\/10\/T105426-1_1500.jpg\" alt=\"bei Komiaki im Herbst\" border=\"0\"><br \/>\n<small>Weinterrassen und die kleine byzantinische Kapelle \u00c1gios Nik\u00f3laos<\/small><\/p>\n<p><img decoding=\"async\" src=\"https:\/\/azalas.de\/wp-content\/uploads\/2024\/10\/T112054-1_1500.jpg\" alt=\"bei Komiaki im Herbst\" border=\"0\"><\/p>\n<p><img decoding=\"async\" src=\"https:\/\/azalas.de\/wp-content\/uploads\/2024\/10\/T112223-1_1500.jpg\" alt=\"bei Komiaki im Herbst\" border=\"0\"><br \/>\n<small>Die Eichen haben Efeu-Kleider an.<\/small><\/p>\n<p><img decoding=\"async\" src=\"https:\/\/azalas.de\/wp-content\/uploads\/2024\/10\/T112806-1_1500.jpg\" alt=\"bei Komiaki im Herbst\" border=\"0\"><br \/>\n<small>eine Terebinthe<\/small><\/p>\n<p><img decoding=\"async\" src=\"https:\/\/azalas.de\/wp-content\/uploads\/2024\/10\/T115648-1_1500.jpg\" alt=\"bei Komiaki im Herbst\" border=\"0\"><br \/>\n<small>Platane mit Herbstf\u00e4rbung<\/small><\/p>\n<p><img decoding=\"async\" src=\"https:\/\/azalas.de\/wp-content\/uploads\/2024\/10\/T120305-1_1500.jpg\" alt=\"bei Komiaki im Herbst\" border=\"0\"><br \/>\n<small>ein altes Steinhaus<\/small><\/p>\n<p><img decoding=\"async\" src=\"https:\/\/azalas.de\/wp-content\/uploads\/2024\/10\/T121101-1_1500.jpg\" alt=\"bei Komiaki im Herbst\" border=\"0\"><\/p>\n<p><img decoding=\"async\" src=\"https:\/\/azalas.de\/wp-content\/uploads\/2024\/10\/T121205-1_1500.jpg\" alt=\"bei Komiaki im Herbst\" border=\"0\"><\/p>\n<p><img decoding=\"async\" src=\"https:\/\/azalas.de\/wp-content\/uploads\/2024\/10\/T132447-1_1500.jpg\" alt=\"Esel bei Komiaki\" border=\"0\"><br \/>\n<small>Ein kontaktfreudiger und neugieriger Esel muss ein bisschen \u00fcberredet werden, Platz f\u00fcr uns zu machen.<\/small><\/p>\n<p><img decoding=\"async\" src=\"https:\/\/azalas.de\/wp-content\/uploads\/2024\/10\/T121328-1_1500.jpg\" alt=\"bei Komiaki im Herbst\" border=\"0\"><\/p>\n<p><img decoding=\"async\" src=\"https:\/\/azalas.de\/wp-content\/uploads\/2024\/10\/T122242-1_1500.jpg\" alt=\"bei Komiaki im Herbst\" border=\"0\"><\/p>\n<p><img decoding=\"async\" src=\"https:\/\/azalas.de\/wp-content\/uploads\/2024\/10\/T122033-1_1500.jpg\" alt=\"Komiaki\" border=\"0\"><br \/>\n<small>Nun sind wir fast in Komiak\u00ed.<\/small><\/p>\n<p>weiter: <a href=\"http:\/\/azalas.de\/wanderung-agia-komiaki\/\">Wanderung von Agia nach Komiaki<\/a><\/p>\n<p>zur\u00fcck: <a href=\"https:\/\/azalas.de\/wanderungen-und-spaziergaenge\/\">Wanderungen und Spazierg\u00e4nge<\/a><\/p>\n<p>siehe auch: <\/p>\n<ul>\n<li><a href=\"http:\/\/azalas.de\/naxos-komiaki\/\">Komiaki &#8211; eine gr\u00fcne Insel im Fluss der Zeit<\/li>\n<li><a href=\"http:\/\/azalas.de\/wanderung-skado-apollonas\/\">Von Skado nach Apollonas<\/a><\/li>\n<li><a href=\"https:\/\/azalas.de\/de\/komiaki-immer-wieder-schoen\/\">Komiaki &#8211; immer wieder sch\u00f6n<\/a><\/li>\n<\/ul>\n<p><a href=\"https:\/\/azalas.de\/inhaltsverzeichnis\/\">Zum Inhaltsverzeichnis<\/a><\/p>\n","protected":false},"excerpt":{"rendered":"<p>Im Herbst ist es ganz besonders sch\u00f6n, auf Naxos wandern zu gehen. Hier ein paar Fotos von einer kleinen Wanderung bei Komiak\u00ed, auf Wanderweg 9 s\u00fcd\u00f6stlich vom Dorf. Weinterrassen und die kleine byzantinische Kapelle \u00c1gios Nik\u00f3laos Die Eichen haben Efeu-Kleider an. eine Terebinthe Platane mit Herbstf\u00e4rbung ein altes Steinhaus Ein kontaktfreudiger und neugieriger Esel muss [&hellip;]<\/p>\n","protected":false},"author":4,"featured_media":71676,"comment_status":"closed","ping_status":"closed","sticky":false,"template":"","format":"standard","meta":{"footnotes":""},"categories":[25,2142,7],"tags":[230,865,1032,47],"class_list":["post-71670","post","type-post","status-publish","format-standard","has-post-thumbnail","hentry","category-news-from-azalas","category-komiaki","category-hiking","tag-komiaki","tag-naxos","tag-wandern","tag-wandern-auf-naxos"],"_links":{"self":[{"href":"https:\/\/azalas.de\/en\/wp-json\/wp\/v2\/posts\/71670","targetHints":{"allow":["GET"]}}],"collection":[{"href":"https:\/\/azalas.de\/en\/wp-json\/wp\/v2\/posts"}],"about":[{"href":"https:\/\/azalas.de\/en\/wp-json\/wp\/v2\/types\/post"}],"author":[{"embeddable":true,"href":"https:\/\/azalas.de\/en\/wp-json\/wp\/v2\/users\/4"}],"replies":[{"embeddable":true,"href":"https:\/\/azalas.de\/en\/wp-json\/wp\/v2\/comments?post=71670"}],"version-history":[{"count":9,"href":"https:\/\/azalas.de\/en\/wp-json\/wp\/v2\/posts\/71670\/revisions"}],"predecessor-version":[{"id":77867,"href":"https:\/\/azalas.de\/en\/wp-json\/wp\/v2\/posts\/71670\/revisions\/77867"}],"wp:featuredmedia":[{"embeddable":true,"href":"https:\/\/azalas.de\/en\/wp-json\/wp\/v2\/media\/71676"}],"wp:attachment":[{"href":"https:\/\/azalas.de\/en\/wp-json\/wp\/v2\/media?parent=71670"}],"wp:term":[{"taxonomy":"category","embeddable":true,"href":"https:\/\/azalas.de\/en\/wp-json\/wp\/v2\/categories?post=71670"},{"taxonomy":"post_tag","embeddable":true,"href":"https:\/\/azalas.de\/en\/wp-json\/wp\/v2\/tags?post=71670"}],"curies":[{"name":"wp","href":"https:\/\/api.w.org\/{rel}","templated":true}]}}