{"id":70157,"date":"2024-09-16T19:43:52","date_gmt":"2024-09-16T16:43:52","guid":{"rendered":"https:\/\/azalas.de\/de\/?p=70157"},"modified":"2024-12-16T17:15:33","modified_gmt":"2024-12-16T15:15:33","slug":"der-punktbaer-utetheisa-pulchella","status":"publish","type":"post","link":"https:\/\/azalas.de\/en\/der-punktbaer-utetheisa-pulchella\/","title":{"rendered":"Der Punktb\u00e4r oder Harlekinb\u00e4r"},"content":{"rendered":"<p><big>D<\/big>er h\u00fcbsche Punktb\u00e4r oder Harlekinb\u00e4r ist seit einigen Jahren bei uns im Garten aufgetaucht (vorher habe ich ihn vielleicht nur \u00fcbersehen), und dieses Jahr gibt es vor allem viele Raupen &#8211; offenbar waren die letzten Jahre g\u00fcnstig f\u00fcr diesen kleinen Schmetterling. Wo ich ihn nun so h\u00e4ufig sehe, m\u00f6chte ich ihn mit einem kleinen Beitrag ehren.<\/p>\n<p><big>D<\/big>er unverkennbare Punktb\u00e4r kommt in S\u00fcdeuropa, Asien und Afrika vor. Man sieht ihn im Herbst herumflattern. Er ist von Linn\u00e9 unter dem Namen <em>Phalaena pulchella<\/em> beschrieben worden. Heute hei\u00dft er <em>Utetheisa pulchella<\/em>. Die Gattung <em>Utetheisa<\/em> wurde von H\u00fcbner im Jahr 1819 aufgestellt, leider ohne dass er erl\u00e4utert hat, woher der Name kommt. Sie umfasst 3 Arten, von denen nur der Punktb\u00e4r <em>Utetheisa pulchella<\/em> in Europa vorkommt. Das Art-Epitethon <em>pulchella<\/em> bedeutet &#8220;die H\u00fcbsche&#8221; &#8211; ein verdienter Name!<\/p>\n<p><img decoding=\"async\" src=\"https:\/\/azalas.de\/wp-content\/uploads\/photos\/naxos\/fauna\/butterflies\/utetheisa_pulchella-3.jpg\" alt=\"Punktb\u00e4r oder Harlekinb\u00e4r, Utetheisa pulchella\" border=\"0\"><br \/>\n<small>Den h\u00fcbschen, unverkennbaren Punktb\u00e4r kann man bei uns im Herbst antreffen.<\/small><\/p>\n<p><img decoding=\"async\" src=\"https:\/\/azalas.de\/wp-content\/uploads\/photos\/naxos\/fauna\/butterflies\/utetheisa_pulchella-6.jpg\" alt=\"Punktb\u00e4r oder Harlekinb\u00e4r, Utetheisa pulchella\" border=\"0\"><br \/>\n<small>Wenn er aufflattert wirkt der Falter auff\u00e4llig wei\u00df, \u00e4hnlich wie ein Kohlwei\u00dfling, aber sobald er sich hinsetzt, ist er kaum mehr zu entdecken. Erst bei genauem Hinsehen sieht man die eindrucksvollen schwarzen und leuchtend roten Punkte.<\/small><\/p>\n<p><img decoding=\"async\" src=\"https:\/\/azalas.de\/wp-content\/uploads\/photos\/naxos\/fauna\/butterflies\/utetheisa_pulchella-4.jpg\" alt=\"Punktb\u00e4r oder Harlekinb\u00e4r, Utetheisa pulchella\" border=\"0\"><br \/>\n<small>Der Falter setzt sich gern wie hier unter die Pflanzen.<\/small><\/p>\n<p><img decoding=\"async\" src=\"https:\/\/azalas.de\/wp-content\/uploads\/photos\/naxos\/fauna\/butterflies\/utetheisa_pulchella_flying-1.jpg\" alt=\"Punktb\u00e4r oder Harlekinb\u00e4r, Utetheisa pulchella\" border=\"0\"><br \/>\n<small>Ein fast unbrauchbares Foto &#8211; ich habe es nicht geschafft ein besseres zu machen. Im Fliegen sieht man die hellblauen Hinterfl\u00fcgel.<\/small><\/p>\n<p><img decoding=\"async\" src=\"https:\/\/azalas.de\/wp-content\/uploads\/photos\/naxos\/fauna\/butterflies\/utetheisa_pulchella_caterpillar-1.jpg\" alt=\"Raupe vom Punktb\u00e4r oder Harlekinb\u00e4r, Utetheisa pulchella\" border=\"0\"><br \/>\n<small>Dieses Jahr sind die Raupen des Punktb\u00e4ren zuhauf bei uns im Garten zu finden &#8211; und sie haben die Sonnenwenden (bei uns die Art <em>Heliotropium dolosum)<\/em> schon ganz sch\u00f6n weggefressen!<\/small><\/p>\n<p>Hier geht es weiter: <a href=\"http:\/\/azalas.de\/schmetterlinge-nachtfalter\/\">Schmetterlinge II (Nachtfalter)<\/a><\/p>\n<p><a href=\"https:\/\/azalas.de\/inhaltsverzeichnis\/\">Zum Inhaltsverzeichnis<\/a><\/p>\n","protected":false},"excerpt":{"rendered":"<p>Der h\u00fcbsche Punktb\u00e4r oder Harlekinb\u00e4r ist seit einigen Jahren bei uns im Garten aufgetaucht (vorher habe ich ihn vielleicht nur \u00fcbersehen), und dieses Jahr gibt es vor allem viele Raupen &#8211; offenbar waren die letzten Jahre g\u00fcnstig f\u00fcr diesen kleinen Schmetterling. Wo ich ihn nun so h\u00e4ufig sehe, m\u00f6chte ich ihn mit einem kleinen Beitrag [&hellip;]<\/p>\n","protected":false},"author":4,"featured_media":70306,"comment_status":"closed","ping_status":"closed","sticky":false,"template":"","format":"standard","meta":{"footnotes":""},"categories":[25,888,1991,11,22],"tags":[1441,1364,869,2041,34,865,2039,875,2038],"class_list":["post-70157","post","type-post","status-publish","format-standard","has-post-thumbnail","hentry","category-news-from-azalas","category-species-portrait","category-insects","category-nature","category-animals","tag-baeren","tag-baerenspinner","tag-griechenland","tag-harlekinbaer","tag-kykladen","tag-naxos","tag-punktbaer","tag-tiere","tag-utetheisa-pulchella"],"_links":{"self":[{"href":"https:\/\/azalas.de\/en\/wp-json\/wp\/v2\/posts\/70157","targetHints":{"allow":["GET"]}}],"collection":[{"href":"https:\/\/azalas.de\/en\/wp-json\/wp\/v2\/posts"}],"about":[{"href":"https:\/\/azalas.de\/en\/wp-json\/wp\/v2\/types\/post"}],"author":[{"embeddable":true,"href":"https:\/\/azalas.de\/en\/wp-json\/wp\/v2\/users\/4"}],"replies":[{"embeddable":true,"href":"https:\/\/azalas.de\/en\/wp-json\/wp\/v2\/comments?post=70157"}],"version-history":[{"count":6,"href":"https:\/\/azalas.de\/en\/wp-json\/wp\/v2\/posts\/70157\/revisions"}],"predecessor-version":[{"id":70320,"href":"https:\/\/azalas.de\/en\/wp-json\/wp\/v2\/posts\/70157\/revisions\/70320"}],"wp:featuredmedia":[{"embeddable":true,"href":"https:\/\/azalas.de\/en\/wp-json\/wp\/v2\/media\/70306"}],"wp:attachment":[{"href":"https:\/\/azalas.de\/en\/wp-json\/wp\/v2\/media?parent=70157"}],"wp:term":[{"taxonomy":"category","embeddable":true,"href":"https:\/\/azalas.de\/en\/wp-json\/wp\/v2\/categories?post=70157"},{"taxonomy":"post_tag","embeddable":true,"href":"https:\/\/azalas.de\/en\/wp-json\/wp\/v2\/tags?post=70157"}],"curies":[{"name":"wp","href":"https:\/\/api.w.org\/{rel}","templated":true}]}}