{"id":67141,"date":"2024-07-04T07:11:15","date_gmt":"2024-07-04T04:11:15","guid":{"rendered":"https:\/\/azalas.de\/de\/?p=67141"},"modified":"2026-04-11T17:33:47","modified_gmt":"2026-04-11T14:33:47","slug":"fotouebersicht-flechten-und-pilze","status":"publish","type":"post","link":"https:\/\/azalas.de\/en\/photo-gallery-lichens-and-fungi\/","title":{"rendered":"Photo gallery Lichens and fungi"},"content":{"rendered":"<h1>Foto\u00fcbersicht &#8220;Pilze und Flechten&#8221;<\/h1>\n<div><a href=\"#Links\">Hier geht es direkt zu den Links zu den ausf\u00fchrlichen Beitr\u00e4gen (am Seitenende).<\/a><\/p>\n<p>Zum \u00d6ffnen als Diashow auf die Fotos klicken!<\/p>\n<\/div>\n<h3>1. Pilze<\/h3>\n<div>Pilze sind schwer zu bestimmen &#8211; die Bestimmung der meisten hier vorgestellten Arten ist unsicher.<\/div>\n<ul>\n<li>\n<p>        <img decoding=\"async\" src=\"\/wp-content\/uploads\/photos\/naxos\/flora\/fungi\/terana_caerulea-1.jpg\" alt=\"\"><\/p>\n<div>Blauer Rindenpilz, Terana caerulea<\/div>\n<\/li>\n<li>\n<p>        <img decoding=\"async\" src=\"\/wp-content\/uploads\/photos\/naxos\/flora\/fungi\/lentinus_arcularius_underside-1.jpg\" alt=\"\"><\/p>\n<div>Weitl\u00f6cheriger Stielporling, Lentinus arcularius ?<\/div>\n<\/li>\n<li>\n<p>        <img decoding=\"async\" src=\"\/wp-content\/uploads\/photos\/naxos\/flora\/fungi\/inocutis_tamaricis-1.jpg\" alt=\"\"><\/p>\n<div>Tamarisken-Schillerporling, Inocutis tamaricis<\/div>\n<\/li>\n<li>\n<p>        <img decoding=\"async\" src=\"\/wp-content\/uploads\/photos\/naxos\/flora\/fungi\/auricularia_auricula_judae-2.jpg\" alt=\"\"><\/p>\n<div>Judasohr, Auricularia auridula-judae<\/div>\n<\/li>\n<li>\n<p>        <img decoding=\"async\" src=\"\/wp-content\/uploads\/photos\/naxos\/flora\/fungi\/coprinus_vosoustii-1.jpg\" alt=\"\"><\/p>\n<div>Coprinus vosoustii ?<\/div>\n<\/li>\n<li>\n<p>        <img decoding=\"async\" src=\"\/wp-content\/uploads\/photos\/naxos\/flora\/fungi\/agaricus_campestris-2.jpg\" alt=\"\"><\/p>\n<div>Wiesen-Champignon, Agaricus campestris ?<\/div>\n<\/li>\n<li>\n<p>        <img decoding=\"async\" src=\"\/wp-content\/uploads\/photos\/naxos\/flora\/fungi\/agaricus_augustus-1.jpg\" alt=\"\"><\/p>\n<div>Riesen-Champignon, Agaricus augustus ?<\/div>\n<\/li>\n<li>\n<p>        <img decoding=\"async\" src=\"\/wp-content\/uploads\/photos\/naxos\/flora\/fungi\/collybia_nuda-1.jpg\" alt=\"\"><\/p>\n<div>Violetter R\u00f6telritterling, Collybia nuda<\/div>\n<\/li>\n<li>\n<p>        <img decoding=\"async\" src=\"\/wp-content\/uploads\/photos\/naxos\/flora\/fungi\/pleurotus_eryngii-3.jpg\" alt=\"\"><\/p>\n<div>Brauner Kr\u00e4uter-Seitling, Pleurotus eryngii<\/div>\n<\/li>\n<li>\n<p>        <img decoding=\"async\" src=\"\/wp-content\/uploads\/photos\/naxos\/flora\/fungi\/volvopluteus_gloiocephalus-1.jpg\" alt=\"\"><\/p>\n<div>Gro\u00dfer Scheidling, Volvopluteus gloiocephalus<\/div>\n<\/li>\n<li>\n<p>        <img decoding=\"async\" src=\"\/wp-content\/uploads\/photos\/naxos\/flora\/fungi\/calvatia_gigantea-1.jpg\" alt=\"\"><\/p>\n<div>Riesenbovist, Calvatia gigantea ?<\/div>\n<\/li>\n<li>\n<p>        <img decoding=\"async\" src=\"\/wp-content\/uploads\/photos\/naxos\/flora\/fungi\/clathrus_ruber-1.jpg\" alt=\"\"><\/p>\n<div>Roter Gitterling, Clathrus ruber<\/div>\n<\/li>\n<li>\n<p>        <img decoding=\"async\" src=\"\/wp-content\/uploads\/photos\/naxos\/flora\/fungi\/tremella_mesenterica-1.jpg\" alt=\"\"><\/p>\n<div>Goldgelber Zitterling, Tremella mesenterica<\/div>\n<\/li>\n<\/ul>\n<h3>2. Flechten &#8211; Lichens<\/h3>\n<div>Auch die Flechten sind oft schwer zu betimmen; h\u00e4ufig ist eine mikroskopische Untersuchung der Sporen und einen Nachweis bestimmter chemischer Inhaltsstoffe (&#8220;Flechtenstoffe&#8221;) mit speziellen Reagenzien unabdinglich. Deswegen m\u00fcssen viele Bestimmungen, insbesondere unter den Krustenflechten, unsicher bleiben.<\/div>\n<ul>\n<li>\n<p>        <img decoding=\"async\" src=\"\/wp-content\/uploads\/photos\/naxos\/flora\/lichens\/aspicilia_caesiocinerea-2.jpg\" alt=\"\"><\/p>\n<div>Aspicilia caesiocinerea<\/div>\n<\/li>\n<li>\n<p>        <img decoding=\"async\" src=\"\/wp-content\/uploads\/photos\/naxos\/flora\/lichens\/aspicilia_calcarea-2.jpg\" alt=\"\"><\/p>\n<div>Aspicilia calcarea<\/div>\n<\/li>\n<li>\n<p>        <img decoding=\"async\" src=\"\/wp-content\/uploads\/photos\/naxos\/flora\/lichens\/aspicilia_contorta-1.jpg\" alt=\"\"><\/p>\n<div>Aspicilia contorta<\/div>\n<\/li>\n<li>\n<p>        <img decoding=\"async\" src=\"\/wp-content\/uploads\/photos\/naxos\/flora\/lichens\/caloplaca_arenaria-1.jpg\" alt=\"\"><\/p>\n<div>Caloplaca arenaria<\/div>\n<\/li>\n<li>\n<p>        <img decoding=\"async\" src=\"\/wp-content\/uploads\/photos\/naxos\/flora\/lichens\/caloplaca_aurantia-1.jpg\" alt=\"\"><\/p>\n<div>Caloplaca aurantia<\/div>\n<\/li>\n<li>\n<p>        <img decoding=\"async\" src=\"\/wp-content\/uploads\/photos\/naxos\/flora\/lichens\/caloplaca_cerinelloides-1.jpg\" alt=\"\"><\/p>\n<div>Caloplaca cerinelloides<\/div>\n<\/li>\n<li>\n<p>        <img decoding=\"async\" src=\"\/wp-content\/uploads\/photos\/naxos\/flora\/lichens\/caloplaca_citrina-1.jpg\" alt=\"\"><\/p>\n<div>Caloplaca citrina<\/div>\n<\/li>\n<li>\n<p>        <img decoding=\"async\" src=\"\/wp-content\/uploads\/photos\/naxos\/flora\/lichens\/caloplaca_ferruginea-1.jpg\" alt=\"\"><\/p>\n<div>Caloplaca ferruginea<\/div>\n<\/li>\n<li>\n<p>        <img decoding=\"async\" src=\"\/wp-content\/uploads\/photos\/naxos\/flora\/lichens\/caloplaca_flavescens-1.jpg\" alt=\"\"><\/p>\n<div>Caloplaca flavescens<\/div>\n<\/li>\n<li>\n<p>        <img decoding=\"async\" src=\"\/wp-content\/uploads\/photos\/naxos\/flora\/lichens\/caloplaca_flavovirescens-1.jpg\" alt=\"\"><\/p>\n<div>Caloplaca flavovirescens (rechts \/ to the right)<\/div>\n<\/li>\n<li>\n<p>        <img decoding=\"async\" src=\"\/wp-content\/uploads\/photos\/naxos\/flora\/lichens\/caloplaca_haematites-1.jpg\" alt=\"\"><\/p>\n<div>Caloplaca haematites<\/div>\n<\/li>\n<li>\n<p>        <img decoding=\"async\" src=\"\/wp-content\/uploads\/photos\/naxos\/flora\/lichens\/caloplaca_inconnexa-1.jpg\" alt=\"\"><\/p>\n<div>Caloplaca inconnexa<\/div>\n<\/li>\n<li>\n<p>        <img decoding=\"async\" src=\"\/wp-content\/uploads\/photos\/naxos\/flora\/lichens\/caloplaca_lactea-1.jpg\" alt=\"\"><\/p>\n<div>Caloplaca lactea<\/div>\n<\/li>\n<li>\n<p>        <img decoding=\"async\" src=\"\/wp-content\/uploads\/photos\/naxos\/flora\/lichens\/caloplaca_necator-3.jpg\" alt=\"\"><\/p>\n<div>Caloplaca necator<\/div>\n<\/li>\n<li>\n<p>        <img decoding=\"async\" src=\"\/wp-content\/uploads\/photos\/naxos\/flora\/lichens\/caloplaca_ochracea-1.jpg\" alt=\"\"><\/p>\n<div>Caloplaca ochracea<\/div>\n<\/li>\n<li>\n<p>        <img decoding=\"async\" src=\"\/wp-content\/uploads\/photos\/naxos\/flora\/lichens\/caloplaca_saxicola-1.jpg\" alt=\"\"><\/p>\n<div>Caloplaca saxicola<\/div>\n<\/li>\n<li>\n<p>        <img decoding=\"async\" src=\"\/wp-content\/uploads\/photos\/naxos\/flora\/lichens\/haematomma_nemetzii-1.jpg\" alt=\"\"><\/p>\n<div>Haematomma nemetzii<\/div>\n<\/li>\n<li>\n<p>        <img decoding=\"async\" src=\"\/wp-content\/uploads\/photos\/naxos\/flora\/lichens\/lecanora_argentata-1.jpg\" alt=\"\"><\/p>\n<div>Lecanora argentata<\/div>\n<\/li>\n<li>\n<p>        <img decoding=\"async\" src=\"\/wp-content\/uploads\/photos\/naxos\/flora\/lichens\/lecanora_campestris-1.jpg\" alt=\"\"><\/p>\n<div>Lecanora campestris<\/div>\n<\/li>\n<li>\n<p>        <img decoding=\"async\" src=\"\/wp-content\/uploads\/photos\/naxos\/flora\/lichens\/lecanora_chlarotera-1.jpg\" alt=\"\"><\/p>\n<div>Lecanora chlarotera<\/div>\n<\/li>\n<li>\n<p>        <img decoding=\"async\" src=\"\/wp-content\/uploads\/photos\/naxos\/flora\/lichens\/lecanora_muralis-1.jpg\" alt=\"\"><\/p>\n<div>Lecanora muralis<\/div>\n<\/li>\n<li>\n<p>        <img decoding=\"async\" src=\"\/wp-content\/uploads\/photos\/naxos\/flora\/lichens\/lecanora_sulphurea-1.jpg\" alt=\"\"><\/p>\n<div>Lecanora sulphurea<\/div>\n<\/li>\n<li>\n<p>        <img decoding=\"async\" src=\"\/wp-content\/uploads\/photos\/naxos\/flora\/lichens\/lecidella_elaeochroma-1.jpg\" alt=\"\"><\/p>\n<div>Lecidella elaiochroma<\/div>\n<\/li>\n<li>\n<p>        <img decoding=\"async\" src=\"\/wp-content\/uploads\/photos\/naxos\/flora\/lichens\/lobothallia_radiosa-1.jpg\" alt=\"\"><\/p>\n<div>Lobothallia radiosa<\/div>\n<\/li>\n<li>\n<p>        <img decoding=\"async\" src=\"\/wp-content\/uploads\/photos\/naxos\/flora\/lichens\/ochrolechia_pallescens-1.jpg\" alt=\"\"><\/p>\n<div>Ochrolechia pallescens<\/div>\n<\/li>\n<li>\n<p>        <img decoding=\"async\" src=\"\/wp-content\/uploads\/photos\/naxos\/flora\/lichens\/ochrolechia_parella-1.jpg\" alt=\"\"><\/p>\n<div>Ochrolechia parella<\/div>\n<\/li>\n<li>\n<p>        <img decoding=\"async\" src=\"\/wp-content\/uploads\/photos\/naxos\/flora\/lichens\/ochrolechia_tartarea-1.jpg\" alt=\"\"><\/p>\n<div>Ochrolechia tartarea<\/div>\n<\/li>\n<li>\n<p>        <img decoding=\"async\" src=\"\/wp-content\/uploads\/photos\/naxos\/flora\/lichens\/opegrapha_spec-1.jpg\" alt=\"\"><\/p>\n<div>Opegrapha spec.<\/div>\n<\/li>\n<li>\n<p>        <img decoding=\"async\" src=\"\/wp-content\/uploads\/photos\/naxos\/flora\/lichens\/pertusaria_albescens-1.jpg\" alt=\"\"><\/p>\n<div>Pertusaria albescens<\/div>\n<\/li>\n<li>\n<p>        <img decoding=\"async\" src=\"\/wp-content\/uploads\/photos\/naxos\/flora\/lichens\/pertusaria_hemisphaerica-1.jpg\" alt=\"\"><\/p>\n<div>Pertusaria hemisphaerica<\/div>\n<\/li>\n<li>\n<p>        <img decoding=\"async\" src=\"\/wp-content\/uploads\/photos\/naxos\/flora\/lichens\/pertusaria_hymenea-1.jpg\" alt=\"\"><\/p>\n<div>Pertusaria hymenea<\/div>\n<\/li>\n<li>\n<p>        <img decoding=\"async\" src=\"\/wp-content\/uploads\/photos\/naxos\/flora\/lichens\/pertusaria_monogona-1.jpg\" alt=\"\"><\/p>\n<div>Pertusaria monogona<\/div>\n<\/li>\n<li>\n<p>        <img decoding=\"async\" src=\"\/wp-content\/uploads\/photos\/naxos\/flora\/lichens\/pertusaria_ophthalmiza-1.jpg\" alt=\"\"><\/p>\n<div>Pertusaria ophthalmiza<\/div>\n<\/li>\n<li>\n<p>        <img decoding=\"async\" src=\"\/wp-content\/uploads\/photos\/naxos\/flora\/lichens\/pertusaria_pertusa-1.jpg\" alt=\"\"><\/p>\n<div>Pertusaria pertusa<\/div>\n<\/li>\n<li>\n<p>        <img decoding=\"async\" src=\"\/wp-content\/uploads\/photos\/naxos\/flora\/lichens\/pertusaria_rupestris-1.jpg\" alt=\"\"><\/p>\n<div>Pertusaria rupestris<\/div>\n<\/li>\n<li>\n<p>        <img decoding=\"async\" src=\"\/wp-content\/uploads\/photos\/naxos\/flora\/lichens\/phlyctis_argena-1.jpg\" alt=\"\"><\/p>\n<div>Phlyctis argena<\/div>\n<\/li>\n<li>\n<p>        <img decoding=\"async\" src=\"\/wp-content\/uploads\/photos\/naxos\/flora\/lichens\/placolecis_opaca-1.jpg\" alt=\"\"><\/p>\n<div>Placolecis opaca<\/div>\n<\/li>\n<li>\n<p>        <img decoding=\"async\" src=\"\/wp-content\/uploads\/photos\/naxos\/flora\/lichens\/rhizocarpon_geographicum-1.jpg\" alt=\"\"><\/p>\n<div>Rhizocarpon geographicum<\/div>\n<\/li>\n<li>\n<p>        <img decoding=\"async\" src=\"\/wp-content\/uploads\/photos\/naxos\/flora\/lichens\/squamarina_gypsacea-1.jpg\" alt=\"\"><\/p>\n<div>Squamarina gypsacea<\/div>\n<\/li>\n<li>\n<p>        <img decoding=\"async\" src=\"\/wp-content\/uploads\/photos\/naxos\/flora\/lichens\/squamarina_lentigera-1.jpg\" alt=\"\"><\/p>\n<div>Squamarina lentigera<\/div>\n<\/li>\n<li>\n<p>        <img decoding=\"async\" src=\"\/wp-content\/uploads\/photos\/naxos\/flora\/lichens\/tephromela_atra-2.jpg\" alt=\"\"><\/p>\n<div>Tephromela atra<\/div>\n<\/li>\n<li>\n<p>        <img decoding=\"async\" src=\"\/wp-content\/uploads\/photos\/naxos\/flora\/lichens\/collema_flaccidum-1.jpg\" alt=\"\"><\/p>\n<div>Collema flaccidum<\/div>\n<\/li>\n<li>\n<p>        <img decoding=\"async\" src=\"\/wp-content\/uploads\/photos\/naxos\/flora\/lichens\/collema_furfuraceum-1.jpg\" alt=\"\"><\/p>\n<div>Collema furfuraceum<\/div>\n<\/li>\n<li>\n<p>        <img decoding=\"async\" src=\"\/wp-content\/uploads\/photos\/naxos\/flora\/lichens\/collema_nigrescens-1.jpg\" alt=\"\"><\/p>\n<div>Collema nigrescens<\/div>\n<\/li>\n<li>\n<p>        <img decoding=\"async\" src=\"\/wp-content\/uploads\/photos\/naxos\/flora\/lichens\/lathagrium_cristatum-1.jpg\" alt=\"\"><\/p>\n<div>Lathagrium cristatum<\/div>\n<\/li>\n<li>\n<p>        <img decoding=\"async\" src=\"\/wp-content\/uploads\/photos\/naxos\/flora\/lichens\/dermatocarpon_miniatum-1.jpg\" alt=\"\"><\/p>\n<div>Dermatocarpon miniatum<\/div>\n<\/li>\n<li>\n<p>        <img decoding=\"async\" src=\"\/wp-content\/uploads\/photos\/naxos\/flora\/lichens\/scytinium_lichenoides-1.jpg\" alt=\"\"><\/p>\n<div>Scytinium lichenoides ?<\/div>\n<\/li>\n<li>\n<p>        <img decoding=\"async\" src=\"\/wp-content\/uploads\/photos\/naxos\/flora\/lichens\/degelia_pumbea-1.jpg\" alt=\"\"><\/p>\n<div>Degelia plumbea<\/div>\n<\/li>\n<li>\n<p>        <img decoding=\"async\" src=\"\/wp-content\/uploads\/photos\/naxos\/flora\/lichens\/nephroma_laevigatum-1.jpg\" alt=\"\"><\/p>\n<div>Nephroma laevigatum<\/div>\n<\/li>\n<li>\n<p>        <img decoding=\"async\" src=\"\/wp-content\/uploads\/photos\/naxos\/flora\/lichens\/melanelixia_glabra-1.jpg\" alt=\"\"><\/p>\n<div>Melanelixia glabra<\/div>\n<\/li>\n<li>\n<p>        <img decoding=\"async\" src=\"\/wp-content\/uploads\/photos\/naxos\/flora\/lichens\/melanelixia_glabratula-1.jpg\" alt=\"\"><\/p>\n<div>Melanelixia glabratula<\/div>\n<\/li>\n<li>\n<p>        <img decoding=\"async\" src=\"\/wp-content\/uploads\/photos\/naxos\/flora\/lichens\/parmelia_saxatilis-3.jpg\" alt=\"\"><\/p>\n<div>Parmelia saxatilis<\/div>\n<\/li>\n<li>\n<p>        <img decoding=\"async\" src=\"\/wp-content\/uploads\/photos\/naxos\/flora\/lichens\/parmelia_sulcata-1.jpg\" alt=\"\"><\/p>\n<div>Parmelia sulcata<\/div>\n<\/li>\n<li>\n<p>        <img decoding=\"async\" src=\"\/wp-content\/uploads\/photos\/naxos\/flora\/lichens\/parmelina_quercina-2.jpg\" alt=\"\"><\/p>\n<div>Parmelina quercina<\/div>\n<\/li>\n<li>\n<p>        <img decoding=\"async\" src=\"\/wp-content\/uploads\/photos\/naxos\/flora\/lichens\/parmelina_tiliacea-2.jpg\" alt=\"\"><\/p>\n<div>Parmelina tiliacea<\/div>\n<\/li>\n<li>\n<p>        <img decoding=\"async\" src=\"\/wp-content\/uploads\/photos\/naxos\/flora\/lichens\/parmelina_pastillifera_detail-1.jpg\" alt=\"\"><\/p>\n<div>Parmelina pastillifera<\/div>\n<\/li>\n<li>\n<p>        <img decoding=\"async\" src=\"\/wp-content\/uploads\/photos\/naxos\/flora\/lichens\/pleurosticta_acetabulum-2.jpg\" alt=\"\"><\/p>\n<div>Pleurosticta acetabulum<\/div>\n<\/li>\n<li>\n<p>        <img decoding=\"async\" src=\"\/wp-content\/uploads\/photos\/naxos\/flora\/lichens\/xanthoparmelia_pulla-1.jpg\" alt=\"\"><\/p>\n<div>Xanthoparmelia pulla<\/div>\n<\/li>\n<li>\n<p>        <img decoding=\"async\" src=\"\/wp-content\/uploads\/photos\/naxos\/flora\/lichens\/xanthoparmelia_loxodes-1.jpg\" alt=\"\"><\/p>\n<div>Xanthoparmelia loxodes<\/div>\n<\/li>\n<li>\n<p>        <img decoding=\"async\" src=\"\/wp-content\/uploads\/photos\/naxos\/flora\/lichens\/xanthoparmelia_tinctina-1.jpg\" alt=\"\"><\/p>\n<div>Xanthoparmelia tinctina<\/div>\n<\/li>\n<li>\n<p>        <img decoding=\"async\" src=\"\/wp-content\/uploads\/photos\/naxos\/flora\/lichens\/parmotrema_chinense-2.jpg\" alt=\"\"><\/p>\n<div>Parmotrema chinense<\/div>\n<\/li>\n<li>\n<p>        <img decoding=\"async\" src=\"\/wp-content\/uploads\/photos\/naxos\/flora\/lichens\/peltigera_membranacea-1.jpg\" alt=\"\"><\/p>\n<div>Peltigera membranacea ?<\/div>\n<\/li>\n<li>\n<p>        <img decoding=\"async\" src=\"\/wp-content\/uploads\/photos\/naxos\/flora\/lichens\/peltigera_neckeri-1.jpg\" alt=\"\"><\/p>\n<div>Peltigera neckeri<\/div>\n<\/li>\n<li>\n<p>        <img decoding=\"async\" src=\"\/wp-content\/uploads\/photos\/naxos\/flora\/lichens\/peltigera_praetextata-1.jpg\" alt=\"\"><\/p>\n<div>Peltigera praetextata<\/div>\n<\/li>\n<li>\n<p>        <img decoding=\"async\" src=\"\/wp-content\/uploads\/photos\/naxos\/flora\/lichens\/physcia_adscendens-1.jpg\" alt=\"\"><\/p>\n<div>Physcia adscendens<\/div>\n<\/li>\n<li>\n<p>        <img decoding=\"async\" src=\"\/wp-content\/uploads\/photos\/naxos\/flora\/lichens\/physcia_aipolia_detail-1.jpg\" alt=\"\"><\/p>\n<div>Physcia aipolia ?<\/div>\n<\/li>\n<li>\n<p>        <img decoding=\"async\" src=\"\/wp-content\/uploads\/photos\/naxos\/flora\/lichens\/physcia_biziana-1.jpg\" alt=\"\"><\/p>\n<div>Physcia biziana ?<\/div>\n<\/li>\n<li>\n<p>        <img decoding=\"async\" src=\"\/wp-content\/uploads\/photos\/naxos\/flora\/lichens\/physcia_caesia-1.jpg\" alt=\"\"><\/p>\n<div>Physcia caesia<\/div>\n<\/li>\n<li>\n<p>        <img decoding=\"async\" src=\"\/wp-content\/uploads\/photos\/naxos\/flora\/lichens\/physcia_dimidiata-1.jpg\" alt=\"\"><\/p>\n<div>Physcia dimidiata<\/div>\n<\/li>\n<li>\n<p>        <img decoding=\"async\" src=\"\/wp-content\/uploads\/photos\/naxos\/flora\/lichens\/physcia_semipinnata-1.jpg\" alt=\"\"><\/p>\n<div>Physcia semipinnata<\/div>\n<\/li>\n<li>\n<p>        <img decoding=\"async\" src=\"\/wp-content\/uploads\/photos\/naxos\/flora\/lichens\/physcia_stellaris-1.jpg\" alt=\"\"><\/p>\n<div>Physcia stellaris ?<\/div>\n<\/li>\n<li>\n<p>        <img decoding=\"async\" src=\"\/wp-content\/uploads\/photos\/naxos\/flora\/lichens\/physcia_tenella-1.jpg\" alt=\"\"><\/p>\n<div>Physcia tenella<\/div>\n<\/li>\n<li>\n<p>        <img decoding=\"async\" src=\"\/wp-content\/uploads\/photos\/naxos\/flora\/lichens\/physconia_distorta-2.jpg\" alt=\"\"><\/p>\n<div>Physconia distorta<\/div>\n<\/li>\n<li>\n<p>        <img decoding=\"async\" src=\"\/wp-content\/uploads\/photos\/naxos\/flora\/lichens\/physconia_grisea-1.jpg\" alt=\"\"><\/p>\n<div>Physconia grisea ?<\/div>\n<\/li>\n<li>\n<p>        <img decoding=\"async\" src=\"\/wp-content\/uploads\/photos\/naxos\/flora\/lichens\/physconia_venusta-2.jpg\" alt=\"\"><\/p>\n<div>Physconia venusta ?<\/div>\n<\/li>\n<li>\n<p>        <img decoding=\"async\" src=\"\/wp-content\/uploads\/photos\/naxos\/flora\/lichens\/xanthoria_parietina-2.jpg\" alt=\"\"><\/p>\n<div>Xanthoria parietina<\/div>\n<\/li>\n<li>\n<p>        <img decoding=\"async\" src=\"\/wp-content\/uploads\/photos\/naxos\/flora\/lichens\/xanthoria_calcicola-1.jpg\" alt=\"\"><\/p>\n<div>Xanthoria calcicola<\/div>\n<\/li>\n<li>\n<p>        <img decoding=\"async\" src=\"\/wp-content\/uploads\/photos\/naxos\/flora\/lichens\/anaptychia_ciliaris-1.jpg\" alt=\"\"><\/p>\n<div>Anaptychia ciliaris<\/div>\n<\/li>\n<li>\n<p>        <img decoding=\"async\" src=\"\/wp-content\/uploads\/photos\/naxos\/flora\/lichens\/cladonia_convoluta-1.jpg\" alt=\"\"><\/p>\n<div>Cladonia convoluta<\/div>\n<\/li>\n<li>\n<p>        <img decoding=\"async\" src=\"\/wp-content\/uploads\/photos\/naxos\/flora\/lichens\/cladonia_portentosa-1.jpg\" alt=\"\"><\/p>\n<div>Cladonia portentosa ?<\/div>\n<\/li>\n<li>\n<p>        <img decoding=\"async\" src=\"\/wp-content\/uploads\/photos\/naxos\/flora\/lichens\/cladonia_pyxidata-1.jpg\" alt=\"\"><\/p>\n<div>Cladonia pyxidata<\/div>\n<\/li>\n<li>\n<p>        <img decoding=\"async\" src=\"\/wp-content\/uploads\/photos\/naxos\/flora\/lichens\/cladonia_rangiformis-1.jpg\" alt=\"\"><\/p>\n<div>Cladonia rangiformis<\/div>\n<\/li>\n<li>\n<p>        <img decoding=\"async\" src=\"\/wp-content\/uploads\/photos\/naxos\/flora\/lichens\/cladonia_uncialis-1.jpg\" alt=\"\"><\/p>\n<div>Cladonia uncialis ?<\/div>\n<\/li>\n<li>\n<p>        <img decoding=\"async\" src=\"\/wp-content\/uploads\/photos\/naxos\/flora\/lichens\/evernia_prunastri-1.jpg\" alt=\"\"><\/p>\n<div>Evernia prunastri<\/div>\n<\/li>\n<li>\n<p>        <img decoding=\"async\" src=\"\/wp-content\/uploads\/photos\/naxos\/flora\/lichens\/pseudevernia_furfuracea-4.jpg\" alt=\"\"><\/p>\n<div>Pseudevernia furfuracea<\/div>\n<\/li>\n<li>\n<p>        <img decoding=\"async\" src=\"\/wp-content\/uploads\/photos\/naxos\/flora\/lichens\/ramalina_breviuscula-1.jpg\" alt=\"\"><\/p>\n<div>Ramalina breviuscula ?<\/div>\n<\/li>\n<li>\n<p>        <img decoding=\"async\" src=\"\/wp-content\/uploads\/photos\/naxos\/flora\/lichens\/ramalina_canariensis-1.jpg\" alt=\"\"><\/p>\n<div>Ramalina canariensis<\/div>\n<\/li>\n<li>\n<p>        <img decoding=\"async\" src=\"\/wp-content\/uploads\/photos\/naxos\/flora\/lichens\/ramalina_farinacea-1.jpg\" alt=\"\"><\/p>\n<div>Ramalina farinacea<\/div>\n<\/li>\n<li>\n<p>        <img decoding=\"async\" src=\"\/wp-content\/uploads\/photos\/naxos\/flora\/lichens\/ramalina_fastigiata-2.jpg\" alt=\"\"><\/p>\n<div>Ramalina fastigiata<\/div>\n<\/li>\n<li>\n<p>        <img decoding=\"async\" src=\"\/wp-content\/uploads\/photos\/naxos\/flora\/lichens\/ramalina_fraxinea-1.jpg\" alt=\"\"><\/p>\n<div>Ramalina fraxinea<\/div>\n<\/li>\n<li>\n<p>        <img decoding=\"async\" src=\"\/wp-content\/uploads\/photos\/naxos\/flora\/lichens\/ramalina_requienii_detail-1.jpg\" alt=\"\"><\/p>\n<div>Ramalina requienii ?<\/div>\n<\/li>\n<li>\n<p>        <img decoding=\"async\" src=\"\/wp-content\/uploads\/photos\/naxos\/flora\/lichens\/ramalina_subfarinacea-1.jpg\" alt=\"\"><\/p>\n<div>Ramalina subfarinacea<\/div>\n<\/li>\n<li>\n<p>        <img decoding=\"async\" src=\"\/wp-content\/uploads\/photos\/naxos\/flora\/lichens\/roccella_phycopsis-1.jpg\" alt=\"\"><\/p>\n<div>Roccella phycopsis<\/div>\n<\/li>\n<li>\n<p>        <img decoding=\"async\" src=\"\/wp-content\/uploads\/photos\/naxos\/flora\/lichens\/tornabea_scutellifera-1.jpg\" alt=\"\"><\/p>\n<div>Tornabea scutellifera<\/div>\n<\/li>\n<li>\n<p>        <img decoding=\"async\" src=\"\/wp-content\/uploads\/photos\/naxos\/flora\/lichens\/usnea_spec-1.jpg\" alt=\"\"><\/p>\n<div>Usnea spec.<\/div>\n<\/li>\n<\/ul>\n<hr>\n<div><a name=\"Links\"><font color=\"#ffffff\">Links<\/font><\/a><\/p>\n<p>Zur ausf\u00fchrlichen Beschreibung der Arten:<\/p>\n<ul>\n<li><a href=\"http:\/\/azalas.de\/pilze\/\">Pilze<\/a><\/li>\n<li><a href=\"http:\/\/azalas.de\/flechten\/\">Flechten<\/a><\/li>\n<li><a href=\"http:\/\/azalas.de\/krustenflechten\/\">Krustenflechten<\/a><\/li>\n<li><a href=\"http:\/\/azalas.de\/blattflechten\/\">Blattflechten<\/a><\/li>\n<li><a href=\"http:\/\/azalas.de\/strauchflechten\/\">Strauchflechten<\/a><\/li>\n<\/ul>\n<\/div>\n<hr>\n<h3>Foto\u00fcbersichten der Pflanzen von Naxos<\/h3>\n<ul>\n<li>\n<p>        <img decoding=\"async\" src=\"https:\/\/azalas.de\/wp-content\/uploads\/photos\/naxos\/flora\/fagaceae\/quercus_pubescens-1.jpg\" alt=\"\"><\/p>\n<h5>B\u00e4ume<\/h5>\n<p><a href=\"https:\/\/azalas.de\/fotouebersicht-baeume\/\"><\/a><\/p>\n<\/li>\n<li>\n<p>        <img decoding=\"async\" src=\"https:\/\/azalas.de\/wp-content\/uploads\/photos\/naxos\/flora\/lichens\/foliose_lichens_on_branch-1.jpg\" alt=\"\"><\/p>\n<h5>Pilze &#038; Flechten<\/h5>\n<p><a href=\"https:\/\/azalas.de\/de\/fotouebersicht-flechten-und-pilze\/\"><\/a><\/p>\n<\/li>\n<li>\n<p>        <img decoding=\"async\" src=\"https:\/\/azalas.de\/wp-content\/uploads\/photos\/naxos\/flora\/ferns\/cheilanthes_acrostica-1.jpg\" alt=\"\"><\/p>\n<h5>Farne u.a.<\/h5>\n<p><a href=\"https:\/\/azalas.de\/fotouebersicht-farne\/\"><\/a><\/p>\n<\/li>\n<li>\n<p>        <img decoding=\"async\" src=\"https:\/\/azalas.de\/wp-content\/uploads\/photos\/naxos\/flora\/iridaceae\/crocus_tournefortii-1.jpg\" alt=\"\"><\/p>\n<h5>Einkeimbl\u00e4ttrige<\/h5>\n<p><a href=\"https:\/\/azalas.de\/fotouebersicht-einkeimblaettrige\/\"><\/a><\/p>\n<\/li>\n<li>\n<p>        <img decoding=\"async\" src=\"https:\/\/azalas.de\/wp-content\/uploads\/photos\/naxos\/flora\/poaceae\/lamarckia_aurea-1.jpg\" alt=\"\"><\/p>\n<h5>Gr\u00e4ser<\/h5>\n<p><a href=\"https:\/\/azalas.de\/fotouebersicht-graeser\/\"><\/a><\/p>\n<\/li>\n<li>\n<p>        <img decoding=\"async\" src=\"https:\/\/azalas.de\/wp-content\/uploads\/photos\/naxos\/flora\/orchidaceae\/anacamptis_papilionacea_flower-1.jpg\" alt=\"\"><\/p>\n<h5>Orchideen<\/h5>\n<p><a href=\"https:\/\/azalas.de\/fotouebersicht-orchideen\/\"><\/a><\/p>\n<\/li>\n<li>\n<p>        <img decoding=\"async\" src=\"https:\/\/azalas.de\/wp-content\/uploads\/photos\/naxos\/flora\/ranunculaceae\/ranunculus_ficaria-1.jpg\" alt=\"\"><\/p>\n<h5>Hahnenfu\u00dfartige u.a.<\/h5>\n<p><a href=\"https:\/\/azalas.de\/fotouebersicht-hahnenfussartige\/\"><\/a><\/p>\n<\/li>\n<li>\n<p>        <img decoding=\"async\" src=\"https:\/\/azalas.de\/wp-content\/uploads\/photos\/naxos\/flora\/hypericaceae\/hypericum_empetrifolium-1.jpg\" alt=\"\"><\/p>\n<h5>Johanniskrautartige u.a.<\/h5>\n<p><a href=\"https:\/\/azalas.de\/fotouebersicht-johanniskraut\/\"><\/a><\/p>\n<\/li>\n<li>\n<p>        <img decoding=\"async\" src=\"https:\/\/azalas.de\/wp-content\/uploads\/photos\/naxos\/flora\/fabaceae\/vicia_villosa_microphylla_detail-1.jpg\" alt=\"\"><\/p>\n<h5>Schmetterlingsbl\u00fctler<\/h5>\n<p><a href=\"https:\/\/azalas.de\/fotouebersicht-schmetterlingsbluetler\/\"><\/a><\/p>\n<\/li>\n<li>\n<p>        <img decoding=\"async\" src=\"https:\/\/azalas.de\/wp-content\/uploads\/photos\/naxos\/flora\/rosaceae\/rubus_sanctus_flower-1.jpg\" alt=\"\"><\/p>\n<h5>Rosenartige u.a.<\/h5>\n<p><a href=\"https:\/\/azalas.de\/fotouebersicht-rosenartige\/\"><\/a><\/p>\n<\/li>\n<li>\n<p>        <img decoding=\"async\" src=\"https:\/\/azalas.de\/wp-content\/uploads\/photos\/naxos\/flora\/brassicaceae\/erophila_verna-1.jpg\" alt=\"\"><\/p>\n<h5>Kreuzbl\u00fctler u.a.<\/h5>\n<p><a href=\"https:\/\/azalas.de\/fotouebersicht-kreuzbluetler\/\"><\/a><\/p>\n<\/li>\n<li>\n<p>        <img decoding=\"async\" src=\"https:\/\/azalas.de\/wp-content\/uploads\/photos\/naxos\/flora\/caryophyllaceae\/silene_colorata_flower-1.jpg\" alt=\"\"><\/p>\n<h5>Nelkengew\u00e4chse<\/h5>\n<p><a href=\"https:\/\/azalas.de\/fotouebersicht-nelkengewaechse\/\"><\/a><\/p>\n<\/li>\n<li>\n<p>        <img decoding=\"async\" src=\"https:\/\/azalas.de\/wp-content\/uploads\/photos\/naxos\/flora\/lamiaceae\/thymbra_capitata_detail-1.jpg\" alt=\"\"><\/p>\n<h5>Lippenbl\u00fctlerartige<\/h5>\n<p><a href=\"https:\/\/azalas.de\/fotouebersicht-lippenbluetlerartige\/\"><\/a><\/p>\n<\/li>\n<li>\n<p>        <img decoding=\"async\" src=\"https:\/\/azalas.de\/wp-content\/uploads\/photos\/naxos\/flora\/asteraceae\/matricaria_chamomilla-1.jpg\" alt=\"\"><\/p>\n<h5>Korbbl\u00fctler u.a.<\/h5>\n<p><a href=\"https:\/\/azalas.de\/fotouebersicht-korbbluetler\/\"><\/a><\/p>\n<\/li>\n<li>\n<p>        <img decoding=\"async\" src=\"https:\/\/azalas.de\/wp-content\/uploads\/photos\/naxos\/flora\/apiaceae\/daucus_carota-1.jpg\" alt=\"\"><\/p>\n<h5>Doldenbl\u00fctler<\/h5>\n<p><a href=\"https:\/\/azalas.de\/fotouebersicht-doldenbluetler\/\"><\/a><\/p>\n<\/li>\n<\/ul>\n<hr>\n<div><a href=\"https:\/\/azalas.de\/flora-von-naxos\/\">Zur Flora von Naxos<\/a><\/p>\n<p><a href=\"https:\/\/azalas.de\/inhaltsverzeichnis\/\">Zum Inhaltsverzeichnis<\/a>\n<\/div>\n<p><!--more--><br \/>\n<!-- {\"type\":\"layout\",\"children\":[{\"type\":\"section\",\"props\":{\"image_position\":\"center-center\",\"padding_remove_bottom\":false,\"style\":\"default\",\"title_breakpoint\":\"xl\",\"title_position\":\"top-left\",\"title_rotation\":\"left\",\"vertical_align\":\"\",\"width\":\"default\"},\"children\":[{\"type\":\"row\",\"props\":{\"margin\":\"small\",\"margin_remove_bottom\":false},\"children\":[{\"type\":\"column\",\"props\":{\"image_position\":\"center-center\",\"position_sticky_breakpoint\":\"m\"},\"children\":[{\"type\":\"headline\",\"props\":{\"content\":\"Foto\\u00fcbersicht \\\"Pilze und Flechten\\\"\",\"content_en_gb\":\"Photo gallery \\\"Fungi and lichens\\\"\",\"title_element\":\"h1\"}}]}]}],\"name\":\"Seitenname\"},{\"type\":\"section\",\"props\":{\"image_position\":\"center-center\",\"style\":\"default\",\"title_breakpoint\":\"xl\",\"title_position\":\"top-left\",\"title_rotation\":\"left\",\"vertical_align\":\"\",\"width\":\"default\"},\"children\":[{\"type\":\"row\",\"children\":[{\"type\":\"column\",\"props\":{\"image_position\":\"center-center\",\"position_sticky_breakpoint\":\"m\"},\"children\":[{\"type\":\"text\",\"props\":{\"column_breakpoint\":\"m\",\"content\":\"<a href=\\\"#Links\\\">Hier geht es direkt zu den Links zu den ausf\\u00fchrlichen Beitr\\u00e4gen (am Seitenende).<\\\/a>\\n\n\n<p>Zum \\u00d6ffnen als Diashow auf die Fotos klicken!<\\\/p>\\n\",\"content_en_gb\":\"<a href=\\\"#Links\\\">Click here to go to the links to the detailed articles (bottom of the page).<\\\/a>\\n\n\n<p>To open as slideshow click on the photos!<\\\/p>\\n\",\"margin\":\"default\"}}]}]}]},{\"type\":\"section\",\"props\":{\"image_position\":\"center-center\",\"padding_remove_bottom\":false,\"padding_remove_top\":true,\"style\":\"default\",\"title_breakpoint\":\"xl\",\"title_position\":\"top-left\",\"title_rotation\":\"left\",\"vertical_align\":\"\",\"width\":\"default\"},\"children\":[{\"type\":\"row\",\"children\":[{\"type\":\"column\",\"props\":{\"image_position\":\"center-center\",\"position_sticky_breakpoint\":\"m\"},\"children\":[{\"type\":\"headline\",\"props\":{\"content\":\"1. Pilze\",\"content_en_gb\":\"1. Fungi\",\"title_element\":\"h3\"}},{\"type\":\"text\",\"props\":{\"column_breakpoint\":\"m\",\"content\":\"Pilze sind schwer zu bestimmen - die Bestimmung der meisten hier vorgestellten Arten ist unsicher.\",\"content_en_gb\":\"Fungi are difficult to identify, and the identification of most species here presented is uncertain.\",\"margin\":\"default\"}},{\"type\":\"gallery\",\"props\":{\"filter_align\":\"left\",\"filter_all\":true,\"filter_grid_breakpoint\":\"m\",\"filter_grid_width\":\"auto\",\"filter_position\":\"top\",\"filter_style\":\"tab\",\"grid_column_gap\":\"small\",\"grid_default\":\"1\",\"grid_large\":\"3\",\"grid_medium\":\"2\",\"grid_row_gap\":\"medium\",\"grid_small\":\"1\",\"grid_xlarge\":\"4\",\"image_height\":\"375\",\"image_loading\":true,\"image_width\":\"500\",\"item_animation\":true,\"lightbox\":true,\"lightbox_bg_close\":true,\"link_fullwidth\":true,\"link_margin\":\"remove\",\"link_size\":\"small\",\"link_style\":\"default\",\"link_text\":\"\",\"margin\":\"default\",\"meta_align\":\"below-title\",\"meta_element\":\"div\",\"meta_style\":\"text-meta\",\"overlay_hover\":false,\"overlay_link\":true,\"overlay_mode\":\"caption\",\"overlay_padding\":\"small\",\"overlay_position\":\"bottom\",\"overlay_style\":\"overlay-primary\",\"overlay_transition\":\"fade\",\"show_content\":false,\"show_hover_image\":true,\"show_hover_video\":true,\"show_link\":true,\"show_meta\":false,\"show_title\":true,\"text_align\":\"center\",\"text_color\":\"light\",\"title_element\":\"div\",\"title_hover_style\":\"reset\",\"title_margin\":\"small\",\"title_style\":\"h5\"},\"children\":[{\"type\":\"gallery_item\",\"props\":{\"image\":\"wp-content\\\/uploads\\\/photos\\\/naxos\\\/flora\\\/fungi\\\/terana_caerulea-1.jpg\",\"title\":\"Blauer Rindenpilz, Terana caerulea\"}},{\"type\":\"gallery_item\",\"props\":{\"image\":\"wp-content\\\/uploads\\\/photos\\\/naxos\\\/flora\\\/fungi\\\/lentinus_arcularius_underside-1.jpg\",\"title\":\"Weitl\\u00f6cheriger Stielporling, Lentinus arcularius ?\"}},{\"type\":\"gallery_item\",\"props\":{\"image\":\"wp-content\\\/uploads\\\/photos\\\/naxos\\\/flora\\\/fungi\\\/inocutis_tamaricis-1.jpg\",\"title\":\"Tamarisken-Schillerporling, Inocutis tamaricis\"}},{\"type\":\"gallery_item\",\"props\":{\"image\":\"wp-content\\\/uploads\\\/photos\\\/naxos\\\/flora\\\/fungi\\\/auricularia_auricula_judae-2.jpg\",\"title\":\"Judasohr, Auricularia auridula-judae\"}},{\"type\":\"gallery_item\",\"props\":{\"image\":\"wp-content\\\/uploads\\\/photos\\\/naxos\\\/flora\\\/fungi\\\/coprinus_vosoustii-1.jpg\",\"title\":\"Coprinus vosoustii ?\"}},{\"type\":\"gallery_item\",\"props\":{\"image\":\"wp-content\\\/uploads\\\/photos\\\/naxos\\\/flora\\\/fungi\\\/agaricus_campestris-2.jpg\",\"title\":\"Wiesen-Champignon, Agaricus campestris ?\"}},{\"type\":\"gallery_item\",\"props\":{\"image\":\"wp-content\\\/uploads\\\/photos\\\/naxos\\\/flora\\\/fungi\\\/agaricus_augustus-1.jpg\",\"title\":\"Riesen-Champignon, Agaricus augustus ?\"}},{\"type\":\"gallery_item\",\"props\":{\"image\":\"wp-content\\\/uploads\\\/photos\\\/naxos\\\/flora\\\/fungi\\\/collybia_nuda-1.jpg\",\"title\":\"Violetter R\\u00f6telritterling, Collybia nuda\"}},{\"type\":\"gallery_item\",\"props\":{\"image\":\"wp-content\\\/uploads\\\/photos\\\/naxos\\\/flora\\\/fungi\\\/pleurotus_eryngii-3.jpg\",\"title\":\"Brauner Kr\\u00e4uter-Seitling, Pleurotus eryngii\"}},{\"type\":\"gallery_item\",\"props\":{\"image\":\"wp-content\\\/uploads\\\/photos\\\/naxos\\\/flora\\\/fungi\\\/volvopluteus_gloiocephalus-1.jpg\",\"title\":\"Gro\\u00dfer Scheidling, Volvopluteus gloiocephalus\"}},{\"type\":\"gallery_item\",\"props\":{\"image\":\"wp-content\\\/uploads\\\/photos\\\/naxos\\\/flora\\\/fungi\\\/calvatia_gigantea-1.jpg\",\"title\":\"Riesenbovist, Calvatia gigantea ?\"}},{\"type\":\"gallery_item\",\"props\":{\"image\":\"wp-content\\\/uploads\\\/photos\\\/naxos\\\/flora\\\/fungi\\\/clathrus_ruber-1.jpg\",\"title\":\"Roter Gitterling, Clathrus ruber\"}},{\"type\":\"gallery_item\",\"props\":{\"image\":\"wp-content\\\/uploads\\\/photos\\\/naxos\\\/flora\\\/fungi\\\/tremella_mesenterica-1.jpg\",\"title\":\"Goldgelber Zitterling, Tremella mesenterica\",\"title_en_gb\":\"Tremella mesenterica\"}}]}]}]}],\"name\":\"Galerie Pilze\"},{\"type\":\"section\",\"props\":{\"image_position\":\"center-center\",\"padding_remove_bottom\":false,\"padding_remove_top\":true,\"style\":\"default\",\"title_breakpoint\":\"xl\",\"title_position\":\"top-left\",\"title_rotation\":\"left\",\"vertical_align\":\"\",\"width\":\"default\"},\"children\":[{\"type\":\"row\",\"children\":[{\"type\":\"column\",\"props\":{\"image_position\":\"center-center\",\"position_sticky_breakpoint\":\"m\"},\"children\":[{\"type\":\"headline\",\"props\":{\"content\":\"2. Flechten - Lichens\",\"title_element\":\"h3\"}},{\"type\":\"text\",\"props\":{\"column_breakpoint\":\"m\",\"content\":\"Auch die Flechten sind oft schwer zu betimmen; h\\u00e4ufig ist eine mikroskopische Untersuchung der Sporen und einen Nachweis bestimmter chemischer Inhaltsstoffe (\\\"Flechtenstoffe\\\") mit speziellen Reagenzien unabdinglich. Deswegen m\\u00fcssen viele Bestimmungen, insbesondere unter den Krustenflechten, unsicher bleiben.\",\"content_en_gb\":\"Many lichens are difficult to identify. Often for a proper identification a microscopic examination of the spores is necessary as well as the application of special chemicals which produce a color reaction according to the content in secondary metabolites. Thus the identification of some of the species here presented, especially among the crustose lichens, must remain uncertain.\",\"margin\":\"default\"}},{\"type\":\"gallery\",\"props\":{\"filter_align\":\"left\",\"filter_all\":true,\"filter_grid_breakpoint\":\"m\",\"filter_grid_width\":\"auto\",\"filter_position\":\"top\",\"filter_style\":\"tab\",\"grid_column_gap\":\"small\",\"grid_default\":\"1\",\"grid_large\":\"3\",\"grid_medium\":\"2\",\"grid_row_gap\":\"medium\",\"grid_small\":\"1\",\"grid_xlarge\":\"4\",\"image_height\":\"375\",\"image_loading\":true,\"image_width\":\"500\",\"item_animation\":true,\"lightbox\":true,\"lightbox_bg_close\":true,\"link_fullwidth\":true,\"link_margin\":\"remove\",\"link_size\":\"small\",\"link_style\":\"default\",\"link_text\":\"\",\"margin\":\"default\",\"meta_align\":\"below-title\",\"meta_element\":\"div\",\"meta_style\":\"text-meta\",\"overlay_hover\":false,\"overlay_link\":true,\"overlay_mode\":\"caption\",\"overlay_padding\":\"small\",\"overlay_position\":\"bottom\",\"overlay_style\":\"overlay-primary\",\"overlay_transition\":\"fade\",\"show_content\":false,\"show_hover_image\":true,\"show_hover_video\":true,\"show_link\":true,\"show_meta\":false,\"show_title\":true,\"text_align\":\"center\",\"text_color\":\"light\",\"title_element\":\"div\",\"title_hover_style\":\"reset\",\"title_margin\":\"small\",\"title_style\":\"h5\"},\"children\":[{\"type\":\"gallery_item\",\"props\":{\"image\":\"wp-content\\\/uploads\\\/photos\\\/naxos\\\/flora\\\/lichens\\\/aspicilia_caesiocinerea-2.jpg\",\"title\":\"Aspicilia caesiocinerea\"}},{\"type\":\"gallery_item\",\"props\":{\"image\":\"wp-content\\\/uploads\\\/photos\\\/naxos\\\/flora\\\/lichens\\\/aspicilia_calcarea-2.jpg\",\"title\":\"Aspicilia calcarea\"}},{\"type\":\"gallery_item\",\"props\":{\"image\":\"wp-content\\\/uploads\\\/photos\\\/naxos\\\/flora\\\/lichens\\\/aspicilia_contorta-1.jpg\",\"title\":\"Aspicilia contorta\"}},{\"type\":\"gallery_item\",\"props\":{\"image\":\"wp-content\\\/uploads\\\/photos\\\/naxos\\\/flora\\\/lichens\\\/caloplaca_arenaria-1.jpg\",\"title\":\"Caloplaca arenaria\"}},{\"type\":\"gallery_item\",\"props\":{\"image\":\"wp-content\\\/uploads\\\/photos\\\/naxos\\\/flora\\\/lichens\\\/caloplaca_aurantia-1.jpg\",\"title\":\"Caloplaca aurantia\"}},{\"type\":\"gallery_item\",\"props\":{\"image\":\"wp-content\\\/uploads\\\/photos\\\/naxos\\\/flora\\\/lichens\\\/caloplaca_cerinelloides-1.jpg\",\"title\":\"Caloplaca cerinelloides\"}},{\"type\":\"gallery_item\",\"props\":{\"image\":\"wp-content\\\/uploads\\\/photos\\\/naxos\\\/flora\\\/lichens\\\/caloplaca_citrina-1.jpg\",\"title\":\"Caloplaca citrina\"}},{\"type\":\"gallery_item\",\"props\":{\"image\":\"wp-content\\\/uploads\\\/photos\\\/naxos\\\/flora\\\/lichens\\\/caloplaca_ferruginea-1.jpg\",\"title\":\"Caloplaca ferruginea\"}},{\"type\":\"gallery_item\",\"props\":{\"image\":\"wp-content\\\/uploads\\\/photos\\\/naxos\\\/flora\\\/lichens\\\/caloplaca_flavescens-1.jpg\",\"title\":\"Caloplaca flavescens\"}},{\"type\":\"gallery_item\",\"props\":{\"image\":\"wp-content\\\/uploads\\\/photos\\\/naxos\\\/flora\\\/lichens\\\/caloplaca_flavovirescens-1.jpg\",\"title\":\"Caloplaca flavovirescens (rechts \\\/ to the right)\"}},{\"type\":\"gallery_item\",\"props\":{\"image\":\"wp-content\\\/uploads\\\/photos\\\/naxos\\\/flora\\\/lichens\\\/caloplaca_haematites-1.jpg\",\"title\":\"Caloplaca haematites\"}},{\"type\":\"gallery_item\",\"props\":{\"image\":\"wp-content\\\/uploads\\\/photos\\\/naxos\\\/flora\\\/lichens\\\/caloplaca_inconnexa-1.jpg\",\"title\":\"Caloplaca inconnexa\"}},{\"type\":\"gallery_item\",\"props\":{\"image\":\"wp-content\\\/uploads\\\/photos\\\/naxos\\\/flora\\\/lichens\\\/caloplaca_lactea-1.jpg\",\"title\":\"Caloplaca lactea\"}},{\"type\":\"gallery_item\",\"props\":{\"image\":\"wp-content\\\/uploads\\\/photos\\\/naxos\\\/flora\\\/lichens\\\/caloplaca_necator-3.jpg\",\"title\":\"Caloplaca necator\"}},{\"type\":\"gallery_item\",\"props\":{\"image\":\"wp-content\\\/uploads\\\/photos\\\/naxos\\\/flora\\\/lichens\\\/caloplaca_ochracea-1.jpg\",\"title\":\"Caloplaca ochracea\"}},{\"type\":\"gallery_item\",\"props\":{\"image\":\"wp-content\\\/uploads\\\/photos\\\/naxos\\\/flora\\\/lichens\\\/caloplaca_saxicola-1.jpg\",\"title\":\"Caloplaca saxicola\"}},{\"type\":\"gallery_item\",\"props\":{\"image\":\"wp-content\\\/uploads\\\/photos\\\/naxos\\\/flora\\\/lichens\\\/haematomma_nemetzii-1.jpg\",\"title\":\"Haematomma nemetzii\"}},{\"type\":\"gallery_item\",\"props\":{\"image\":\"wp-content\\\/uploads\\\/photos\\\/naxos\\\/flora\\\/lichens\\\/lecanora_argentata-1.jpg\",\"title\":\"Lecanora argentata\"}},{\"type\":\"gallery_item\",\"props\":{\"image\":\"wp-content\\\/uploads\\\/photos\\\/naxos\\\/flora\\\/lichens\\\/lecanora_campestris-1.jpg\",\"title\":\"Lecanora campestris\"}},{\"type\":\"gallery_item\",\"props\":{\"image\":\"wp-content\\\/uploads\\\/photos\\\/naxos\\\/flora\\\/lichens\\\/lecanora_chlarotera-1.jpg\",\"title\":\"Lecanora chlarotera\"}},{\"type\":\"gallery_item\",\"props\":{\"image\":\"wp-content\\\/uploads\\\/photos\\\/naxos\\\/flora\\\/lichens\\\/lecanora_muralis-1.jpg\",\"title\":\"Lecanora muralis\"}},{\"type\":\"gallery_item\",\"props\":{\"image\":\"wp-content\\\/uploads\\\/photos\\\/naxos\\\/flora\\\/lichens\\\/lecanora_sulphurea-1.jpg\",\"title\":\"Lecanora sulphurea\"}},{\"type\":\"gallery_item\",\"props\":{\"image\":\"wp-content\\\/uploads\\\/photos\\\/naxos\\\/flora\\\/lichens\\\/lecidella_elaeochroma-1.jpg\",\"title\":\"Lecidella elaiochroma\"}},{\"type\":\"gallery_item\",\"props\":{\"image\":\"wp-content\\\/uploads\\\/photos\\\/naxos\\\/flora\\\/lichens\\\/lobothallia_radiosa-1.jpg\",\"title\":\"Lobothallia radiosa\"}},{\"type\":\"gallery_item\",\"props\":{\"image\":\"wp-content\\\/uploads\\\/photos\\\/naxos\\\/flora\\\/lichens\\\/ochrolechia_pallescens-1.jpg\",\"title\":\"Ochrolechia pallescens\"}},{\"type\":\"gallery_item\",\"props\":{\"image\":\"wp-content\\\/uploads\\\/photos\\\/naxos\\\/flora\\\/lichens\\\/ochrolechia_parella-1.jpg\",\"title\":\"Ochrolechia parella\"}},{\"type\":\"gallery_item\",\"props\":{\"image\":\"wp-content\\\/uploads\\\/photos\\\/naxos\\\/flora\\\/lichens\\\/ochrolechia_tartarea-1.jpg\",\"title\":\"Ochrolechia tartarea\"}},{\"type\":\"gallery_item\",\"props\":{\"image\":\"wp-content\\\/uploads\\\/photos\\\/naxos\\\/flora\\\/lichens\\\/opegrapha_spec-1.jpg\",\"title\":\"Opegrapha spec.\"}},{\"type\":\"gallery_item\",\"props\":{\"image\":\"wp-content\\\/uploads\\\/photos\\\/naxos\\\/flora\\\/lichens\\\/pertusaria_albescens-1.jpg\",\"title\":\"Pertusaria albescens\"}},{\"type\":\"gallery_item\",\"props\":{\"image\":\"wp-content\\\/uploads\\\/photos\\\/naxos\\\/flora\\\/lichens\\\/pertusaria_hemisphaerica-1.jpg\",\"title\":\"Pertusaria hemisphaerica\"}},{\"type\":\"gallery_item\",\"props\":{\"image\":\"wp-content\\\/uploads\\\/photos\\\/naxos\\\/flora\\\/lichens\\\/pertusaria_hymenea-1.jpg\",\"title\":\"Pertusaria hymenea\"}},{\"type\":\"gallery_item\",\"props\":{\"image\":\"wp-content\\\/uploads\\\/photos\\\/naxos\\\/flora\\\/lichens\\\/pertusaria_monogona-1.jpg\",\"title\":\"Pertusaria monogona\"}},{\"type\":\"gallery_item\",\"props\":{\"image\":\"wp-content\\\/uploads\\\/photos\\\/naxos\\\/flora\\\/lichens\\\/pertusaria_ophthalmiza-1.jpg\",\"title\":\"Pertusaria ophthalmiza\"}},{\"type\":\"gallery_item\",\"props\":{\"image\":\"wp-content\\\/uploads\\\/photos\\\/naxos\\\/flora\\\/lichens\\\/pertusaria_pertusa-1.jpg\",\"title\":\"Pertusaria pertusa\"}},{\"type\":\"gallery_item\",\"props\":{\"image\":\"wp-content\\\/uploads\\\/photos\\\/naxos\\\/flora\\\/lichens\\\/pertusaria_rupestris-1.jpg\",\"title\":\"Pertusaria rupestris\"}},{\"type\":\"gallery_item\",\"props\":{\"image\":\"wp-content\\\/uploads\\\/photos\\\/naxos\\\/flora\\\/lichens\\\/phlyctis_argena-1.jpg\",\"title\":\"Phlyctis argena\"}},{\"type\":\"gallery_item\",\"props\":{\"image\":\"wp-content\\\/uploads\\\/photos\\\/naxos\\\/flora\\\/lichens\\\/placolecis_opaca-1.jpg\",\"title\":\"Placolecis opaca\"}},{\"type\":\"gallery_item\",\"props\":{\"image\":\"wp-content\\\/uploads\\\/photos\\\/naxos\\\/flora\\\/lichens\\\/rhizocarpon_geographicum-1.jpg\",\"title\":\"Rhizocarpon geographicum\"}},{\"type\":\"gallery_item\",\"props\":{\"image\":\"wp-content\\\/uploads\\\/photos\\\/naxos\\\/flora\\\/lichens\\\/squamarina_gypsacea-1.jpg\",\"title\":\"Squamarina gypsacea\"}},{\"type\":\"gallery_item\",\"props\":{\"image\":\"wp-content\\\/uploads\\\/photos\\\/naxos\\\/flora\\\/lichens\\\/squamarina_lentigera-1.jpg\",\"title\":\"Squamarina lentigera\"}},{\"type\":\"gallery_item\",\"props\":{\"image\":\"wp-content\\\/uploads\\\/photos\\\/naxos\\\/flora\\\/lichens\\\/tephromela_atra-2.jpg\",\"title\":\"Tephromela atra\"}},{\"type\":\"gallery_item\",\"props\":{\"image\":\"wp-content\\\/uploads\\\/photos\\\/naxos\\\/flora\\\/lichens\\\/collema_flaccidum-1.jpg\",\"title\":\"Collema flaccidum\"}},{\"type\":\"gallery_item\",\"props\":{\"image\":\"wp-content\\\/uploads\\\/photos\\\/naxos\\\/flora\\\/lichens\\\/collema_furfuraceum-1.jpg\",\"title\":\"Collema furfuraceum\"}},{\"type\":\"gallery_item\",\"props\":{\"image\":\"wp-content\\\/uploads\\\/photos\\\/naxos\\\/flora\\\/lichens\\\/collema_nigrescens-1.jpg\",\"title\":\"Collema nigrescens\"}},{\"type\":\"gallery_item\",\"props\":{\"image\":\"wp-content\\\/uploads\\\/photos\\\/naxos\\\/flora\\\/lichens\\\/lathagrium_cristatum-1.jpg\",\"title\":\"Lathagrium cristatum\"}},{\"type\":\"gallery_item\",\"props\":{\"image\":\"wp-content\\\/uploads\\\/photos\\\/naxos\\\/flora\\\/lichens\\\/dermatocarpon_miniatum-1.jpg\",\"title\":\"Dermatocarpon miniatum\"}},{\"type\":\"gallery_item\",\"props\":{\"image\":\"wp-content\\\/uploads\\\/photos\\\/naxos\\\/flora\\\/lichens\\\/scytinium_lichenoides-1.jpg\",\"title\":\"Scytinium lichenoides ?\"}},{\"type\":\"gallery_item\",\"props\":{\"image\":\"wp-content\\\/uploads\\\/photos\\\/naxos\\\/flora\\\/lichens\\\/degelia_pumbea-1.jpg\",\"title\":\"Degelia plumbea\"}},{\"type\":\"gallery_item\",\"props\":{\"image\":\"wp-content\\\/uploads\\\/photos\\\/naxos\\\/flora\\\/lichens\\\/nephroma_laevigatum-1.jpg\",\"title\":\"Nephroma laevigatum\"}},{\"type\":\"gallery_item\",\"props\":{\"image\":\"wp-content\\\/uploads\\\/photos\\\/naxos\\\/flora\\\/lichens\\\/melanelixia_glabra-1.jpg\",\"title\":\"Melanelixia glabra\"}},{\"type\":\"gallery_item\",\"props\":{\"image\":\"wp-content\\\/uploads\\\/photos\\\/naxos\\\/flora\\\/lichens\\\/melanelixia_glabratula-1.jpg\",\"title\":\"Melanelixia glabratula\"}},{\"type\":\"gallery_item\",\"props\":{\"image\":\"wp-content\\\/uploads\\\/photos\\\/naxos\\\/flora\\\/lichens\\\/parmelia_saxatilis-3.jpg\",\"title\":\"Parmelia saxatilis\"}},{\"type\":\"gallery_item\",\"props\":{\"image\":\"wp-content\\\/uploads\\\/photos\\\/naxos\\\/flora\\\/lichens\\\/parmelia_sulcata-1.jpg\",\"title\":\"Parmelia sulcata\"}},{\"type\":\"gallery_item\",\"props\":{\"image\":\"wp-content\\\/uploads\\\/photos\\\/naxos\\\/flora\\\/lichens\\\/parmelina_quercina-2.jpg\",\"title\":\"Parmelina quercina\"}},{\"type\":\"gallery_item\",\"props\":{\"image\":\"wp-content\\\/uploads\\\/photos\\\/naxos\\\/flora\\\/lichens\\\/parmelina_tiliacea-2.jpg\",\"title\":\"Parmelina tiliacea\"}},{\"type\":\"gallery_item\",\"props\":{\"image\":\"wp-content\\\/uploads\\\/photos\\\/naxos\\\/flora\\\/lichens\\\/parmelina_pastillifera_detail-1.jpg\",\"title\":\"Parmelina pastillifera\"}},{\"type\":\"gallery_item\",\"props\":{\"image\":\"wp-content\\\/uploads\\\/photos\\\/naxos\\\/flora\\\/lichens\\\/pleurosticta_acetabulum-2.jpg\",\"title\":\"Pleurosticta acetabulum\"}},{\"type\":\"gallery_item\",\"props\":{\"image\":\"wp-content\\\/uploads\\\/photos\\\/naxos\\\/flora\\\/lichens\\\/xanthoparmelia_pulla-1.jpg\",\"title\":\"Xanthoparmelia pulla\"}},{\"type\":\"gallery_item\",\"props\":{\"image\":\"wp-content\\\/uploads\\\/photos\\\/naxos\\\/flora\\\/lichens\\\/xanthoparmelia_loxodes-1.jpg\",\"title\":\"Xanthoparmelia loxodes\"}},{\"type\":\"gallery_item\",\"props\":{\"image\":\"wp-content\\\/uploads\\\/photos\\\/naxos\\\/flora\\\/lichens\\\/xanthoparmelia_tinctina-1.jpg\",\"title\":\"Xanthoparmelia tinctina\"}},{\"type\":\"gallery_item\",\"props\":{\"image\":\"wp-content\\\/uploads\\\/photos\\\/naxos\\\/flora\\\/lichens\\\/parmotrema_chinense-2.jpg\",\"title\":\"Parmotrema chinense\"}},{\"type\":\"gallery_item\",\"props\":{\"image\":\"wp-content\\\/uploads\\\/photos\\\/naxos\\\/flora\\\/lichens\\\/peltigera_membranacea-1.jpg\",\"title\":\"Peltigera membranacea ?\"}},{\"type\":\"gallery_item\",\"props\":{\"image\":\"wp-content\\\/uploads\\\/photos\\\/naxos\\\/flora\\\/lichens\\\/peltigera_neckeri-1.jpg\",\"title\":\"Peltigera neckeri\"}},{\"type\":\"gallery_item\",\"props\":{\"image\":\"wp-content\\\/uploads\\\/photos\\\/naxos\\\/flora\\\/lichens\\\/peltigera_praetextata-1.jpg\",\"title\":\"Peltigera praetextata\"}},{\"type\":\"gallery_item\",\"props\":{\"image\":\"wp-content\\\/uploads\\\/photos\\\/naxos\\\/flora\\\/lichens\\\/physcia_adscendens-1.jpg\",\"title\":\"Physcia adscendens\"}},{\"type\":\"gallery_item\",\"props\":{\"image\":\"wp-content\\\/uploads\\\/photos\\\/naxos\\\/flora\\\/lichens\\\/physcia_aipolia_detail-1.jpg\",\"title\":\"Physcia aipolia ?\"}},{\"type\":\"gallery_item\",\"props\":{\"image\":\"wp-content\\\/uploads\\\/photos\\\/naxos\\\/flora\\\/lichens\\\/physcia_biziana-1.jpg\",\"title\":\"Physcia biziana ?\"}},{\"type\":\"gallery_item\",\"props\":{\"image\":\"wp-content\\\/uploads\\\/photos\\\/naxos\\\/flora\\\/lichens\\\/physcia_caesia-1.jpg\",\"title\":\"Physcia caesia\"}},{\"type\":\"gallery_item\",\"props\":{\"image\":\"wp-content\\\/uploads\\\/photos\\\/naxos\\\/flora\\\/lichens\\\/physcia_dimidiata-1.jpg\",\"title\":\"Physcia dimidiata\"}},{\"type\":\"gallery_item\",\"props\":{\"image\":\"wp-content\\\/uploads\\\/photos\\\/naxos\\\/flora\\\/lichens\\\/physcia_semipinnata-1.jpg\",\"title\":\"Physcia semipinnata\"}},{\"type\":\"gallery_item\",\"props\":{\"image\":\"wp-content\\\/uploads\\\/photos\\\/naxos\\\/flora\\\/lichens\\\/physcia_stellaris-1.jpg\",\"title\":\"Physcia stellaris ?\"}},{\"type\":\"gallery_item\",\"props\":{\"image\":\"wp-content\\\/uploads\\\/photos\\\/naxos\\\/flora\\\/lichens\\\/physcia_tenella-1.jpg\",\"title\":\"Physcia tenella\"}},{\"type\":\"gallery_item\",\"props\":{\"image\":\"wp-content\\\/uploads\\\/photos\\\/naxos\\\/flora\\\/lichens\\\/physconia_distorta-2.jpg\",\"title\":\"Physconia distorta\"}},{\"type\":\"gallery_item\",\"props\":{\"image\":\"wp-content\\\/uploads\\\/photos\\\/naxos\\\/flora\\\/lichens\\\/physconia_grisea-1.jpg\",\"title\":\"Physconia grisea ?\"}},{\"type\":\"gallery_item\",\"props\":{\"image\":\"wp-content\\\/uploads\\\/photos\\\/naxos\\\/flora\\\/lichens\\\/physconia_venusta-2.jpg\",\"title\":\"Physconia venusta ?\"}},{\"type\":\"gallery_item\",\"props\":{\"image\":\"wp-content\\\/uploads\\\/photos\\\/naxos\\\/flora\\\/lichens\\\/xanthoria_parietina-2.jpg\",\"title\":\"Xanthoria parietina\"}},{\"type\":\"gallery_item\",\"props\":{\"image\":\"wp-content\\\/uploads\\\/photos\\\/naxos\\\/flora\\\/lichens\\\/xanthoria_calcicola-1.jpg\",\"title\":\"Xanthoria calcicola\"}},{\"type\":\"gallery_item\",\"props\":{\"image\":\"wp-content\\\/uploads\\\/photos\\\/naxos\\\/flora\\\/lichens\\\/anaptychia_ciliaris-1.jpg\",\"title\":\"Anaptychia ciliaris\"}},{\"type\":\"gallery_item\",\"props\":{\"image\":\"wp-content\\\/uploads\\\/photos\\\/naxos\\\/flora\\\/lichens\\\/cladonia_convoluta-1.jpg\",\"title\":\"Cladonia convoluta\"}},{\"type\":\"gallery_item\",\"props\":{\"image\":\"wp-content\\\/uploads\\\/photos\\\/naxos\\\/flora\\\/lichens\\\/cladonia_portentosa-1.jpg\",\"title\":\"Cladonia portentosa ?\"}},{\"type\":\"gallery_item\",\"props\":{\"image\":\"wp-content\\\/uploads\\\/photos\\\/naxos\\\/flora\\\/lichens\\\/cladonia_pyxidata-1.jpg\",\"title\":\"Cladonia pyxidata\"}},{\"type\":\"gallery_item\",\"props\":{\"image\":\"wp-content\\\/uploads\\\/photos\\\/naxos\\\/flora\\\/lichens\\\/cladonia_rangiformis-1.jpg\",\"title\":\"Cladonia rangiformis\"}},{\"type\":\"gallery_item\",\"props\":{\"image\":\"wp-content\\\/uploads\\\/photos\\\/naxos\\\/flora\\\/lichens\\\/cladonia_uncialis-1.jpg\",\"title\":\"Cladonia uncialis ?\"}},{\"type\":\"gallery_item\",\"props\":{\"image\":\"wp-content\\\/uploads\\\/photos\\\/naxos\\\/flora\\\/lichens\\\/evernia_prunastri-1.jpg\",\"title\":\"Evernia prunastri\"}},{\"type\":\"gallery_item\",\"props\":{\"image\":\"wp-content\\\/uploads\\\/photos\\\/naxos\\\/flora\\\/lichens\\\/pseudevernia_furfuracea-4.jpg\",\"title\":\"Pseudevernia furfuracea\"}},{\"type\":\"gallery_item\",\"props\":{\"image\":\"wp-content\\\/uploads\\\/photos\\\/naxos\\\/flora\\\/lichens\\\/ramalina_breviuscula-1.jpg\",\"title\":\"Ramalina breviuscula ?\"}},{\"type\":\"gallery_item\",\"props\":{\"image\":\"wp-content\\\/uploads\\\/photos\\\/naxos\\\/flora\\\/lichens\\\/ramalina_canariensis-1.jpg\",\"title\":\"Ramalina canariensis\"}},{\"type\":\"gallery_item\",\"props\":{\"image\":\"wp-content\\\/uploads\\\/photos\\\/naxos\\\/flora\\\/lichens\\\/ramalina_farinacea-1.jpg\",\"image_en_gb\":\"wp-content\\\/uploads\\\/photos\\\/naxos\\\/flora\\\/lichens\\\/ramalina_farinacea-1.jpg\",\"title\":\"Ramalina farinacea\",\"title_en_gb\":\"Ramalina farinacea\"}},{\"type\":\"gallery_item\",\"props\":{\"image\":\"wp-content\\\/uploads\\\/photos\\\/naxos\\\/flora\\\/lichens\\\/ramalina_fastigiata-2.jpg\",\"title\":\"Ramalina fastigiata\"}},{\"type\":\"gallery_item\",\"props\":{\"image\":\"wp-content\\\/uploads\\\/photos\\\/naxos\\\/flora\\\/lichens\\\/ramalina_fraxinea-1.jpg\",\"title\":\"Ramalina fraxinea\"}},{\"type\":\"gallery_item\",\"props\":{\"image\":\"wp-content\\\/uploads\\\/photos\\\/naxos\\\/flora\\\/lichens\\\/ramalina_requienii_detail-1.jpg\",\"title\":\"Ramalina requienii ?\"}},{\"type\":\"gallery_item\",\"props\":{\"image\":\"wp-content\\\/uploads\\\/photos\\\/naxos\\\/flora\\\/lichens\\\/ramalina_subfarinacea-1.jpg\",\"title\":\"Ramalina subfarinacea\"}},{\"type\":\"gallery_item\",\"props\":{\"image\":\"wp-content\\\/uploads\\\/photos\\\/naxos\\\/flora\\\/lichens\\\/roccella_phycopsis-1.jpg\",\"title\":\"Roccella phycopsis\"}},{\"type\":\"gallery_item\",\"props\":{\"image\":\"wp-content\\\/uploads\\\/photos\\\/naxos\\\/flora\\\/lichens\\\/tornabea_scutellifera-1.jpg\",\"title\":\"Tornabea scutellifera\"}},{\"type\":\"gallery_item\",\"props\":{\"image\":\"wp-content\\\/uploads\\\/photos\\\/naxos\\\/flora\\\/lichens\\\/usnea_spec-1.jpg\",\"title\":\"Usnea spec.\"}}]}]}]}],\"name\":\"Galerie Flechten\"},{\"type\":\"section\",\"props\":{\"image_position\":\"center-center\",\"padding\":\"small\",\"style\":\"default\",\"title_breakpoint\":\"xl\",\"title_position\":\"top-left\",\"title_rotation\":\"left\",\"vertical_align\":\"\",\"width\":\"default\"},\"children\":[{\"type\":\"row\",\"children\":[{\"type\":\"column\",\"props\":{\"image_position\":\"center-center\",\"position_sticky_breakpoint\":\"m\"},\"children\":[{\"type\":\"divider\",\"props\":{\"divider_element\":\"hr\",\"margin\":\"remove-vertical\"}},{\"type\":\"text\",\"props\":{\"column_breakpoint\":\"m\",\"content\":\"<a name=\\\"Links\\\"><font color=\\\"#ffffff\\\">Links<\\\/font><\\\/a>\\n\n\n<p>Zur ausf\\u00fchrlichen Beschreibung der Arten:<\\\/p>\\n\n\n<ul>\\n \\t\n\n<li><a href=\\\"http:\\\/\\\/azalas.de\\\/pilze\\\/\\\">Pilze<\\\/a><\\\/li>\\n \\t\n\n<li><a href=\\\"http:\\\/\\\/azalas.de\\\/flechten\\\/\\\">Flechten<\\\/a><\\\/li>\\n \\t\n\n<li><a href=\\\"http:\\\/\\\/azalas.de\\\/krustenflechten\\\/\\\">Krustenflechten<\\\/a><\\\/li>\\n \\t\n\n<li><a href=\\\"http:\\\/\\\/azalas.de\\\/blattflechten\\\/\\\">Blattflechten<\\\/a><\\\/li>\\n \\t\n\n<li><a href=\\\"http:\\\/\\\/azalas.de\\\/strauchflechten\\\/\\\">Strauchflechten<\\\/a><\\\/li>\\n<\\\/ul>\\n\\n\",\"content_en_gb\":\"<a name=\\\"Links\\\"><font color=\\\"#ffffff\\\">Links<\\\/font><\\\/a>\\n\n\n<p>For details see here (only in German):<\\\/p>\\n\n\n<ul>\\n \\t\n\n<li><a href=\\\"http:\\\/\\\/azalas.de\\\/pilze\\\/\\\">Fungi<\\\/a><\\\/li>\\n \\t\n\n<li><a href=\\\"http:\\\/\\\/azalas.de\\\/flechten\\\/\\\">Lichens<\\\/a><\\\/li>\\n \\t\n\n<li><a href=\\\"http:\\\/\\\/azalas.de\\\/krustenflechten\\\/\\\">Crustose lichens<\\\/a><\\\/li>\\n \\t\n\n<li><a href=\\\"http:\\\/\\\/azalas.de\\\/blattflechten\\\/\\\">Foliose lichens<\\\/a><\\\/li>\\n \\t\n\n<li><a href=\\\"http:\\\/\\\/azalas.de\\\/strauchflechten\\\/\\\">Fruticose lichens<\\\/a><\\\/li>\\n<\\\/ul>\",\"margin\":\"default\"}}]}]}],\"name\":\"Links Foto\\u00fcbersicht\"},{\"type\":\"section\",\"props\":{\"image_position\":\"center-center\",\"style\":\"default\",\"title_breakpoint\":\"xl\",\"title_position\":\"top-left\",\"title_rotation\":\"left\",\"vertical_align\":\"middle\",\"width\":\"default\"},\"children\":[{\"type\":\"row\",\"children\":[{\"type\":\"column\",\"props\":{\"image_position\":\"center-center\",\"position_sticky_breakpoint\":\"m\"},\"children\":[{\"type\":\"divider\",\"props\":{\"divider_element\":\"hr\"}},{\"type\":\"headline\",\"props\":{\"content\":\"Foto\\u00fcbersichten der Pflanzen von Naxos\",\"content_en_gb\":\"Photo galleries of the plants of Naxos\",\"title_element\":\"h3\"}},{\"type\":\"grid\",\"props\":{\"content_column_breakpoint\":\"m\",\"filter_align\":\"left\",\"filter_all\":true,\"filter_grid_breakpoint\":\"m\",\"filter_grid_width\":\"auto\",\"filter_position\":\"top\",\"filter_style\":\"tab\",\"grid_default\":\"2\",\"grid_medium\":\"5\",\"grid_small\":\"3\",\"icon_width\":80,\"image_align\":\"top\",\"image_grid_breakpoint\":\"m\",\"image_grid_width\":\"1-2\",\"image_link\":true,\"image_svg_color\":\"emphasis\",\"item_animation\":true,\"lightbox_bg_close\":true,\"link_style\":\"default\",\"link_text\":\"\",\"margin\":\"default\",\"meta_align\":\"below-title\",\"meta_element\":\"div\",\"meta_style\":\"text-meta\",\"show_content\":true,\"show_hover_image\":true,\"show_hover_video\":true,\"show_image\":true,\"show_link\":true,\"show_meta\":true,\"show_title\":true,\"show_video\":true,\"text_align\":\"center\",\"title_align\":\"top\",\"title_element\":\"h5\",\"title_grid_breakpoint\":\"m\",\"title_grid_width\":\"1-2\",\"title_hover_style\":\"reset\",\"title_link\":true,\"title_margin\":\"small\",\"title_style\":\"text-small\"},\"children\":[{\"type\":\"grid_item\",\"props\":{\"image\":\"https:\\\/\\\/azalas.de\\\/wp-content\\\/uploads\\\/photos\\\/naxos\\\/flora\\\/fagaceae\\\/quercus_pubescens-1.jpg\",\"link\":\"https:\\\/\\\/azalas.de\\\/fotouebersicht-baeume\\\/\",\"title\":\"B\\u00e4ume\",\"title_en_gb\":\"Trees\"}},{\"type\":\"grid_item\",\"props\":{\"image\":\"https:\\\/\\\/azalas.de\\\/wp-content\\\/uploads\\\/photos\\\/naxos\\\/flora\\\/lichens\\\/foliose_lichens_on_branch-1.jpg\",\"link\":\"https:\\\/\\\/azalas.de\\\/de\\\/fotouebersicht-flechten-und-pilze\\\/\",\"link_en_gb\":\"https:\\\/\\\/azalas.de\\\/en\\\/photo-gallery-lichens-and-fungi\\\/\",\"title\":\"Pilze & Flechten\",\"title_en_gb\":\"Fungi & lichens\"}},{\"type\":\"grid_item\",\"props\":{\"image\":\"https:\\\/\\\/azalas.de\\\/wp-content\\\/uploads\\\/photos\\\/naxos\\\/flora\\\/ferns\\\/cheilanthes_acrostica-1.jpg\",\"link\":\"https:\\\/\\\/azalas.de\\\/fotouebersicht-farne\\\/\",\"link_en_gb\":\"https:\\\/\\\/azalas.de\\\/en\\\/photo-gallery-ferns\\\/\",\"title\":\"Farne u.a.\",\"title_en_gb\":\"Ferns et al.\"}},{\"type\":\"grid_item\",\"props\":{\"image\":\"https:\\\/\\\/azalas.de\\\/wp-content\\\/uploads\\\/photos\\\/naxos\\\/flora\\\/iridaceae\\\/crocus_tournefortii-1.jpg\",\"link\":\"https:\\\/\\\/azalas.de\\\/fotouebersicht-einkeimblaettrige\\\/\",\"link_en_gb\":\"https:\\\/\\\/azalas.de\\\/en\\\/photo-gallery-monocotyledones\\\/\",\"title\":\"Einkeimbl\\u00e4ttrige\",\"title_en_gb\":\"Monocotyledones\"}},{\"type\":\"grid_item\",\"props\":{\"image\":\"https:\\\/\\\/azalas.de\\\/wp-content\\\/uploads\\\/photos\\\/naxos\\\/flora\\\/poaceae\\\/lamarckia_aurea-1.jpg\",\"link\":\"https:\\\/\\\/azalas.de\\\/fotouebersicht-graeser\\\/\",\"link_en_gb\":\"https:\\\/\\\/azalas.de\\\/en\\\/photo-gallery-poaceae\\\/\",\"title\":\"Gr\\u00e4ser\",\"title_en_gb\":\"Poaceae\"}},{\"type\":\"grid_item\",\"props\":{\"image\":\"https:\\\/\\\/azalas.de\\\/wp-content\\\/uploads\\\/photos\\\/naxos\\\/flora\\\/orchidaceae\\\/anacamptis_papilionacea_flower-1.jpg\",\"link\":\"https:\\\/\\\/azalas.de\\\/fotouebersicht-orchideen\\\/\",\"link_en_gb\":\"https:\\\/\\\/azalas.de\\\/en\\\/photo-gallery-orchids\\\/\",\"title\":\"Orchideen\",\"title_en_gb\":\"Orchids\"}},{\"type\":\"grid_item\",\"props\":{\"image\":\"https:\\\/\\\/azalas.de\\\/wp-content\\\/uploads\\\/photos\\\/naxos\\\/flora\\\/ranunculaceae\\\/ranunculus_ficaria-1.jpg\",\"link\":\"https:\\\/\\\/azalas.de\\\/fotouebersicht-hahnenfussartige\\\/\",\"link_en_gb\":\"https:\\\/\\\/azalas.de\\\/en\\\/photo-gallery-ranunculales\\\/\",\"title\":\"Hahnenfu\\u00dfartige u.a.\",\"title_en_gb\":\"Ranunculales et al.\"}},{\"type\":\"grid_item\",\"props\":{\"image\":\"https:\\\/\\\/azalas.de\\\/wp-content\\\/uploads\\\/photos\\\/naxos\\\/flora\\\/hypericaceae\\\/hypericum_empetrifolium-1.jpg\",\"link\":\"https:\\\/\\\/azalas.de\\\/fotouebersicht-johanniskraut\\\/\",\"link_en_gb\":\"https:\\\/\\\/azalas.de\\\/en\\\/photo-gallery-hypericaceae\\\/\",\"title\":\"Johanniskrautartige u.a.\",\"title_en_gb\":\"Hypericaceae et al.\"}},{\"type\":\"grid_item\",\"props\":{\"image\":\"https:\\\/\\\/azalas.de\\\/wp-content\\\/uploads\\\/photos\\\/naxos\\\/flora\\\/fabaceae\\\/vicia_villosa_microphylla_detail-1.jpg\",\"link\":\"https:\\\/\\\/azalas.de\\\/fotouebersicht-schmetterlingsbluetler\\\/\",\"link_en_gb\":\"https:\\\/\\\/azalas.de\\\/en\\\/photo-gallery-fabales\\\/\",\"title\":\"Schmetterlingsbl\\u00fctler\",\"title_en_gb\":\"Fabaceae\"}},{\"type\":\"grid_item\",\"props\":{\"image\":\"https:\\\/\\\/azalas.de\\\/wp-content\\\/uploads\\\/photos\\\/naxos\\\/flora\\\/rosaceae\\\/rubus_sanctus_flower-1.jpg\",\"link\":\"https:\\\/\\\/azalas.de\\\/fotouebersicht-rosenartige\\\/\",\"link_en_gb\":\"https:\\\/\\\/azalas.de\\\/en\\\/photo-gallery-rosales\\\/\",\"title\":\"Rosenartige u.a.\",\"title_en_gb\":\"Rosales et al.\"}},{\"type\":\"grid_item\",\"props\":{\"image\":\"https:\\\/\\\/azalas.de\\\/wp-content\\\/uploads\\\/photos\\\/naxos\\\/flora\\\/brassicaceae\\\/erophila_verna-1.jpg\",\"link\":\"https:\\\/\\\/azalas.de\\\/fotouebersicht-kreuzbluetler\\\/\",\"link_en_gb\":\"https:\\\/\\\/azalas.de\\\/en\\\/photo-gallery-brassicaceae\\\/\",\"title\":\"Kreuzbl\\u00fctler u.a.\",\"title_en_gb\":\"Brassicaceae et al.\"}},{\"type\":\"grid_item\",\"props\":{\"image\":\"https:\\\/\\\/azalas.de\\\/wp-content\\\/uploads\\\/photos\\\/naxos\\\/flora\\\/caryophyllaceae\\\/silene_colorata_flower-1.jpg\",\"link\":\"https:\\\/\\\/azalas.de\\\/fotouebersicht-nelkengewaechse\\\/\",\"link_en_gb\":\"https:\\\/\\\/azalas.de\\\/en\\\/photo-gallery-caryophyllales\\\/\",\"title\":\"Nelkengew\\u00e4chse\",\"title_en_gb\":\"Caryophyllales et al.\"}},{\"type\":\"grid_item\",\"props\":{\"image\":\"https:\\\/\\\/azalas.de\\\/wp-content\\\/uploads\\\/photos\\\/naxos\\\/flora\\\/lamiaceae\\\/thymbra_capitata_detail-1.jpg\",\"link\":\"https:\\\/\\\/azalas.de\\\/fotouebersicht-lippenbluetlerartige\\\/\",\"link_en_gb\":\"https:\\\/\\\/azalas.de\\\/en\\\/photo-gallery-lamiales\\\/\",\"title\":\"Lippenbl\\u00fctlerartige\",\"title_en_gb\":\"Lamiales et al.\"}},{\"type\":\"grid_item\",\"props\":{\"image\":\"https:\\\/\\\/azalas.de\\\/wp-content\\\/uploads\\\/photos\\\/naxos\\\/flora\\\/asteraceae\\\/matricaria_chamomilla-1.jpg\",\"link\":\"https:\\\/\\\/azalas.de\\\/fotouebersicht-korbbluetler\\\/\",\"link_en_gb\":\"https:\\\/\\\/azalas.de\\\/en\\\/photo-gallery-asteraceae\\\/\",\"title\":\"Korbbl\\u00fctler u.a.\",\"title_en_gb\":\"Asteraceae et al.\"}},{\"type\":\"grid_item\",\"props\":{\"image\":\"https:\\\/\\\/azalas.de\\\/wp-content\\\/uploads\\\/photos\\\/naxos\\\/flora\\\/apiaceae\\\/daucus_carota-1.jpg\",\"link\":\"https:\\\/\\\/azalas.de\\\/fotouebersicht-doldenbluetler\\\/\",\"link_en_gb\":\"https:\\\/\\\/azalas.de\\\/en\\\/photo-gallery-apiaceae\\\/\",\"title\":\"Doldenbl\\u00fctler\",\"title_en_gb\":\"Apiaceae\"}}]}]}]}],\"name\":\"Links Grid Foto\\u00fcbersichten\"},{\"type\":\"section\",\"props\":{\"image_position\":\"center-center\",\"padding\":\"small\",\"style\":\"default\",\"title_breakpoint\":\"xl\",\"title_position\":\"top-left\",\"title_rotation\":\"left\",\"vertical_align\":\"\",\"width\":\"default\"},\"children\":[{\"type\":\"row\",\"children\":[{\"type\":\"column\",\"props\":{\"image_position\":\"center-center\",\"position_sticky_breakpoint\":\"m\"},\"children\":[{\"type\":\"divider\",\"props\":{\"divider_element\":\"hr\"}},{\"type\":\"text\",\"props\":{\"column_breakpoint\":\"m\",\"content\":\"<a href=\\\"https:\\\/\\\/azalas.de\\\/flora-von-naxos\\\/\\\">Zur Flora von Naxos<\\\/a>\\n\n\n<p><\\\/p>\\n<a href=\\\"https:\\\/\\\/azalas.de\\\/inhaltsverzeichnis\\\/\\\">Zum Inhaltsverzeichnis<\\\/a>\\n\",\"content_en_gb\":\"<a href=\\\"https:\\\/\\\/azalas.de\\\/flora-of-naxos\\\/\\\">Flora of Naxos<\\\/a>\\n\n\n<p><\\\/p>\\n<a href=\\\"https:\\\/\\\/azalas.de\\\/content\\\/\\\">Web site content<\\\/a>\",\"margin\":\"default\"}}]}]}],\"name\":\"weiterf\\u00fchrende Links Foto\\u00fcbersichten\"}],\"version\":\"4.5.32\",\"yooessentialsVersion\":\"2.4.6\"} --><\/p>\n","protected":false},"excerpt":{"rendered":"<p>Foto\u00fcbersicht &#8220;Pilze und Flechten&#8221; Hier geht es direkt zu den Links zu den ausf\u00fchrlichen Beitr\u00e4gen (am Seitenende). Zum \u00d6ffnen als Diashow auf die Fotos klicken! 1. Pilze Pilze sind schwer zu bestimmen &#8211; die Bestimmung der meisten hier vorgestellten Arten ist unsicher. Blauer Rindenpilz, Terana caerulea Weitl\u00f6cheriger Stielporling, Lentinus arcularius ? Tamarisken-Schillerporling, Inocutis tamaricis Judasohr, [&hellip;]<\/p>\n","protected":false},"author":4,"featured_media":66966,"comment_status":"closed","ping_status":"closed","sticky":false,"template":"","format":"standard","meta":{"footnotes":""},"categories":[26,1992,11,12],"tags":[],"class_list":["post-67141","post","type-post","status-publish","format-standard","has-post-thumbnail","hentry","category-flora-of-naxos","category-photo-galleries-nature","category-nature","category-plants"],"_links":{"self":[{"href":"https:\/\/azalas.de\/en\/wp-json\/wp\/v2\/posts\/67141","targetHints":{"allow":["GET"]}}],"collection":[{"href":"https:\/\/azalas.de\/en\/wp-json\/wp\/v2\/posts"}],"about":[{"href":"https:\/\/azalas.de\/en\/wp-json\/wp\/v2\/types\/post"}],"author":[{"embeddable":true,"href":"https:\/\/azalas.de\/en\/wp-json\/wp\/v2\/users\/4"}],"replies":[{"embeddable":true,"href":"https:\/\/azalas.de\/en\/wp-json\/wp\/v2\/comments?post=67141"}],"version-history":[{"count":32,"href":"https:\/\/azalas.de\/en\/wp-json\/wp\/v2\/posts\/67141\/revisions"}],"predecessor-version":[{"id":78387,"href":"https:\/\/azalas.de\/en\/wp-json\/wp\/v2\/posts\/67141\/revisions\/78387"}],"wp:featuredmedia":[{"embeddable":true,"href":"https:\/\/azalas.de\/en\/wp-json\/wp\/v2\/media\/66966"}],"wp:attachment":[{"href":"https:\/\/azalas.de\/en\/wp-json\/wp\/v2\/media?parent=67141"}],"wp:term":[{"taxonomy":"category","embeddable":true,"href":"https:\/\/azalas.de\/en\/wp-json\/wp\/v2\/categories?post=67141"},{"taxonomy":"post_tag","embeddable":true,"href":"https:\/\/azalas.de\/en\/wp-json\/wp\/v2\/tags?post=67141"}],"curies":[{"name":"wp","href":"https:\/\/api.w.org\/{rel}","templated":true}]}}