{"id":10282,"date":"2017-03-21T10:35:24","date_gmt":"2017-03-21T08:35:24","guid":{"rendered":"http:\/\/klqewmpxo.cyon.link\/?p=10282"},"modified":"2023-12-31T07:40:54","modified_gmt":"2023-12-31T05:40:54","slug":"klarer-blick","status":"publish","type":"post","link":"https:\/\/azalas.de\/en\/klarer-blick\/","title":{"rendered":"Klarer Blick"},"content":{"rendered":"<p><big>E<\/big>in klarer Blick ist immer sch\u00f6n &#8211; an diesem Tag konnte man sogar die T\u00fcrkei sehen (wenn auch nicht deutlich genug um auf den Fotos sichtbar zu sein), und das kommt nicht h\u00e4ufig vor\u2026 Hier zwei Fotos vom Aussichtpunkt an der Strasse oberhalb von Moutso\u00fana. Unsere <a href=\"http:\/\/azalas.de\/?page_id=3\">Ferienh\u00e4user<\/a> liegen ein wenig links au\u00dferhalb des ersten Bildes.<\/p>\n<p><img decoding=\"async\" src=\"https:\/\/azalas.de\/wp-content\/uploads\/2017\/03\/P1450456-1_450.jpg\" alt=\"\" border=\"0\" \/><br \/>\n<small>Blick \u00fcber Azalas mit dem Kap Stavros; im Hintergrund die M\u00e1kares-Inseln und Dono\u00fassa<\/small><\/p>\n<p><img decoding=\"async\" src=\"https:\/\/azalas.de\/wp-content\/uploads\/2017\/03\/P1450454-1_450.jpg\" alt=\"\" border=\"0\" \/><br \/>\n<small>Blick \u00fcber Moutso\u00fana mit den Inseln Amorg\u00f3s und K\u00e9ros im Hintergrund<\/small><\/p>\n","protected":false},"excerpt":{"rendered":"<p>Ein klarer Blick ist immer sch\u00f6n &#8211; an diesem Tag konnte man sogar die T\u00fcrkei sehen (wenn auch nicht deutlich genug um auf den Fotos sichtbar zu sein), und das kommt nicht h\u00e4ufig vor\u2026 Hier zwei Fotos vom Aussichtpunkt an der Strasse oberhalb von Moutso\u00fana. Unsere Ferienh\u00e4user liegen ein wenig links au\u00dferhalb des ersten Bildes. [&hellip;]<\/p>\n","protected":false},"author":4,"featured_media":50032,"comment_status":"closed","ping_status":"closed","sticky":false,"template":"","format":"standard","meta":{"footnotes":""},"categories":[25,10],"tags":[100,1210,866,32,865,993,33],"class_list":["post-10282","post","type-post","status-publish","format-standard","has-post-thumbnail","hentry","category-news-from-azalas","category-azalas","tag-agios-dimitris","tag-aussicht","tag-azalas","tag-ferien","tag-naxos","tag-panorama","tag-urlaub"],"_links":{"self":[{"href":"https:\/\/azalas.de\/en\/wp-json\/wp\/v2\/posts\/10282","targetHints":{"allow":["GET"]}}],"collection":[{"href":"https:\/\/azalas.de\/en\/wp-json\/wp\/v2\/posts"}],"about":[{"href":"https:\/\/azalas.de\/en\/wp-json\/wp\/v2\/types\/post"}],"author":[{"embeddable":true,"href":"https:\/\/azalas.de\/en\/wp-json\/wp\/v2\/users\/4"}],"replies":[{"embeddable":true,"href":"https:\/\/azalas.de\/en\/wp-json\/wp\/v2\/comments?post=10282"}],"version-history":[{"count":1,"href":"https:\/\/azalas.de\/en\/wp-json\/wp\/v2\/posts\/10282\/revisions"}],"predecessor-version":[{"id":10283,"href":"https:\/\/azalas.de\/en\/wp-json\/wp\/v2\/posts\/10282\/revisions\/10283"}],"wp:featuredmedia":[{"embeddable":true,"href":"https:\/\/azalas.de\/en\/wp-json\/wp\/v2\/media\/50032"}],"wp:attachment":[{"href":"https:\/\/azalas.de\/en\/wp-json\/wp\/v2\/media?parent=10282"}],"wp:term":[{"taxonomy":"category","embeddable":true,"href":"https:\/\/azalas.de\/en\/wp-json\/wp\/v2\/categories?post=10282"},{"taxonomy":"post_tag","embeddable":true,"href":"https:\/\/azalas.de\/en\/wp-json\/wp\/v2\/tags?post=10282"}],"curies":[{"name":"wp","href":"https:\/\/api.w.org\/{rel}","templated":true}]}}