{"id":9367,"date":"2014-07-30T17:26:28","date_gmt":"2014-07-30T14:26:28","guid":{"rendered":"http:\/\/klqewmpxo.cyon.link\/?p=9367"},"modified":"2023-12-31T07:59:59","modified_gmt":"2023-12-31T05:59:59","slug":"regen-im-juli","status":"publish","type":"post","link":"https:\/\/azalas.de\/el\/regen-im-juli\/","title":{"rendered":"Regen im Juli"},"content":{"rendered":"<p><big>H<\/big>ier ein kleiner Nachtrag, etwa zwei Wochen zu sp\u00e4t: Es hat geregnet! Das hat es in den letzten 15 Jahren bei uns im Juli nur einmal gegeben\u2026 Wir hatten einen kr\u00e4ftigeren Schauer, und dann hat es w\u00e4hrend der Nacht und am n\u00e4chsten Morgen noch ein bisschen getropft. H\u00f6chst merkw\u00fcrdig! Nicht mal auf das Wetter ist mehr Verlass\u2026<\/p>\n<p><img decoding=\"async\" src=\"https:\/\/azalas.de\/wp-content\/uploads\/2014\/07\/P1380098-1_450.jpg\" alt=\"\" border=\"0\" \/><\/p>\n<p><img decoding=\"async\" src=\"https:\/\/azalas.de\/wp-content\/uploads\/2014\/07\/P1380100-1_450.jpg\" alt=\"\" border=\"0\" \/><\/p>\n<p><img decoding=\"async\" src=\"https:\/\/azalas.de\/wp-content\/uploads\/2014\/07\/P1380103-1_450.jpg\" alt=\"\" border=\"0\" \/><\/p>\n","protected":false},"excerpt":{"rendered":"<p>Hier ein kleiner Nachtrag, etwa zwei Wochen zu sp\u00e4t: Es hat geregnet! Das hat es in den letzten 15 Jahren bei uns im Juli nur einmal gegeben\u2026 Wir hatten einen kr\u00e4ftigeren Schauer, und dann hat es w\u00e4hrend der Nacht und am n\u00e4chsten Morgen noch ein bisschen getropft. H\u00f6chst merkw\u00fcrdig! Nicht mal auf das Wetter ist [&hellip;]<\/p>\n","protected":false},"author":4,"featured_media":49500,"comment_status":"open","ping_status":"open","sticky":false,"template":"","format":"standard","meta":{"footnotes":""},"categories":[25,10,18,9,1985],"tags":[865,162,163],"class_list":["post-9367","post","type-post","status-publish","format-standard","has-post-thumbnail","hentry","category-aktuelles-aus-azalas","category-azalas","category-klima-und-wetter","category-naxos","category-regen","tag-naxos","tag-regen","tag-wetter"],"_links":{"self":[{"href":"https:\/\/azalas.de\/el\/wp-json\/wp\/v2\/posts\/9367","targetHints":{"allow":["GET"]}}],"collection":[{"href":"https:\/\/azalas.de\/el\/wp-json\/wp\/v2\/posts"}],"about":[{"href":"https:\/\/azalas.de\/el\/wp-json\/wp\/v2\/types\/post"}],"author":[{"embeddable":true,"href":"https:\/\/azalas.de\/el\/wp-json\/wp\/v2\/users\/4"}],"replies":[{"embeddable":true,"href":"https:\/\/azalas.de\/el\/wp-json\/wp\/v2\/comments?post=9367"}],"version-history":[{"count":3,"href":"https:\/\/azalas.de\/el\/wp-json\/wp\/v2\/posts\/9367\/revisions"}],"predecessor-version":[{"id":9370,"href":"https:\/\/azalas.de\/el\/wp-json\/wp\/v2\/posts\/9367\/revisions\/9370"}],"wp:featuredmedia":[{"embeddable":true,"href":"https:\/\/azalas.de\/el\/wp-json\/wp\/v2\/media\/49500"}],"wp:attachment":[{"href":"https:\/\/azalas.de\/el\/wp-json\/wp\/v2\/media?parent=9367"}],"wp:term":[{"taxonomy":"category","embeddable":true,"href":"https:\/\/azalas.de\/el\/wp-json\/wp\/v2\/categories?post=9367"},{"taxonomy":"post_tag","embeddable":true,"href":"https:\/\/azalas.de\/el\/wp-json\/wp\/v2\/tags?post=9367"}],"curies":[{"name":"wp","href":"https:\/\/api.w.org\/{rel}","templated":true}]}}