{"id":7926,"date":"2013-08-18T19:09:49","date_gmt":"2013-08-18T16:09:49","guid":{"rendered":"http:\/\/klqewmpxo.cyon.link\/?page_id=7926"},"modified":"2024-11-09T11:30:42","modified_gmt":"2024-11-09T09:30:42","slug":"santorin","status":"publish","type":"post","link":"https:\/\/azalas.de\/el\/santorin\/","title":{"rendered":"Santorin"},"content":{"rendered":"<p><big>S<\/big>antorin &#8211; Vulkaninsel, Insel der Sonnenunterg\u00e4nge, der steil oben auf der schwarzen Klippe gelegenen wei\u00dfen H\u00e4user, Insel des Bimssteins und der in der Vulkanasche wachsenden Weinst\u00f6cke, Insel der <em>f\u00e1va<\/em>, \u00dcberrest des mythischen Atlantis &#8211; das alles ist Santorin und noch vieles mehr. Santorin muss man gesehen haben; auch wenn es im Sommer, wenn die Insel von Touristen \u00fcberlaufen ist, empfehlenswert ist, sich nicht zu lange aufzuhalten!<\/p>\n<p><img decoding=\"async\" src=\"http:\/\/azalas.de\/wp-content\/uploads\/2013\/09\/P1310541-1_450.jpg\" border=\"0\" alt=\"\" \/><br \/>\n<small>Santorin &#8211; ein Insel wie aus dem Bilderbuch!<\/small><\/p>\n<p><img decoding=\"async\" src=\"http:\/\/azalas.de\/wp-content\/uploads\/2013\/08\/P1220286-1_450.jpg\" border=\"0\" alt=\"\" \/><br \/>\n<small>Ankunft in Santorin &#8211; mit dem Schiff f\u00e4hrt man direkt in den auseinandergesprengten, \u00fcberfluteten Vulkankrater hinein und legt etwas s\u00fcdlich von Fir\u00e1 an, dem wagemutig oben auf der Steilkante gelegenen Hauptort der Insel Thera.<\/small><\/p>\n<p><big>W<\/big>ir bleiben nur zwei Tage in Santorin und verbringen unsere Zeit haupts\u00e4chlich im S\u00fcden der Insel.<\/p>\n<h6>Von Fir\u00e1 zum alten F\u00e4hrhafen<\/h6>\n<p><big>V<\/big>on Fir\u00e1 aus f\u00fchrt ein steiler Weg die Kraterwand hinab bis zum alten F\u00e4hrhafen, von wo heute noch die Schiffe nach Nea Kameni, Therasia und Oia abfahren. Die Touristen werden mit Maultieren oder mit der Seilbahn transportiert; man kann aber auch laufen.<\/p>\n<p><img decoding=\"async\" src=\"http:\/\/azalas.de\/wp-content\/uploads\/2013\/09\/P1310312-1_450.jpg\" border=\"0\" alt=\"\" \/><br \/>\n<small>Hier kommt ein Schwung Maultiere vom alten F\u00e4hrhafen nach Fir\u00e1 hinauf.<\/small><\/p>\n<p><img decoding=\"async\" src=\"http:\/\/azalas.de\/wp-content\/uploads\/2013\/09\/P1310325-1_450.jpg\" border=\"0\" alt=\"\" \/><br \/>\n<small>die Seilbahn<\/small><\/p>\n<p><img decoding=\"async\" src=\"http:\/\/azalas.de\/wp-content\/uploads\/2013\/09\/P1310326-1_450.jpg\" border=\"0\" alt=\"\" \/><br \/>\n<small>Die Seilbahn wurde von einer Schweizer Firma errichtet, nachdem sich Santorin nach der Entdeckung der unter der Vulkanasche versch\u00fctteten bronzezeitlichen Stadt in Akrotiri zu einer touristischen Attraktion entwickelte.<\/small><\/p>\n<p><img decoding=\"async\" src=\"http:\/\/azalas.de\/wp-content\/uploads\/2013\/09\/P1310330-1_450.jpg\" border=\"0\" alt=\"\" \/><br \/>\n<small>die Lavaschichten in der Steilwand<\/small><\/p>\n<p><img decoding=\"async\" src=\"http:\/\/azalas.de\/wp-content\/uploads\/2013\/08\/P1220040-1_450.jpg\" border=\"0\" alt=\"\" \/><\/p>\n<p><img decoding=\"async\" src=\"http:\/\/azalas.de\/wp-content\/uploads\/2013\/09\/P1310332-1_450.jpg\" border=\"0\" alt=\"\" \/><br \/>\n<small>Der alte F\u00e4hrhafen liegt etwa 300 m tiefer als Fir\u00e1.<\/small><\/p>\n<p><img decoding=\"async\" src=\"http:\/\/azalas.de\/wp-content\/uploads\/2013\/09\/P1310336-1_450.jpg\" border=\"0\" alt=\"\" \/><br \/>\n<small>Hier n\u00e4hern wir uns dem Hafen &#8211; auch hier stehen wieder viele Maultiere und warten auf fu\u00dfm\u00fcde Touristen. <\/small><\/p>\n<p><img decoding=\"async\" src=\"http:\/\/azalas.de\/wp-content\/uploads\/2013\/09\/P1310337-1_450.jpg\" border=\"0\" alt=\"\" \/><br \/>\n<small>Im Hafen liegen einige kleine Fischerboote.<\/small><\/p>\n<p><img decoding=\"async\" src=\"http:\/\/azalas.de\/wp-content\/uploads\/2013\/09\/P1310340-1_450.jpg\" border=\"0\" alt=\"\" \/><\/p>\n<p><img decoding=\"async\" src=\"http:\/\/azalas.de\/wp-content\/uploads\/2013\/09\/P1310343-1_450.jpg\" border=\"0\" alt=\"\" \/><br \/>\n<small>In die Felsen sind in traditioneller Art mehrere Lagerr\u00e4ume hineingegraben.<\/small><\/p>\n<p><img decoding=\"async\" src=\"http:\/\/azalas.de\/wp-content\/uploads\/2013\/09\/P1310347-1_450.jpg\" border=\"0\" alt=\"\" \/><\/p>\n<p><img decoding=\"async\" src=\"http:\/\/azalas.de\/wp-content\/uploads\/2013\/09\/P1310349-1_450.jpg\" border=\"0\" alt=\"\" \/><\/p>\n<p><img decoding=\"async\" src=\"http:\/\/azalas.de\/wp-content\/uploads\/2013\/09\/P1310350-1_450.jpg\" border=\"0\" alt=\"\" \/><\/p>\n<p><img decoding=\"async\" src=\"http:\/\/azalas.de\/wp-content\/uploads\/2013\/09\/P1310354-1_450.jpg\" border=\"0\" alt=\"\" \/><br \/>\n<small>Der Blick zur\u00fcck w\u00e4hrend des Aufstiegs &#8211; beeindruckend!<\/small><\/p>\n<h6>Fir\u00e1<\/h6>\n<p><img decoding=\"async\" src=\"http:\/\/azalas.de\/wp-content\/uploads\/2013\/08\/P1220200-1_450.jpg\" border=\"0\" alt=\"\" \/><\/p>\n<p><img decoding=\"async\" src=\"http:\/\/azalas.de\/wp-content\/uploads\/2013\/09\/P1310358-1_450.jpg\" border=\"0\" alt=\"\" \/><br \/>\n<small>Fir\u00e1 ist ein einzigartiger Ort, insbesondere der Teil der Stadt, der sich die Steilwand hinunter zieht.<\/small><\/p>\n<p><img decoding=\"async\" src=\"http:\/\/azalas.de\/wp-content\/uploads\/2013\/08\/P1220201-1_450.jpg\" border=\"0\" alt=\"\" \/><br \/>\n<small>Man kann es nicht abstreiten: Der Blick ist spektakul\u00e4r (selbst wenn die Sonne gerade nicht untergeht)! Hier schauen wir \u00fcber die Kaldera mit den zwei kleinen Vulkaninseln, Palaia und Nea Kameni; links hinten liegt das s\u00fcdwestliche Ende von Thera, rechts hinten Therasia.<\/small><\/p>\n<p><img decoding=\"async\" src=\"http:\/\/azalas.de\/wp-content\/uploads\/2013\/08\/P1220206-1_450.jpg\" border=\"0\" alt=\"\" \/><br \/>\n<small>die Kathedrale<\/small><\/p>\n<p><img decoding=\"async\" src=\"http:\/\/azalas.de\/wp-content\/uploads\/2013\/08\/P1220207-1_450.jpg\" border=\"0\" alt=\"\" \/><br \/>\n<small>Viele H\u00e4user sind gef\u00e4hrlich nah an die Kante gebaut.<\/small><\/p>\n<p><img decoding=\"async\" src=\"http:\/\/azalas.de\/wp-content\/uploads\/2013\/09\/P1310359-1_450.jpg\" border=\"0\" alt=\"\" \/><\/p>\n<p><img decoding=\"async\" src=\"http:\/\/azalas.de\/wp-content\/uploads\/2013\/09\/P1310362-1_450.jpg\" border=\"0\" alt=\"\" \/><br \/>\n<small>Im Ort gibt es ziemlich viele Kirchen &#8211; wer so gef\u00e4hrlich siedelt hat die G\u00f6tter wohl lieber auf seiner Seite!<\/small><\/p>\n<p><img decoding=\"async\" src=\"http:\/\/azalas.de\/wp-content\/uploads\/2013\/09\/P1310367-1_450.jpg\" border=\"0\" alt=\"\" \/><\/p>\n<p><img decoding=\"async\" src=\"http:\/\/azalas.de\/wp-content\/uploads\/2013\/09\/P1310369-1_450.jpg\" border=\"0\" alt=\"\" \/><\/p>\n<p><img decoding=\"async\" src=\"http:\/\/azalas.de\/wp-content\/uploads\/2013\/09\/P1310372-1_450.jpg\" border=\"0\" alt=\"\" \/><\/p>\n<p><img decoding=\"async\" src=\"http:\/\/azalas.de\/wp-content\/uploads\/2013\/09\/P1310387-1_450.jpg\" border=\"0\" alt=\"\" \/><\/p>\n<p><img decoding=\"async\" src=\"http:\/\/azalas.de\/wp-content\/uploads\/2013\/09\/P1310388-1_450.jpg\" border=\"0\" alt=\"\" \/><\/p>\n<p><img decoding=\"async\" src=\"http:\/\/azalas.de\/wp-content\/uploads\/2013\/09\/P1310389-1_450.jpg\" border=\"0\" alt=\"\" \/><br \/>\n<small>Und nun noch der obligatorische Sonnenuntergang\u2026<\/small><\/p>\n<p><img decoding=\"async\" src=\"http:\/\/azalas.de\/wp-content\/uploads\/2013\/09\/P1310423-1_450.jpg\" border=\"0\" alt=\"\" \/><\/p>\n<p><big>Z<\/big>u den unvergesslichen Erinnerungen an Santorin geh\u00f6rt definitiv die Ankunft sowie die Abfahrt mit dem Schiff.<\/p>\n<p><img decoding=\"async\" src=\"http:\/\/azalas.de\/wp-content\/uploads\/2013\/08\/P1220275-1_450.jpg\" border=\"0\" alt=\"\" \/><br \/>\n<small>Blick bei der Abfahrt zur\u00fcck auf die Kraterw\u00e4nde<\/small><\/p>\n<p><img decoding=\"async\" src=\"http:\/\/azalas.de\/wp-content\/uploads\/2013\/08\/P1220281-1_450.jpg\" border=\"0\" alt=\"\" \/><br \/>\n<small>Die Lavastr\u00f6me und Ascheschichten der verschiedenen Vulkanausbr\u00fcche liegen \u00fcbereinander geschichtet.<\/small><\/p>\n<p><img decoding=\"async\" src=\"http:\/\/azalas.de\/wp-content\/uploads\/2013\/09\/P1310554-1_450.jpg\" border=\"0\" alt=\"\" \/><br \/>\n<small>Blick auf Fir\u00e1 und den alten F\u00e4hrhafen<\/small><\/p>\n<p><img decoding=\"async\" src=\"http:\/\/azalas.de\/wp-content\/uploads\/2013\/09\/P1310560-1_450.jpg\" border=\"0\" alt=\"\" \/><\/p>\n<p><img decoding=\"async\" src=\"http:\/\/azalas.de\/wp-content\/uploads\/2013\/08\/P1220291-1_450.jpg\" border=\"0\" alt=\"\" \/><br \/>\n<small>Die F\u00e4hre f\u00e4hrt an der jungen Vulkaninsel Nea Kameni mitten im Krater vorbei, einer unwirtlichen W\u00fcste aus Lavastr\u00f6men und Asche.<\/small><\/p>\n<p><img decoding=\"async\" src=\"http:\/\/azalas.de\/wp-content\/uploads\/2013\/08\/P1220294-1_450.jpg\" border=\"0\" alt=\"\" \/><br \/>\n<small>eine unbewohnte Insel ganz in der Gewalt der Elemente&#8230;<\/small><\/p>\n<p><img decoding=\"async\" src=\"http:\/\/azalas.de\/wp-content\/uploads\/2013\/08\/P1220312-1_450.jpg\" border=\"0\" alt=\"\" \/><br \/>\n<small>Auch an der Insel Therasia geht es vorbei, einem von der Hauptinsel Thera abgetrennten St\u00fcck des Vulkans.<\/small><\/p>\n<p><img decoding=\"async\" src=\"http:\/\/azalas.de\/wp-content\/uploads\/2013\/08\/P1220016_450.jpg\" border=\"0\" alt=\"\" \/><br \/>\n<small>Schlie\u00dflich passieren wir das Nordende von Thera mit dem malerischen Ort Oia.<\/small><\/p>\n<p><img decoding=\"async\" src=\"http:\/\/azalas.de\/wp-content\/uploads\/2013\/08\/P1220313-1_450.jpg\" border=\"0\" alt=\"\" \/><br \/>\n<small>Ein letzter Abschiedsblick: Bis zum n\u00e4chsten Mal!<\/small><\/p>\n<p>siehe auch:<\/p>\n<ul>\n<li><a href=\"http:\/\/azalas.de\/santorin-vulkan\/\">Der Vulkan von Santorin<\/a><\/li>\n<li><a href=\"http:\/\/azalas.de\/santorin-geologie\/\">Geologischer Spaziergang auf Santorin<\/a><\/li>\n<li><a href=\"http:\/\/azalas.de\/santorin-akrotiri\/\">Akrotiri auf Santorin<\/a><\/li>\n<li><a href=\"http:\/\/azalas.de\/santorin-antikes-thera\/\">Das Antike Thera<\/a><\/li>\n<li><a href=\"http:\/\/azalas.de\/santorin-thron\/\">Ein Thron beim Antiken Thera<\/a><\/li>\n<li><a href=\"http:\/\/azalas.de\/santorin-emborio\/\">Emborio<\/a><\/li>\n<\/ul>\n<p>zur\u00fcck: <a href=\"http:\/\/azalas.de\/nachbarinseln\/\">Nachbarinseln u.a.<\/a><\/p>\n<p><a href=\"https:\/\/azalas.de\/inhaltsverzeichnis\/\">Zum Inhaltsverzeichnis<\/a><\/p>\n","protected":false},"excerpt":{"rendered":"<p>Santorin &#8211; Vulkaninsel, Insel der Sonnenunterg\u00e4nge, der steil oben auf der schwarzen Klippe gelegenen wei\u00dfen H\u00e4user, Insel des Bimssteins und der in der Vulkanasche wachsenden Weinst\u00f6cke, Insel der f\u00e1va, \u00dcberrest des mythischen Atlantis &#8211; das alles ist Santorin und noch vieles mehr. Santorin muss man gesehen haben; auch wenn es im Sommer, wenn die Insel [&hellip;]<\/p>\n","protected":false},"author":4,"featured_media":48681,"comment_status":"open","ping_status":"open","sticky":false,"template":"","format":"standard","meta":{"footnotes":""},"categories":[675],"tags":[32,756,869,34,348,33],"class_list":["post-7926","post","type-post","status-publish","format-standard","has-post-thumbnail","hentry","category-nachbarinseln","tag-ferien","tag-fira","tag-griechenland","tag-kykladen","tag-santorin","tag-urlaub"],"_links":{"self":[{"href":"https:\/\/azalas.de\/el\/wp-json\/wp\/v2\/posts\/7926","targetHints":{"allow":["GET"]}}],"collection":[{"href":"https:\/\/azalas.de\/el\/wp-json\/wp\/v2\/posts"}],"about":[{"href":"https:\/\/azalas.de\/el\/wp-json\/wp\/v2\/types\/post"}],"author":[{"embeddable":true,"href":"https:\/\/azalas.de\/el\/wp-json\/wp\/v2\/users\/4"}],"replies":[{"embeddable":true,"href":"https:\/\/azalas.de\/el\/wp-json\/wp\/v2\/comments?post=7926"}],"version-history":[{"count":7,"href":"https:\/\/azalas.de\/el\/wp-json\/wp\/v2\/posts\/7926\/revisions"}],"predecessor-version":[{"id":72161,"href":"https:\/\/azalas.de\/el\/wp-json\/wp\/v2\/posts\/7926\/revisions\/72161"}],"wp:featuredmedia":[{"embeddable":true,"href":"https:\/\/azalas.de\/el\/wp-json\/wp\/v2\/media\/48681"}],"wp:attachment":[{"href":"https:\/\/azalas.de\/el\/wp-json\/wp\/v2\/media?parent=7926"}],"wp:term":[{"taxonomy":"category","embeddable":true,"href":"https:\/\/azalas.de\/el\/wp-json\/wp\/v2\/categories?post=7926"},{"taxonomy":"post_tag","embeddable":true,"href":"https:\/\/azalas.de\/el\/wp-json\/wp\/v2\/tags?post=7926"}],"curies":[{"name":"wp","href":"https:\/\/api.w.org\/{rel}","templated":true}]}}