{"id":75047,"date":"2025-01-18T19:05:06","date_gmt":"2025-01-18T17:05:06","guid":{"rendered":"https:\/\/azalas.de\/de\/?p=75047"},"modified":"2025-01-18T19:05:06","modified_gmt":"2025-01-18T17:05:06","slug":"25-dezember","status":"publish","type":"post","link":"https:\/\/azalas.de\/el\/25-dezember\/","title":{"rendered":"25. Dezember"},"content":{"rendered":"<h1>25. Dezember<\/h1>\n<p><img decoding=\"async\" src=\"https:\/\/azalas.de\/wp-content\/uploads\/photos\/naxos\/fauna\/butterflies\/pseudophilotes_vicrama-1.jpg\" alt=\"\"><\/p>\n<div>Der \u00d6stliche Quendelbl\u00e4uling  ist bei uns sehr h\u00e4ufig. Er besucht vor allem kleine Asteraceen. Es gibt viele \u00e4hnliche Bl\u00e4uling-Arten, die nur bei genauer Betrachtung auseinander zu halten sind. Von der Oberseite ist der m\u00e4nnliche \u00d6stliche Quendelbl\u00e4uling einfarbig blau mit winzigen schwarzen Flecken etwa in der Fl\u00fcgelmitte; bei den Weibchen ist das Blau weniger ausgepr\u00e4gt. Die Unterseite der Fl\u00fcgel ist mit zahlreichen schwarzen Flecken gemustert; au\u00dferdem sitzt eine Reihe orangefarbener Flecken am Au\u00dfenrand der Hinterfl\u00fcgel. Der ganze K\u00f6rper dieses winzigen Schmetterlings ist stark behaart; auch die Fl\u00fcgel tragen Haare, insbesondere am Rand. Die F\u00fchler sind wie bei allen Bl\u00e4ulingen schwarz-wei\u00df geringelt. Der \u00d6stliche Quendelbl\u00e4uling legt seine Eier auf Lippenbl\u00fctlern der Gattung <em>Satureja<\/em> ab. Wie bei vielen Bl\u00e4ulingen leben die Raupen in Symbiose mit Ameisen, d.h. sie werden von den Ameisen auf der Futterpflanze bewacht und verteidigt; daf\u00fcr belohnen die Raupen die Ameisen mit einem zuckerhaltigen Sekret. <\/div>\n<ul>\n<li>\n<p>        <img decoding=\"async\" src=\"https:\/\/azalas.de\/wp-content\/uploads\/photos\/naxos\/fauna\/butterflies\/pseudophilotes_vicrama-2.jpg\" alt=\"\"><\/p>\n<\/li>\n<li>\n<p>        <img decoding=\"async\" src=\"https:\/\/azalas.de\/wp-content\/uploads\/photos\/naxos\/fauna\/butterflies\/pseudophilotes_vicrama-3.jpg\" alt=\"\"><\/p>\n<\/li>\n<\/ul>\n<div>\n<p><a href=\"\/schmetterlinge\/\">Zu den Schmetterlingen<\/a><\/p>\n<\/div>\n<p><!--more--><br \/>\n<!-- {\"type\":\"layout\",\"children\":[{\"type\":\"section\",\"props\":{\"image_position\":\"center-center\",\"style\":\"default\",\"title_breakpoint\":\"xl\",\"title_position\":\"top-left\",\"title_rotation\":\"left\",\"vertical_align\":\"middle\",\"width\":\"default\"},\"children\":[{\"type\":\"row\",\"children\":[{\"type\":\"column\",\"props\":{\"image_position\":\"center-center\",\"position_sticky_breakpoint\":\"m\"},\"children\":[{\"type\":\"headline\",\"props\":{\"content\":\"25. Dezember\",\"text_align\":\"center\",\"title_element\":\"h1\"}}]}]}]},{\"type\":\"section\",\"props\":{\"image_position\":\"center-center\",\"style\":\"default\",\"title_breakpoint\":\"xl\",\"title_position\":\"top-left\",\"title_rotation\":\"left\",\"vertical_align\":\"middle\",\"width\":\"default\"},\"children\":[{\"type\":\"row\",\"children\":[{\"type\":\"column\",\"props\":{\"image_position\":\"center-center\",\"position_sticky_breakpoint\":\"m\"},\"children\":[{\"type\":\"image\",\"props\":{\"image\":\"https:\\\/\\\/azalas.de\\\/wp-content\\\/uploads\\\/photos\\\/naxos\\\/fauna\\\/butterflies\\\/pseudophilotes_vicrama-1.jpg\",\"image_loading\":true,\"image_svg_color\":\"emphasis\",\"margin\":\"default\"}}]}]},{\"type\":\"row\",\"children\":[{\"type\":\"column\",\"props\":{\"image_position\":\"center-center\",\"position_sticky_breakpoint\":\"m\"},\"children\":[{\"type\":\"text\",\"props\":{\"column_breakpoint\":\"m\",\"content\":\"Der \\u00d6stliche Quendelbl\\u00e4uling  ist bei uns sehr h\\u00e4ufig. Er besucht vor allem kleine Asteraceen. Es gibt viele \\u00e4hnliche Bl\\u00e4uling-Arten, die nur bei genauer Betrachtung auseinander zu halten sind. Von der Oberseite ist der m\\u00e4nnliche \\u00d6stliche Quendelbl\\u00e4uling einfarbig blau mit winzigen schwarzen Flecken etwa in der Fl\\u00fcgelmitte; bei den Weibchen ist das Blau weniger ausgepr\\u00e4gt. Die Unterseite der Fl\\u00fcgel ist mit zahlreichen schwarzen Flecken gemustert; au\\u00dferdem sitzt eine Reihe orangefarbener Flecken am Au\\u00dfenrand der Hinterfl\\u00fcgel. Der ganze K\\u00f6rper dieses winzigen Schmetterlings ist stark behaart; auch die Fl\\u00fcgel tragen Haare, insbesondere am Rand. Die F\\u00fchler sind wie bei allen Bl\\u00e4ulingen schwarz-wei\\u00df geringelt. Der \\u00d6stliche Quendelbl\\u00e4uling legt seine Eier auf Lippenbl\\u00fctlern der Gattung <em>Satureja<\\\/em> ab. Wie bei vielen Bl\\u00e4ulingen leben die Raupen in Symbiose mit Ameisen, d.h. sie werden von den Ameisen auf der Futterpflanze bewacht und verteidigt; daf\\u00fcr belohnen die Raupen die Ameisen mit einem zuckerhaltigen Sekret. \",\"margin\":\"default\"}}]}]}]},{\"type\":\"section\",\"props\":{\"image_position\":\"center-center\",\"padding_remove_top\":true,\"style\":\"default\",\"title_breakpoint\":\"xl\",\"title_position\":\"top-left\",\"title_rotation\":\"left\",\"vertical_align\":\"middle\",\"width\":\"default\"},\"children\":[{\"type\":\"row\",\"children\":[{\"type\":\"column\",\"props\":{\"image_position\":\"center-center\",\"position_sticky_breakpoint\":\"m\"},\"children\":[{\"type\":\"gallery\",\"props\":{\"filter_align\":\"left\",\"filter_all\":true,\"filter_grid_breakpoint\":\"m\",\"filter_grid_width\":\"auto\",\"filter_position\":\"top\",\"filter_style\":\"tab\",\"grid_default\":\"1\",\"grid_medium\":\"2\",\"grid_small\":\"2\",\"item_animation\":true,\"link_style\":\"default\",\"link_text\":\"Read more\",\"margin\":\"default\",\"meta_align\":\"below-title\",\"meta_element\":\"div\",\"meta_style\":\"text-meta\",\"overlay_hover\":false,\"overlay_mode\":\"caption\",\"overlay_position\":\"center\",\"overlay_style\":\"overlay-primary\",\"overlay_transition\":\"fade\",\"show_content\":true,\"show_hover_image\":false,\"show_hover_video\":false,\"show_link\":false,\"show_meta\":false,\"show_title\":false,\"text_align\":\"center\",\"text_color\":\"light\",\"title_element\":\"h3\",\"title_hover_style\":\"reset\"},\"children\":[{\"type\":\"gallery_item\",\"props\":{\"image\":\"https:\\\/\\\/azalas.de\\\/wp-content\\\/uploads\\\/photos\\\/naxos\\\/fauna\\\/butterflies\\\/pseudophilotes_vicrama-2.jpg\"}},{\"type\":\"gallery_item\",\"props\":{\"image\":\"https:\\\/\\\/azalas.de\\\/wp-content\\\/uploads\\\/photos\\\/naxos\\\/fauna\\\/butterflies\\\/pseudophilotes_vicrama-3.jpg\"}}]}]}]}]},{\"type\":\"section\",\"props\":{\"image_position\":\"center-center\",\"style\":\"default\",\"title_breakpoint\":\"xl\",\"title_position\":\"top-left\",\"title_rotation\":\"left\",\"vertical_align\":\"middle\",\"width\":\"default\"},\"children\":[{\"type\":\"row\",\"children\":[{\"type\":\"column\",\"props\":{\"image_position\":\"center-center\",\"position_sticky_breakpoint\":\"m\"},\"children\":[{\"type\":\"list\",\"props\":{\"column_breakpoint\":\"m\",\"image_align\":\"left\",\"image_svg_color\":\"emphasis\",\"image_vertical_align\":true,\"list_element\":\"ul\",\"list_horizontal_separator\":\", \",\"list_type\":\"vertical\",\"show_image\":true,\"show_link\":true},\"children\":[{\"type\":\"list_item\",\"props\":{\"content\":\"Zu den Schmetterlingen\",\"link\":\"schmetterlinge\\\/\"}}]}]}]}]}],\"version\":\"4.4.16\",\"yooessentialsVersion\":\"2.2.29\"} --><\/p>\n","protected":false},"excerpt":{"rendered":"<p>25. Dezember Der \u00d6stliche Quendelbl\u00e4uling ist bei uns sehr h\u00e4ufig. Er besucht vor allem kleine Asteraceen. Es gibt viele \u00e4hnliche Bl\u00e4uling-Arten, die nur bei genauer Betrachtung auseinander zu halten sind. Von der Oberseite ist der m\u00e4nnliche \u00d6stliche Quendelbl\u00e4uling einfarbig blau mit winzigen schwarzen Flecken etwa in der Fl\u00fcgelmitte; bei den Weibchen ist das Blau weniger [&hellip;]<\/p>\n","protected":false},"author":4,"featured_media":0,"comment_status":"closed","ping_status":"closed","sticky":false,"template":"","format":"standard","meta":{"footnotes":""},"categories":[2121],"tags":[],"class_list":["post-75047","post","type-post","status-publish","format-standard","hentry","category-bild-des-tages"],"_links":{"self":[{"href":"https:\/\/azalas.de\/el\/wp-json\/wp\/v2\/posts\/75047","targetHints":{"allow":["GET"]}}],"collection":[{"href":"https:\/\/azalas.de\/el\/wp-json\/wp\/v2\/posts"}],"about":[{"href":"https:\/\/azalas.de\/el\/wp-json\/wp\/v2\/types\/post"}],"author":[{"embeddable":true,"href":"https:\/\/azalas.de\/el\/wp-json\/wp\/v2\/users\/4"}],"replies":[{"embeddable":true,"href":"https:\/\/azalas.de\/el\/wp-json\/wp\/v2\/comments?post=75047"}],"version-history":[{"count":5,"href":"https:\/\/azalas.de\/el\/wp-json\/wp\/v2\/posts\/75047\/revisions"}],"predecessor-version":[{"id":75052,"href":"https:\/\/azalas.de\/el\/wp-json\/wp\/v2\/posts\/75047\/revisions\/75052"}],"wp:attachment":[{"href":"https:\/\/azalas.de\/el\/wp-json\/wp\/v2\/media?parent=75047"}],"wp:term":[{"taxonomy":"category","embeddable":true,"href":"https:\/\/azalas.de\/el\/wp-json\/wp\/v2\/categories?post=75047"},{"taxonomy":"post_tag","embeddable":true,"href":"https:\/\/azalas.de\/el\/wp-json\/wp\/v2\/tags?post=75047"}],"curies":[{"name":"wp","href":"https:\/\/api.w.org\/{rel}","templated":true}]}}