{"id":73962,"date":"2025-01-07T18:43:58","date_gmt":"2025-01-07T16:43:58","guid":{"rendered":"https:\/\/azalas.de\/de\/?p=73962"},"modified":"2025-01-07T18:43:58","modified_gmt":"2025-01-07T16:43:58","slug":"9-juni","status":"publish","type":"post","link":"https:\/\/azalas.de\/el\/9-juni\/","title":{"rendered":"9. Juni"},"content":{"rendered":"<h1>9. Juni<\/h1>\n<p><img decoding=\"async\" src=\"https:\/\/azalas.de\/wp-content\/uploads\/photos\/naxos\/flora\/papaveraceae\/papaver_nigrotinctum_detail-1.jpg\" alt=\"\"><\/p>\n<div>Die Mohngew\u00e4chse geh\u00f6ren zu den urt\u00fcmlicheren Zweikeimbl\u00e4ttrigen Pflanzen und stehen in der N\u00e4he beispielsweise der Hahnenfu\u00dfgew\u00e4chse. Wie diese besitzen sie viele Staubbl\u00e4tter und gro\u00dfe, meist kr\u00e4ftig rot oder gelb gef\u00e4rbte Bl\u00fctenbl\u00e4tter; die Kelchbl\u00e4tter fallen meist beim \u00d6ffnen der Bl\u00fcte ab. Die meisten Mohn-Arten bilden Porenkapsel aus, die die feinen Samen durch den Wind wie ein Salzstreuer ausstreuen. Auf Naxos kommen f\u00fcnf Mohnarten vor, die sich relativ \u00e4hnlich sehen; sie unterscheiden sich vor allem an der Form und Behaarung der Knospen und der Kapseln. <em>Papaver nigrotinctum<\/em> kommt verstreut in nat\u00fcrlicher Vegetation, weniger im Kulturland vor. Er besitzt gro\u00dfe, sch\u00f6ne orangerote Bl\u00fcten, die am Grund schwarz gef\u00e4rbt sind; die Staubbl\u00e4tter sind gelb. Die Knospen sind rund und ebenso wie die l\u00e4nglichen, eher kleinen Kapseln borstig behaart.<\/div>\n<ul>\n<li>\n<p>        <img decoding=\"async\" src=\"https:\/\/azalas.de\/wp-content\/uploads\/photos\/naxos\/flora\/papaveraceae\/papaver_nigrotinctum_fruit-1.jpg\" alt=\"\"><\/p>\n<\/li>\n<li>\n<p>        <img decoding=\"async\" src=\"https:\/\/azalas.de\/wp-content\/uploads\/photos\/naxos\/flora\/papaveraceae\/papaver_nigrotinctum-1.jpg\" alt=\"\"><\/p>\n<\/li>\n<\/ul>\n<div>\n<p><a href=\"\/mohngewaechse\/\">Zu den Mohngew\u00e4chsen<\/a><\/p>\n<\/div>\n<p><!--more--><br \/>\n<!-- {\"type\":\"layout\",\"children\":[{\"type\":\"section\",\"props\":{\"image_position\":\"center-center\",\"style\":\"default\",\"title_breakpoint\":\"xl\",\"title_position\":\"top-left\",\"title_rotation\":\"left\",\"vertical_align\":\"middle\",\"width\":\"default\"},\"children\":[{\"type\":\"row\",\"children\":[{\"type\":\"column\",\"props\":{\"image_position\":\"center-center\",\"position_sticky_breakpoint\":\"m\"},\"children\":[{\"type\":\"headline\",\"props\":{\"content\":\"9. Juni\",\"text_align\":\"center\",\"title_element\":\"h1\"}}]}]}]},{\"type\":\"section\",\"props\":{\"image_position\":\"center-center\",\"style\":\"default\",\"title_breakpoint\":\"xl\",\"title_position\":\"top-left\",\"title_rotation\":\"left\",\"vertical_align\":\"middle\",\"width\":\"default\"},\"children\":[{\"type\":\"row\",\"children\":[{\"type\":\"column\",\"props\":{\"image_position\":\"center-center\",\"position_sticky_breakpoint\":\"m\"},\"children\":[{\"type\":\"image\",\"props\":{\"image\":\"https:\\\/\\\/azalas.de\\\/wp-content\\\/uploads\\\/photos\\\/naxos\\\/flora\\\/papaveraceae\\\/papaver_nigrotinctum_detail-1.jpg\",\"image_loading\":true,\"image_svg_color\":\"emphasis\",\"margin\":\"default\"}}]}]},{\"type\":\"row\",\"children\":[{\"type\":\"column\",\"props\":{\"image_position\":\"center-center\",\"position_sticky_breakpoint\":\"m\"},\"children\":[{\"type\":\"text\",\"props\":{\"column_breakpoint\":\"m\",\"content\":\"Die Mohngew\\u00e4chse geh\\u00f6ren zu den urt\\u00fcmlicheren Zweikeimbl\\u00e4ttrigen Pflanzen und stehen in der N\\u00e4he beispielsweise der Hahnenfu\\u00dfgew\\u00e4chse. Wie diese besitzen sie viele Staubbl\\u00e4tter und gro\\u00dfe, meist kr\\u00e4ftig rot oder gelb gef\\u00e4rbte Bl\\u00fctenbl\\u00e4tter; die Kelchbl\\u00e4tter fallen meist beim \\u00d6ffnen der Bl\\u00fcte ab. Die meisten Mohn-Arten bilden Porenkapsel aus, die die feinen Samen durch den Wind wie ein Salzstreuer ausstreuen. Auf Naxos kommen f\\u00fcnf Mohnarten vor, die sich relativ \\u00e4hnlich sehen; sie unterscheiden sich vor allem an der Form und Behaarung der Knospen und der Kapseln. <em>Papaver nigrotinctum<\\\/em> kommt verstreut in nat\\u00fcrlicher Vegetation, weniger im Kulturland vor. Er besitzt gro\\u00dfe, sch\\u00f6ne orangerote Bl\\u00fcten, die am Grund schwarz gef\\u00e4rbt sind; die Staubbl\\u00e4tter sind gelb. Die Knospen sind rund und ebenso wie die l\\u00e4nglichen, eher kleinen Kapseln borstig behaart.\",\"margin\":\"default\"}}]}]}]},{\"type\":\"section\",\"props\":{\"image_position\":\"center-center\",\"padding_remove_top\":true,\"style\":\"default\",\"title_breakpoint\":\"xl\",\"title_position\":\"top-left\",\"title_rotation\":\"left\",\"vertical_align\":\"middle\",\"width\":\"default\"},\"children\":[{\"type\":\"row\",\"children\":[{\"type\":\"column\",\"props\":{\"image_position\":\"center-center\",\"position_sticky_breakpoint\":\"m\"},\"children\":[{\"type\":\"gallery\",\"props\":{\"filter_align\":\"left\",\"filter_all\":true,\"filter_grid_breakpoint\":\"m\",\"filter_grid_width\":\"auto\",\"filter_position\":\"top\",\"filter_style\":\"tab\",\"grid_default\":\"1\",\"grid_medium\":\"2\",\"grid_small\":\"2\",\"item_animation\":true,\"link_style\":\"default\",\"link_text\":\"Read more\",\"margin\":\"default\",\"meta_align\":\"below-title\",\"meta_element\":\"div\",\"meta_style\":\"text-meta\",\"overlay_hover\":false,\"overlay_mode\":\"caption\",\"overlay_position\":\"center\",\"overlay_style\":\"overlay-primary\",\"overlay_transition\":\"fade\",\"show_content\":true,\"show_hover_image\":false,\"show_hover_video\":false,\"show_link\":false,\"show_meta\":false,\"show_title\":false,\"text_align\":\"center\",\"text_color\":\"light\",\"title_element\":\"h3\",\"title_hover_style\":\"reset\"},\"children\":[{\"type\":\"gallery_item\",\"props\":{\"image\":\"https:\\\/\\\/azalas.de\\\/wp-content\\\/uploads\\\/photos\\\/naxos\\\/flora\\\/papaveraceae\\\/papaver_nigrotinctum_fruit-1.jpg\"}},{\"type\":\"gallery_item\",\"props\":{\"image\":\"https:\\\/\\\/azalas.de\\\/wp-content\\\/uploads\\\/photos\\\/naxos\\\/flora\\\/papaveraceae\\\/papaver_nigrotinctum-1.jpg\"}}]}]}]}]},{\"type\":\"section\",\"props\":{\"image_position\":\"center-center\",\"style\":\"default\",\"title_breakpoint\":\"xl\",\"title_position\":\"top-left\",\"title_rotation\":\"left\",\"vertical_align\":\"middle\",\"width\":\"default\"},\"children\":[{\"type\":\"row\",\"children\":[{\"type\":\"column\",\"props\":{\"image_position\":\"center-center\",\"position_sticky_breakpoint\":\"m\"},\"children\":[{\"type\":\"list\",\"props\":{\"column_breakpoint\":\"m\",\"image_align\":\"left\",\"image_svg_color\":\"emphasis\",\"image_vertical_align\":true,\"list_element\":\"ul\",\"list_horizontal_separator\":\", \",\"list_type\":\"vertical\",\"show_image\":true,\"show_link\":true},\"children\":[{\"type\":\"list_item\",\"props\":{\"content\":\"Zu den Mohngew\\u00e4chsen\",\"link\":\"mohngewaechse\\\/\"}}]}]}]}]}],\"version\":\"4.4.16\",\"yooessentialsVersion\":\"2.2.29\"} --><\/p>\n","protected":false},"excerpt":{"rendered":"<p>9. Juni Die Mohngew\u00e4chse geh\u00f6ren zu den urt\u00fcmlicheren Zweikeimbl\u00e4ttrigen Pflanzen und stehen in der N\u00e4he beispielsweise der Hahnenfu\u00dfgew\u00e4chse. Wie diese besitzen sie viele Staubbl\u00e4tter und gro\u00dfe, meist kr\u00e4ftig rot oder gelb gef\u00e4rbte Bl\u00fctenbl\u00e4tter; die Kelchbl\u00e4tter fallen meist beim \u00d6ffnen der Bl\u00fcte ab. Die meisten Mohn-Arten bilden Porenkapsel aus, die die feinen Samen durch den Wind [&hellip;]<\/p>\n","protected":false},"author":4,"featured_media":0,"comment_status":"closed","ping_status":"closed","sticky":false,"template":"","format":"standard","meta":{"footnotes":""},"categories":[2121],"tags":[],"class_list":["post-73962","post","type-post","status-publish","format-standard","hentry","category-bild-des-tages"],"_links":{"self":[{"href":"https:\/\/azalas.de\/el\/wp-json\/wp\/v2\/posts\/73962","targetHints":{"allow":["GET"]}}],"collection":[{"href":"https:\/\/azalas.de\/el\/wp-json\/wp\/v2\/posts"}],"about":[{"href":"https:\/\/azalas.de\/el\/wp-json\/wp\/v2\/types\/post"}],"author":[{"embeddable":true,"href":"https:\/\/azalas.de\/el\/wp-json\/wp\/v2\/users\/4"}],"replies":[{"embeddable":true,"href":"https:\/\/azalas.de\/el\/wp-json\/wp\/v2\/comments?post=73962"}],"version-history":[{"count":4,"href":"https:\/\/azalas.de\/el\/wp-json\/wp\/v2\/posts\/73962\/revisions"}],"predecessor-version":[{"id":73966,"href":"https:\/\/azalas.de\/el\/wp-json\/wp\/v2\/posts\/73962\/revisions\/73966"}],"wp:attachment":[{"href":"https:\/\/azalas.de\/el\/wp-json\/wp\/v2\/media?parent=73962"}],"wp:term":[{"taxonomy":"category","embeddable":true,"href":"https:\/\/azalas.de\/el\/wp-json\/wp\/v2\/categories?post=73962"},{"taxonomy":"post_tag","embeddable":true,"href":"https:\/\/azalas.de\/el\/wp-json\/wp\/v2\/tags?post=73962"}],"curies":[{"name":"wp","href":"https:\/\/api.w.org\/{rel}","templated":true}]}}