{"id":2285,"date":"2010-12-12T17:12:14","date_gmt":"2010-12-12T15:12:14","guid":{"rendered":"http:\/\/klqewmpxo.cyon.link\/?p=2285"},"modified":"2024-01-04T09:05:00","modified_gmt":"2024-01-04T07:05:00","slug":"12-dezember-2010-gutes-wetter-und-schlechtes-wetter","status":"publish","type":"post","link":"https:\/\/azalas.de\/el\/12-dezember-2010-gutes-wetter-und-schlechtes-wetter\/","title":{"rendered":"12. Dezember 2010: Gutes Wetter und schlechtes Wetter"},"content":{"rendered":"<p><big>B<\/big>ekanntlich ist es eine Definitionsfrage, was man als gutes und was als schlechtes Wetter bezeichnet. Bis vor zwei Tagen hatten wir, w\u00e4hrend sich der Rest Europas schon im K\u00fchlschrank befand, hier auf Naxos ein Wetter, das wohl alle als gut bezeichnen w\u00fcrden: meist sonnig, wenig Wind und warm, ganz ungew\u00f6hnlich warm sogar f\u00fcr die Jahreszeit. Gutes Wetter w\u00fcrde man meinen &#8211; oder nicht? Aber es gibt auch zu gutes Wetter!<\/p>\n<p><img decoding=\"async\" src=\"https:\/\/azalas.de\/wp-content\/uploads\/2010\/12\/P1060556-1_450.jpg\" border=\"0\" alt=\"\" \/><br \/>\n<small>Gutes Wetter&#8230;<\/small><\/p>\n<p><img decoding=\"async\" src=\"https:\/\/azalas.de\/wp-content\/uploads\/2010\/12\/P1060632-1_450.jpg\" border=\"0\" alt=\"\" \/><br \/>\n<small>&#8230;sehr sch\u00f6nes sogar&#8230;<\/small><\/p>\n<p><img decoding=\"async\" src=\"https:\/\/azalas.de\/wp-content\/uploads\/2010\/12\/P1070434-1_450.jpg\" border=\"0\" alt=\"\" \/><br \/>\n<small>&#8230;genau gesagt: zu gutes! Die Weinst\u00f6cke haben ausgeschlagen, als ob es Fr\u00fchjahr w\u00e4re; das ist noch nie(!) passiert. Keiner kann sich erinnern, dass die Weinberge je im Herbst so ausgesehen haben.<\/small><\/p>\n<p><img decoding=\"async\" src=\"https:\/\/azalas.de\/wp-content\/uploads\/2010\/12\/P1070444-1_450.jpg\" border=\"0\" alt=\"\" \/><br \/>\n<small>Ja, sie haben sogar Bl\u00fcten angesetzt!<\/small><\/p>\n<p><big>A<\/big>ber am Freitag haben sich die Zust\u00e4nde dann pl\u00f6tzlich ge\u00e4ndert. Der Wind drehte auf Nord, kalte Luftmassen sind aus Europa zu uns vorgedrungen, und die Temperatur ist um 15\u00b0C gefallen!!<\/p>\n<p><img decoding=\"async\" src=\"https:\/\/azalas.de\/wp-content\/uploads\/2010\/12\/P1070489-1_450.jpg\" border=\"0\" alt=\"\" \/><br \/>\n<small>Erst hat es angefangen zu regnen (<span style=\"text-decoration: underline;\">das<\/span> ist bei uns gutes Wetter!).<\/small><\/p>\n<p><img decoding=\"async\" src=\"https:\/\/azalas.de\/wp-content\/uploads\/2010\/12\/P1070584-1_450.jpg\" border=\"0\" alt=\"\" \/><br \/>\n<small>Dann kam der Sturm. 10 Beaufort Nordwind, und K\u00e4lte!<\/small><\/p>\n<p><img decoding=\"async\" src=\"https:\/\/azalas.de\/wp-content\/uploads\/2010\/12\/P1070500-1_450.jpg\" border=\"0\" alt=\"\" \/><br \/>\n<small>Hier das Beweisfoto! Und zwei Tage vorher war es noch \u00fcber 20\u00b0C warm.<\/small><\/p>\n<p><img decoding=\"async\" src=\"https:\/\/azalas.de\/wp-content\/uploads\/2010\/12\/P1070627-1_450.jpg\" border=\"0\" alt=\"\" \/><\/p>\n<p><img decoding=\"async\" src=\"https:\/\/azalas.de\/wp-content\/uploads\/2010\/12\/P1070683-1_450.jpg\" border=\"0\" alt=\"\" \/><\/p>\n<p><img decoding=\"async\" src=\"https:\/\/azalas.de\/wp-content\/uploads\/2010\/12\/P1070555-1_450.jpg\" border=\"0\" alt=\"\" \/><\/p>\n<p><img decoding=\"async\" src=\"https:\/\/azalas.de\/wp-content\/uploads\/2010\/12\/P1070537-1_450.jpg\" border=\"0\" alt=\"\" \/><\/p>\n<p><img decoding=\"async\" src=\"https:\/\/azalas.de\/wp-content\/uploads\/2010\/12\/P1070514-1_450.jpg\" border=\"0\" alt=\"\" \/><\/p>\n<p><big>D<\/big>ie Kapelle hat es heute auch schwer!<\/p>\n<p><img decoding=\"async\" src=\"https:\/\/azalas.de\/wp-content\/uploads\/2010\/12\/P1070671-1_450.jpg\" border=\"0\" alt=\"\" \/><\/p>\n<p><img decoding=\"async\" src=\"https:\/\/azalas.de\/wp-content\/uploads\/2010\/12\/P1070647-1_450.jpg\" border=\"0\" alt=\"\" \/><br \/>\n<small>Im Hintergrund sieht man, dass es am Berghang schneit!<\/small><\/p>\n<p><img decoding=\"async\" src=\"https:\/\/azalas.de\/wp-content\/uploads\/2010\/12\/P1070670-1_450.jpg\" border=\"0\" alt=\"\" \/><\/p>\n<p><img decoding=\"async\" src=\"https:\/\/azalas.de\/wp-content\/uploads\/2010\/12\/P1070684-1_450.jpg\" border=\"0\" alt=\"\" \/><\/p>\n","protected":false},"excerpt":{"rendered":"<p>Bekanntlich ist es eine Definitionsfrage, was man als gutes und was als schlechtes Wetter bezeichnet. Bis vor zwei Tagen hatten wir, w\u00e4hrend sich der Rest Europas schon im K\u00fchlschrank befand, hier auf Naxos ein Wetter, das wohl alle als gut bezeichnen w\u00fcrden: meist sonnig, wenig Wind und warm, ganz ungew\u00f6hnlich warm sogar f\u00fcr die Jahreszeit. [&hellip;]<\/p>\n","protected":false},"author":4,"featured_media":45482,"comment_status":"closed","ping_status":"closed","sticky":false,"template":"","format":"standard","meta":{"footnotes":""},"categories":[10,18,11,9],"tags":[35,866,32,869,34,865,419,163],"class_list":["post-2285","post","type-post","status-publish","format-standard","has-post-thumbnail","hentry","category-azalas","category-klima-und-wetter","category-natur","category-naxos","tag-agais","tag-azalas","tag-ferien","tag-griechenland","tag-kykladen","tag-naxos","tag-sturm","tag-wetter"],"_links":{"self":[{"href":"https:\/\/azalas.de\/el\/wp-json\/wp\/v2\/posts\/2285","targetHints":{"allow":["GET"]}}],"collection":[{"href":"https:\/\/azalas.de\/el\/wp-json\/wp\/v2\/posts"}],"about":[{"href":"https:\/\/azalas.de\/el\/wp-json\/wp\/v2\/types\/post"}],"author":[{"embeddable":true,"href":"https:\/\/azalas.de\/el\/wp-json\/wp\/v2\/users\/4"}],"replies":[{"embeddable":true,"href":"https:\/\/azalas.de\/el\/wp-json\/wp\/v2\/comments?post=2285"}],"version-history":[{"count":1,"href":"https:\/\/azalas.de\/el\/wp-json\/wp\/v2\/posts\/2285\/revisions"}],"predecessor-version":[{"id":57483,"href":"https:\/\/azalas.de\/el\/wp-json\/wp\/v2\/posts\/2285\/revisions\/57483"}],"wp:featuredmedia":[{"embeddable":true,"href":"https:\/\/azalas.de\/el\/wp-json\/wp\/v2\/media\/45482"}],"wp:attachment":[{"href":"https:\/\/azalas.de\/el\/wp-json\/wp\/v2\/media?parent=2285"}],"wp:term":[{"taxonomy":"category","embeddable":true,"href":"https:\/\/azalas.de\/el\/wp-json\/wp\/v2\/categories?post=2285"},{"taxonomy":"post_tag","embeddable":true,"href":"https:\/\/azalas.de\/el\/wp-json\/wp\/v2\/tags?post=2285"}],"curies":[{"name":"wp","href":"https:\/\/api.w.org\/{rel}","templated":true}]}}