{"id":16202,"date":"2023-04-04T20:20:12","date_gmt":"2023-04-04T17:20:12","guid":{"rendered":"http:\/\/klqewmpxo.cyon.link\/?p=16202"},"modified":"2024-10-19T10:10:38","modified_gmt":"2024-10-19T07:10:38","slug":"zistrosen-auf-dem-kap","status":"publish","type":"post","link":"https:\/\/azalas.de\/el\/zistrosen-auf-dem-kap\/","title":{"rendered":"Zistrosen auf dem Kap"},"content":{"rendered":"<p><img decoding=\"async\" src=\"https:\/\/azalas.de\/wp-content\/uploads\/2023\/04\/P1190201-1_450.jpg\" alt=\"\" border=\"0\"><br \/>\n<small>Der nach S\u00fcden geneigte Hang des Kap Stavros bei Moutsouna ist \u00fcberwiegend trocken, steinig und wenig bewachsen.<\/small><\/p>\n<p><img decoding=\"async\" src=\"https:\/\/azalas.de\/wp-content\/uploads\/2023\/04\/P1190219-1_450.jpg\" alt=\"\" border=\"0\"><br \/>\n<small>Der Nordhang dagegen ist, obwohl so windexponiert, von Str\u00e4uchern bewachsen, vor allem von dicht an den Boden gedr\u00fcckten Ph\u00f6nizischen Wacholdern.<\/small><\/p>\n<p><img decoding=\"async\" src=\"https:\/\/azalas.de\/wp-content\/uploads\/2023\/04\/P1190216-1_450.jpg\" alt=\"\" border=\"0\"><br \/>\n<small>Die Str\u00e4ucher bilden oft bizarr geformte St\u00e4mmchen und Wurzeln aus.<\/small><\/p>\n<p><img decoding=\"async\" src=\"https:\/\/azalas.de\/wp-content\/uploads\/photos\/naxos\/flora\/lamiaceae\/teucrium_brevifolium-4.jpg\" alt=\"Kurzbl\u00e4ttriger Gamander, Teucrium brevifolium\" border=\"0\"><br \/>\n<small>Ein Zwergstrauch, der auf Naxos eher selten vorkommt, aber auf dem Kap sehr h\u00e4ufig ist, bl\u00fcht gerade: der zu den Lippenbl\u00fctlern geh\u00f6rende Kurzbl\u00e4ttrige Gamander.<\/small><\/p>\n<p><img decoding=\"async\" src=\"https:\/\/azalas.de\/wp-content\/uploads\/2023\/04\/P1190220-1_450.jpg\" alt=\"\" border=\"0\"><br \/>\n<small>Zwischen den Str\u00e4uchern wachsen im Fr\u00fchling viele Blumen &#8211; ein verzauberter Ort!<\/small><\/p>\n<p><img decoding=\"async\" src=\"https:\/\/azalas.de\/wp-content\/uploads\/2023\/04\/P1190214-1_450.jpg\" alt=\"\" border=\"0\"><br \/>\n<small>Blick vom vorderen Teil des Kaps zur\u00fcck zur Bucht von Azal\u00e1s.<\/small><\/p>\n<p><img decoding=\"async\" src=\"https:\/\/azalas.de\/wp-content\/uploads\/2023\/04\/P1190215-1_450.jpg\" alt=\"\" border=\"0\"><br \/>\n<small>Blick von derselben Stelle auf die Spitze des Kaps.<\/small><\/p>\n<p><img decoding=\"async\" src=\"https:\/\/azalas.de\/wp-content\/uploads\/photos\/naxos\/flora\/cistaceae\/helianthemum_apenninum-3.jpg\" alt=\"Apenninen-Sonnenr\u00f6schen, Helianthemum apenninum\" border=\"0\"><br \/>\n<small>Bei meinem Spaziergang Anfang April aufs Kap finde ich eine Pflanzenart, die ich noch nicht kannte: Das Apenninen-Sonnenr\u00f6schen, ein besonders h\u00fcbsches Zistrosengew\u00e4chs.<\/small><\/p>\n<p><img decoding=\"async\" src=\"https:\/\/azalas.de\/wp-content\/uploads\/photos\/naxos\/flora\/cistaceae\/fumana_laevis-1.jpg\" border=\"0\" alt=\"Fumana laevis\"><br \/>\n<small>Gleich daneben w\u00e4chst noch ein Zistrosengew\u00e4chs: das Glatte Nadelr\u00f6schen, das oft nur als Form des Thymianbl\u00e4ttrigen Nadelr\u00f6schens betrachtet wird. Es kommt auf dem Kap sehr h\u00e4ufig vor.<\/small><\/p>\n<p><img decoding=\"async\" src=\"https:\/\/azalas.de\/wp-content\/uploads\/photos\/naxos\/flora\/cistaceae\/helianthemum_salicifolium-1.jpg\" alt=\"Weidenbl\u00e4ttriges Sonnenr\u00f6schen, Helianthemum salicifolium\" border=\"0\"><br \/>\n<small>In den &#8220;Wiesen&#8221; auf dem Nordhang ist auch das kleine, unauff\u00e4llige Weidenbl\u00e4ttrige Sonnenr\u00f6schen vertreten.<\/small><\/p>\n<p><img decoding=\"async\" src=\"https:\/\/azalas.de\/wp-content\/uploads\/photos\/naxos\/flora\/cistaceae\/cistus_salviifolius-1.jpg\" border=\"0\" alt=\"Salbeibl\u00e4ttrige Zistrose, Cistus salviifolius\"><br \/>\n<small>Vorn nah an der Spitze des Kaps treffe ich \u00fcberraschenderweise auf eine Salbeibl\u00e4ttrige Zistrose, die eigentlich haupts\u00e4chlich im Zentrum der Insel vorkommt. Was f\u00fcr eine sch\u00f6ne Pflanze!<\/small><\/p>\n<p><img decoding=\"async\" src=\"https:\/\/azalas.de\/wp-content\/uploads\/photos\/naxos\/flora\/cistaceae\/cistus_creticus_detail-1.jpg\" border=\"0\" alt=\"Kretische Zistrose, Cistus creticus\"><br \/>\n<small>Direkt daneben w\u00e4chst eine Kretische Zistrose.<\/small><\/p>\n<p><img decoding=\"async\" src=\"https:\/\/azalas.de\/wp-content\/uploads\/photos\/naxos\/flora\/cistaceae\/cistus_salviifolius-3.jpg\" border=\"0\" alt=\"Salbeibl\u00e4ttrige Zistrose, Cistus salviifolius\"><br \/>\n<small>Hier die beiden Zistrosen&#8230;<\/small><\/p>\n<p><img decoding=\"async\" src=\"https:\/\/azalas.de\/wp-content\/uploads\/2023\/04\/P1190205-1_450.jpg\" alt=\"\" border=\"0\"><br \/>\n<small>Keinen Meter entfernt finde ich ein Arabisches Nadelr\u00f6schen mit seinen gro\u00dfen sattgelben Bl\u00fcten (hinten rechts), daneben ein Glattes Nadelr\u00f6schen mit etwas kleineren, heller gelben Bl\u00fcten.<\/small><\/p>\n<p><img decoding=\"async\" src=\"https:\/\/azalas.de\/wp-content\/uploads\/photos\/naxos\/flora\/cistaceae\/fumana_arabica-2.jpg\" border=\"0\" alt=\"Arabisches Nadelr\u00f6schen, Fumana arabica\"><br \/>\n<small>Das Arabische Nadelr\u00f6schen bl\u00fcht nur vormittags; mittags fallen die Bl\u00fctenbl\u00e4tter schon ab. Bei diesem Exemplar schaffe ich es gerade noch rechtzeitig ein Foto zu machen.<\/small><\/p>\n<p><img decoding=\"async\" src=\"https:\/\/azalas.de\/wp-content\/uploads\/photos\/naxos\/flora\/cistaceae\/fumana_arabica-3.jpg\" border=\"0\" alt=\"Arabisches Nadelr\u00f6schen, Fumana arabica\"><br \/>\n<small>Die anderen Arabischen Nadelr\u00f6schen sehen schon so aus&#8230;<\/small><\/p>\n<p><img decoding=\"async\" src=\"https:\/\/azalas.de\/wp-content\/uploads\/2023\/04\/P1190222-1_450.jpg\" alt=\"\" border=\"0\"><br \/>\n<small>Somit bl\u00fchen zur Zeit auf dem Kap sechs der zehn auf der Insel vorkommenden Zistrosengew\u00e4chse!<\/small><\/p>\n<p><img decoding=\"async\" src=\"http:\/\/azalas.de\/wp-content\/uploads\/photos\/naxos\/flora\/cistaceae\/cistus_monspeliensis_flower-1.jpg\" border=\"0\" alt=\"Montpellier-Zistrose, Cistus monspeliensis\"><br \/>\n<small>Direkt um das Kap herum kommt auch die Montpellier-Zistrose sehr h\u00e4ufig vor&#8230;<\/small><\/p>\n<p><img decoding=\"async\" src=\"https:\/\/azalas.de\/wp-content\/uploads\/photos\/naxos\/flora\/cistaceae\/tuberaria_guttata-2.jpg\" border=\"0\" alt=\"Geflecktes Sandr\u00f6schen, Tuberaria guttata\"><br \/>\n<small>\u2026und etwas seltener kann man auch das Gefleckte Sandr\u00f6schen antreffen. Also: Wer die Zistrosen und ihre Verwandten gern mag, kann zur Zeit auf Kap Stavros auf seine Kosten kommen!<\/small><\/p>\n<p>zur\u00fcck: <a href=\"http:\/\/azalas.de\/kap-stavros\/\">Kap Stavros bei Moutsouna<\/a><\/p>\n<p>siehe auch:<\/p>\n<ul>\n<li><a href=\"http:\/\/azalas.de\/zistrosen\/\">Zistrosengew\u00e4chse<\/a><\/li>\n<li><a href=\"http:\/\/azalas.de\/flora-von-naxos\">Flora von Naxos<\/a><\/li>\n<li><a href=\"http:\/\/azalas.de\/wanderungen-und-spaziergaenge\/\">Wanderungen und Ausfl\u00fcge<\/a><\/li>\n<\/ul>\n<p><a href=\"https:\/\/azalas.de\/inhaltsverzeichnis\/\">Zum Inhaltsverzeichnis<\/a><\/p>\n","protected":false},"excerpt":{"rendered":"<p>Der nach S\u00fcden geneigte Hang des Kap Stavros bei Moutsouna ist \u00fcberwiegend trocken, steinig und wenig bewachsen. Der Nordhang dagegen ist, obwohl so windexponiert, von Str\u00e4uchern bewachsen, vor allem von dicht an den Boden gedr\u00fcckten Ph\u00f6nizischen Wacholdern. Die Str\u00e4ucher bilden oft bizarr geformte St\u00e4mmchen und Wurzeln aus. Ein Zwergstrauch, der auf Naxos eher selten vorkommt, [&hellip;]<\/p>\n","protected":false},"author":4,"featured_media":63457,"comment_status":"closed","ping_status":"closed","sticky":false,"template":"","format":"standard","meta":{"footnotes":""},"categories":[10,2015,1995,11,9,12,7],"tags":[866,64,1101,1103,1100,32,1104,1105,869,1107,1108,34,865,1109,33,486],"class_list":["post-16202","post","type-post","status-publish","format-standard","has-post-thumbnail","hentry","category-azalas","category-meine-lieblings-beitraege","category-moutsouna","category-natur","category-naxos","category-pflanzen","category-wandern","tag-azalas","tag-botanik","tag-cistus-creticus","tag-cistus-monspeliensis","tag-cistus-salviifolius","tag-ferien","tag-fumana-arabica","tag-fumana-laevis","tag-griechenland","tag-helianthemum-apenninum","tag-helianthemum-salicifolium","tag-kykladen","tag-naxos","tag-teucrium-brevifolium","tag-urlaub","tag-zistrosen"],"_links":{"self":[{"href":"https:\/\/azalas.de\/el\/wp-json\/wp\/v2\/posts\/16202","targetHints":{"allow":["GET"]}}],"collection":[{"href":"https:\/\/azalas.de\/el\/wp-json\/wp\/v2\/posts"}],"about":[{"href":"https:\/\/azalas.de\/el\/wp-json\/wp\/v2\/types\/post"}],"author":[{"embeddable":true,"href":"https:\/\/azalas.de\/el\/wp-json\/wp\/v2\/users\/4"}],"replies":[{"embeddable":true,"href":"https:\/\/azalas.de\/el\/wp-json\/wp\/v2\/comments?post=16202"}],"version-history":[{"count":8,"href":"https:\/\/azalas.de\/el\/wp-json\/wp\/v2\/posts\/16202\/revisions"}],"predecessor-version":[{"id":71441,"href":"https:\/\/azalas.de\/el\/wp-json\/wp\/v2\/posts\/16202\/revisions\/71441"}],"wp:featuredmedia":[{"embeddable":true,"href":"https:\/\/azalas.de\/el\/wp-json\/wp\/v2\/media\/63457"}],"wp:attachment":[{"href":"https:\/\/azalas.de\/el\/wp-json\/wp\/v2\/media?parent=16202"}],"wp:term":[{"taxonomy":"category","embeddable":true,"href":"https:\/\/azalas.de\/el\/wp-json\/wp\/v2\/categories?post=16202"},{"taxonomy":"post_tag","embeddable":true,"href":"https:\/\/azalas.de\/el\/wp-json\/wp\/v2\/tags?post=16202"}],"curies":[{"name":"wp","href":"https:\/\/api.w.org\/{rel}","templated":true}]}}