{"id":12817,"date":"2020-10-21T23:44:55","date_gmt":"2020-10-21T20:44:55","guid":{"rendered":"http:\/\/klqewmpxo.cyon.link\/?page_id=12817"},"modified":"2024-10-26T19:26:31","modified_gmt":"2024-10-26T16:26:31","slug":"spaziergang-stelida","status":"publish","type":"post","link":"https:\/\/azalas.de\/el\/spaziergang-stelida\/","title":{"rendered":"Spaziergang bei der Stelida"},"content":{"rendered":"<p><big>D<\/big>er H\u00fcgel der Stel\u00edda bei \u00c1gios Prok\u00f3pios, nah bei der Stadt und den gro\u00dfen Sandstr\u00e4nden gelegen, wird in der letzten Zeit nach und nach immer mehr bebaut und genutzt. Die Stel\u00edda war schon seit Urzeiten ein wichtiges Ziel f\u00fcr die Menschen: An Spitze des H\u00fcgels steht Hornstein an, der schon von <a href=\"http:\/\/azalas.de\/naxos-alt-und-mittelsteinzeit\/\">Neandertalern f\u00fcr die Werkzeugherstellung<\/a> genutzt wurde. Aber auch heute noch ist die Stel\u00edda immer einen Besuch wert: Man kann dort sehr sch\u00f6n spazieren gehen. Hier ein paar Fr\u00fchlingsfotos von einem kleinen Spaziergang vom Strand von \u00c1gios Prok\u00f3pios aus die S\u00fcdseite der Halbinsel entlang.<\/p>\n<p><img decoding=\"async\" src=\"https:\/\/azalas.de\/wp-content\/uploads\/2020\/10\/P1410140-1_450.jpg\" alt=\"Stelida, Naxos\" border=\"0\"><br \/>\n<small>Es geht diesen h\u00fcbschen Fu\u00dfweg entlang.<\/small><\/p>\n<p><img decoding=\"async\" src=\"https:\/\/azalas.de\/wp-content\/uploads\/2020\/10\/P1410141-1_450.jpg\" alt=\"Stelida, Naxos\" border=\"0\"><br \/>\n<small>Die Stel\u00edda besteht wie die ganze Gegend um die Ch\u00f3ra aus Granodiorit, der in gro\u00dfen runden Steinen &#8220;herumliegt.&#8221;<\/small><\/p>\n<p><img decoding=\"async\" src=\"https:\/\/azalas.de\/wp-content\/uploads\/photos\/naxos\/flora\/crassulaceae\/sedum_eriocarpum-1.jpg\" alt=\"Sedum eriocarpum\" border=\"0\"><br \/>\n<small>\u00dcberall bl\u00fchen h\u00fcbsche kleine Blumen. Hier ein Mauerpfeffer <em>(Sedum eriocarpum)<\/em>.<\/small><\/p>\n<p><img decoding=\"async\" src=\"https:\/\/azalas.de\/wp-content\/uploads\/photos\/naxos\/fauna\/spiders\/salticus_scenicus-1.jpg\" alt=\"Zebra-Springspinne, Salticus scenicus\" border=\"0\"><br \/>\n<small>Eine h\u00fcbsche kleine Zebra-Springspinne <em>(Salticus scenicus)<\/em> auf einer leuchtend orangegelben Flechte (vermutlich <em>Xanthoria parietina<\/em>).<\/small><\/p>\n<p><img decoding=\"async\" src=\"https:\/\/azalas.de\/wp-content\/uploads\/2020\/10\/P1410144-1_450.jpg\" alt=\"Stelida, Naxos\" border=\"0\"><\/p>\n<p><img decoding=\"async\" src=\"https:\/\/azalas.de\/wp-content\/uploads\/photos\/naxos\/flora\/fabaceae\/trifolium_infamia_ponertii-3.jpg\" alt=\"Trifolium infamia-poertii\" border=\"0\"><br \/>\n<small><em>Trifolium infamia-poertii<\/em>, eine der vielen Kleearten, die auf Naxos vorkommen<\/small><\/p>\n<p><img decoding=\"async\" src=\"https:\/\/azalas.de\/wp-content\/uploads\/photos\/naxos\/flora\/fabaceae\/trifolium_uniflorum-3.jpg\" alt=\"Einbl\u00fctiger Klee, Trifolium uniflorum\" border=\"0\"><br \/>\n<small>Und hier noch ein Klee: der h\u00fcbsche Einbl\u00fctige Klee.<\/small><\/p>\n<p><img decoding=\"async\" src=\"https:\/\/azalas.de\/wp-content\/uploads\/2020\/10\/P1410163-1_450.jpg\" alt=\"Stelida, Naxos\" border=\"0\"><br \/>\n<small>Blick zur K\u00fcste hinunter<\/small><\/p>\n<p><img decoding=\"async\" src=\"https:\/\/azalas.de\/wp-content\/uploads\/2020\/10\/P1410170-1_450.jpg\" alt=\"Stelida, Naxos\" border=\"0\"><\/p>\n<p><img decoding=\"async\" src=\"https:\/\/azalas.de\/wp-content\/uploads\/2020\/10\/P1410176-1_450.jpg\" alt=\"Stelida, Naxos\" border=\"0\"><\/p>\n<p><img decoding=\"async\" src=\"https:\/\/azalas.de\/wp-content\/uploads\/2020\/10\/P1410182-1_450.jpg\" alt=\"Stelida, Naxos\" border=\"0\"><br \/>\n<small>Blick zur\u00fcck Richtung \u00c1gios Prok\u00f3pios und \u00c1gia \u00c1nna.<\/small><\/p>\n<p><img decoding=\"async\" src=\"https:\/\/azalas.de\/wp-content\/uploads\/2020\/10\/P1410189-1_450.jpg\" alt=\"Stelida, Naxos\" border=\"0\"><\/p>\n<p><img decoding=\"async\" src=\"https:\/\/azalas.de\/wp-content\/uploads\/2020\/10\/P1410195-1_450.jpg\" alt=\"Stelida, Naxos\" border=\"0\"><br \/>\n<small>Die Meeresk\u00fcste besteht aus beeindruckenden Formationen des grauen Granodiorits.<\/small><\/p>\n<p><img decoding=\"async\" src=\"https:\/\/azalas.de\/wp-content\/uploads\/2020\/10\/P1410197-1_450.jpg\" alt=\"Stelida, Naxos\" border=\"0\"><\/p>\n<p><img decoding=\"async\" src=\"https:\/\/azalas.de\/wp-content\/uploads\/photos\/naxos\/flora\/caryophyllaceae\/silene_sedoides-3.jpg\" alt=\"Mauerpfeffer-Leimkraut, Silene sedoides\" border=\"0\"><br \/>\n<small>Das Mauerpfeffer-Leimkraut w\u00e4chst im Kies in winzigen Exemplaren.<\/small><\/p>\n<p><img decoding=\"async\" src=\"https:\/\/azalas.de\/wp-content\/uploads\/photos\/naxos\/flora\/frankeniaceae\/frankenia_hirsuta_flower-1.jpg\" alt=\"Behaarte Frankenie, Frankenia hirsuta\" border=\"0\"><br \/>\n<small>eine Behaarte Frankenie<\/small><\/p>\n<p><img decoding=\"async\" src=\"http:\/\/azalas.de\/wp-content\/uploads\/photos\/naxos\/flora\/plumbaginaceae\/limonium_sinuatum-2.jpg\" alt=\"Gefl\u00fcgelter Strandflieder, Limonium sinuatum\" border=\"0\"><br \/>\n<small>Der Gefl\u00fcgelte Strandflieder kommt vor allem in Meeresn\u00e4he vor. Er ist an der Westk\u00fcste von Naxos recht h\u00e4ufig.<\/small><\/p>\n<p><img decoding=\"async\" src=\"https:\/\/azalas.de\/wp-content\/uploads\/photos\/naxos\/flora\/apiaceae\/daucus_glaber-1.jpg\" alt=\"Daucus glaber\" border=\"0\"><br \/>\n<small>Und schlie\u00dflich noch eine Besonderheit: die seltene M\u00f6hren-Art <em>Daucus glaber<\/em>, die f\u00fcr Naxos bislang noch nicht nachgewiesen war.<\/small><\/p>\n<p>weiter: <a href=\"http:\/\/azalas.de\/strandtag-in-kastraki\/\">Strandtag in Kastraki<\/a><\/p>\n<p>zur\u00fcck: <a href=\"https:\/\/azalas.de\/wanderungen-und-spaziergaenge\/\">Wanderungen und Spazierg\u00e4nge<\/a><\/p>\n<p>siehe auch:<\/p>\n<ul>\n<li><a href=\"http:\/\/azalas.de\/flora-von-naxos\/\">Flora von Naxos<\/a><\/li>\n<li><a href=\"http:\/\/azalas.de\/naxos-geologie\/\">Die Geologie der Insel Naxos<\/a><\/li>\n<li><a href=\"http:\/\/azalas.de\/naxos-alt-und-mittelsteinzeit\/\">Alt- und Mittelsteinzeit<\/a><\/li>\n<\/ul>\n<p><a href=\"https:\/\/azalas.de\/inhaltsverzeichnis\/\">Zum Inhaltsverzeichnis<\/a><\/p>\n","protected":false},"excerpt":{"rendered":"<p>Der H\u00fcgel der Stel\u00edda bei \u00c1gios Prok\u00f3pios, nah bei der Stadt und den gro\u00dfen Sandstr\u00e4nden gelegen, wird in der letzten Zeit nach und nach immer mehr bebaut und genutzt. Die Stel\u00edda war schon seit Urzeiten ein wichtiges Ziel f\u00fcr die Menschen: An Spitze des H\u00fcgels steht Hornstein an, der schon von Neandertalern f\u00fcr die Werkzeugherstellung [&hellip;]<\/p>\n","protected":false},"author":4,"featured_media":51369,"comment_status":"closed","ping_status":"closed","sticky":false,"template":"","format":"standard","meta":{"footnotes":""},"categories":[347,11,9,12],"tags":[762,986,588,987,865,862],"class_list":["post-12817","post","type-post","status-publish","format-standard","has-post-thumbnail","hentry","category-geologie","category-natur","category-naxos","category-pflanzen","tag-agios-prokopios","tag-daucus-glaber","tag-frankenia-hirsuta","tag-granodiorit","tag-naxos","tag-stelida"],"_links":{"self":[{"href":"https:\/\/azalas.de\/el\/wp-json\/wp\/v2\/posts\/12817","targetHints":{"allow":["GET"]}}],"collection":[{"href":"https:\/\/azalas.de\/el\/wp-json\/wp\/v2\/posts"}],"about":[{"href":"https:\/\/azalas.de\/el\/wp-json\/wp\/v2\/types\/post"}],"author":[{"embeddable":true,"href":"https:\/\/azalas.de\/el\/wp-json\/wp\/v2\/users\/4"}],"replies":[{"embeddable":true,"href":"https:\/\/azalas.de\/el\/wp-json\/wp\/v2\/comments?post=12817"}],"version-history":[{"count":11,"href":"https:\/\/azalas.de\/el\/wp-json\/wp\/v2\/posts\/12817\/revisions"}],"predecessor-version":[{"id":71771,"href":"https:\/\/azalas.de\/el\/wp-json\/wp\/v2\/posts\/12817\/revisions\/71771"}],"wp:featuredmedia":[{"embeddable":true,"href":"https:\/\/azalas.de\/el\/wp-json\/wp\/v2\/media\/51369"}],"wp:attachment":[{"href":"https:\/\/azalas.de\/el\/wp-json\/wp\/v2\/media?parent=12817"}],"wp:term":[{"taxonomy":"category","embeddable":true,"href":"https:\/\/azalas.de\/el\/wp-json\/wp\/v2\/categories?post=12817"},{"taxonomy":"post_tag","embeddable":true,"href":"https:\/\/azalas.de\/el\/wp-json\/wp\/v2\/tags?post=12817"}],"curies":[{"name":"wp","href":"https:\/\/api.w.org\/{rel}","templated":true}]}}