{"id":11134,"date":"2019-11-08T18:43:41","date_gmt":"2019-11-08T16:43:41","guid":{"rendered":"http:\/\/klqewmpxo.cyon.link\/?page_id=11134"},"modified":"2024-08-24T09:32:25","modified_gmt":"2024-08-24T06:32:25","slug":"seenebel","status":"publish","type":"post","link":"https:\/\/azalas.de\/el\/seenebel\/","title":{"rendered":"Seenebel"},"content":{"rendered":"<p><big>S<\/big>eenebel kommt bei uns, anders als im S\u00fcden von Naxos, nur sehr selten vor. Die gr\u00f6\u00dfte Wahrscheinlichkeit besteht im Herbst, wenn das Meer warm ist, aber die Luft schon k\u00fchler. Au\u00dferdem muss es windstill sein oder ein leichter S\u00fcdwind herrschen.<\/p>\n<p><big>H<\/big>ier ein paar Fotos von einem der seltenen Tage mit Seenebel:<\/p>\n<p><img decoding=\"async\" src=\"https:\/\/azalas.de\/wp-content\/uploads\/2019\/11\/P1030715_450.jpg\" alt=\"Seenebel in Azalas, Naxos\" border=\"0\"><br \/>\n<small>Hier rollt der Seenebel von S\u00fcden heran. Vom Kap ist nichts mehr zu sehen.<\/small><\/p>\n<p><img decoding=\"async\" src=\"https:\/\/azalas.de\/wp-content\/uploads\/2019\/11\/P1030717_450.jpg\" alt=\"Seenebel in Azalas, Naxos\" border=\"0\"><br \/>\n<small>Die Nebelwolken ziehen sich ein bisschen die Berge hinauf, aber dar\u00fcber ist blauer Himmel.<\/small><\/p>\n<p><img decoding=\"async\" src=\"https:\/\/azalas.de\/wp-content\/uploads\/2019\/11\/P1030720_450.jpg\" alt=\"Seenebel in Azalas, Naxos\" border=\"0\"><\/p>\n<p><img decoding=\"async\" src=\"https:\/\/azalas.de\/wp-content\/uploads\/2019\/11\/P1030724_450.jpg\" alt=\"Seenebel in Azalas, Naxos\" border=\"0\"><br \/>\n<small>Hier sieht man wie der Seenebel vom Meer heranzieht.<\/small><\/p>\n<p>siehe auch: <a href=\"http:\/\/azalas.de\/naxos-klima\/\">Das Klima von Naxos<\/a> <\/p>\n<p>zur\u00fcck: <a href=\"http:\/\/azalas.de\/naxos-wetter-uebersicht\/\">Wetter und Klima<\/a> \t<\/p>\n<p><a href=\"https:\/\/azalas.de\/inhaltsverzeichnis\/\">Zum Inhaltsverzeichnis<\/a><\/p>\n","protected":false},"excerpt":{"rendered":"<p>Seenebel kommt bei uns, anders als im S\u00fcden von Naxos, nur sehr selten vor. Die gr\u00f6\u00dfte Wahrscheinlichkeit besteht im Herbst, wenn das Meer warm ist, aber die Luft schon k\u00fchler. Au\u00dferdem muss es windstill sein oder ein leichter S\u00fcdwind herrschen. Hier ein paar Fotos von einem der seltenen Tage mit Seenebel: Hier rollt der Seenebel [&hellip;]<\/p>\n","protected":false},"author":4,"featured_media":50552,"comment_status":"closed","ping_status":"closed","sticky":false,"template":"","format":"standard","meta":{"footnotes":""},"categories":[10,18,11,9],"tags":[],"class_list":["post-11134","post","type-post","status-publish","format-standard","has-post-thumbnail","hentry","category-azalas","category-klima-und-wetter","category-natur","category-naxos"],"_links":{"self":[{"href":"https:\/\/azalas.de\/el\/wp-json\/wp\/v2\/posts\/11134","targetHints":{"allow":["GET"]}}],"collection":[{"href":"https:\/\/azalas.de\/el\/wp-json\/wp\/v2\/posts"}],"about":[{"href":"https:\/\/azalas.de\/el\/wp-json\/wp\/v2\/types\/post"}],"author":[{"embeddable":true,"href":"https:\/\/azalas.de\/el\/wp-json\/wp\/v2\/users\/4"}],"replies":[{"embeddable":true,"href":"https:\/\/azalas.de\/el\/wp-json\/wp\/v2\/comments?post=11134"}],"version-history":[{"count":8,"href":"https:\/\/azalas.de\/el\/wp-json\/wp\/v2\/posts\/11134\/revisions"}],"predecessor-version":[{"id":69267,"href":"https:\/\/azalas.de\/el\/wp-json\/wp\/v2\/posts\/11134\/revisions\/69267"}],"wp:featuredmedia":[{"embeddable":true,"href":"https:\/\/azalas.de\/el\/wp-json\/wp\/v2\/media\/50552"}],"wp:attachment":[{"href":"https:\/\/azalas.de\/el\/wp-json\/wp\/v2\/media?parent=11134"}],"wp:term":[{"taxonomy":"category","embeddable":true,"href":"https:\/\/azalas.de\/el\/wp-json\/wp\/v2\/categories?post=11134"},{"taxonomy":"post_tag","embeddable":true,"href":"https:\/\/azalas.de\/el\/wp-json\/wp\/v2\/tags?post=11134"}],"curies":[{"name":"wp","href":"https:\/\/api.w.org\/{rel}","templated":true}]}}