{"id":11046,"date":"2019-10-30T13:10:36","date_gmt":"2019-10-30T11:10:36","guid":{"rendered":"http:\/\/klqewmpxo.cyon.link\/?p=11046"},"modified":"2024-02-04T17:13:56","modified_gmt":"2024-02-04T15:13:56","slug":"neue-kaeferbeobachtungen","status":"publish","type":"post","link":"https:\/\/azalas.de\/el\/neue-kaeferbeobachtungen\/","title":{"rendered":"Neue K\u00e4ferbeobachtungen"},"content":{"rendered":"<p><big>J<\/big>etzt sind die K\u00e4fer dran: Hier kommen ein paar Fotos von den Arten aus diesem Sommer, die ich bislang noch nicht angetroffen oder fotografiert hatte.<\/p>\n<p><img decoding=\"async\" src=\"https:\/\/azalas.de\/wp-content\/uploads\/photos\/naxos\/fauna\/beetles\/acinopus_megacephalus-1.jpg\" alt=\"Acinopus megacephalus ?\" border=\"0\"><br \/>\n<small>Bei diesem K\u00e4fer k\u00f6nnte es sich um <em>Acinopus megacephalus<\/em> handeln, der durch seinen breiten Kopf auff\u00e4llt. Leider ist eine genaue Bestimmung nach einem Foto auch bei den K\u00e4fern nur selten m\u00f6glich.<\/small><\/p>\n<p><img decoding=\"async\" src=\"https:\/\/azalas.de\/wp-content\/uploads\/photos\/naxos\/fauna\/beetles\/ocypus_spec-1.jpg\" alt=\"Ocypus\" border=\"0\"><br \/>\n<small>Dieser Moderk\u00e4fer aus der Gattung <em>Ocypus<\/em> geh\u00f6rt zu den interessanten Kurzfl\u00fcglern, deren Fl\u00fcgeldecken nur den vordersten Teil des Hinterleibs bedecken.<\/small><\/p>\n<p><img decoding=\"async\" src=\"https:\/\/azalas.de\/wp-content\/uploads\/photos\/naxos\/fauna\/beetles\/malachius_bipustulatus-1.jpg\" alt=\"Malachius bipustulatus\" border=\"0\"><br \/>\n<small><em>Malachius bipustulatus<\/em> ist im Gegensatz zum verwandten Gro\u00dfen Blasenk\u00e4fer fast blauschwarz gef\u00e4rbt mit roten Spitzen an den Fl\u00fcgeldecken.<\/small><\/p>\n<p><img decoding=\"async\" src=\"https:\/\/azalas.de\/wp-content\/uploads\/photos\/naxos\/fauna\/beetles\/psilothrix_viridicoerulea-1.jpg\" alt=\"Psilothrix viridocoerulea\" border=\"0\"><br \/>\n<small>Die kleine, l\u00e4ngliche Art <em>Psilothrix viridocoerulea<\/em> hat eine metallisch gr\u00fcne Farbe.<\/small><\/p>\n<p><img decoding=\"async\" src=\"https:\/\/azalas.de\/wp-content\/uploads\/photos\/naxos\/fauna\/beetles\/anthaxia_spec-1.jpg\" alt=\"Anthaxia spec.\" border=\"0\"><br \/>\n<small>Die h\u00fcbschen Prachtk\u00e4fer (Gattung <em>Anthaxia<\/em>) erkennt man an ihrer charakteristischen kompakten K\u00f6rperform und der meist gr\u00fcnlichen oder bronzefarbenen metallischen F\u00e4rbung.<\/small><\/p>\n<p><img decoding=\"async\" src=\"https:\/\/azalas.de\/wp-content\/uploads\/photos\/naxos\/fauna\/beetles\/bostrichus_capucinus-1.jpg\" alt=\"Karminroter Kapuzinerk\u00e4fer, Bostrichus capucinus\" border=\"0\"><br \/>\n<small>Der Karminrote Kapuzinerk\u00e4fer besitzt rote Fl\u00fcgeldecken und einen schwarzen, hochgew\u00f6lbten Halsschild, unter dem der Kopf verborgen ist, und der raspelartige Z\u00e4hne tr\u00e4gt, die vermutlich bei der im Holz bohrenden Lebensweise von Nutzen sind.<\/small><\/p>\n<p><img decoding=\"async\" src=\"https:\/\/azalas.de\/wp-content\/uploads\/photos\/naxos\/fauna\/beetles\/anthrenus_pimpinellae-1.jpg\" alt=\"Anthrenus pimpinellae\" border=\"0\"><br \/>\n<small>Der kleine Speckk\u00e4fer <em>Anthrenus pimpinellae<\/em> wird nur 4 mm gro\u00df. Man findet ihn im Sommer auf Bl\u00fcten wie hier auf dem Griechischen Dost.<\/small><\/p>\n<p><img decoding=\"async\" src=\"https:\/\/azalas.de\/wp-content\/uploads\/photos\/naxos\/fauna\/beetles\/mordella_spec-1.jpg\" alt=\"Mordella\" border=\"0\"><br \/>\n<small>Die winzigen Stachelk\u00e4fer sind leicht an ihrem zugespitzten Hinterleib zu erkennen. Sie leben auf Bl\u00fcten und sind im Sommer f\u00fcr eine kurze Zeit bei uns recht h\u00e4ufig anzutreffen. Auff\u00e4llig und interessant sind die purzelnden Bewegungen, die sie bei St\u00f6rung durchf\u00fchren, und die durch ein h\u00f6chst ungew\u00f6hnliches Schraubengelenk in den Hinterbeinen erm\u00f6glicht werden.<\/small><\/p>\n<p><img decoding=\"async\" src=\"https:\/\/azalas.de\/wp-content\/uploads\/photos\/naxos\/fauna\/beetles\/oedemera_flavipes_female-1.jpg\" alt=\"Oedemera flavipes\" border=\"0\"><br \/>\n<small>Der Graugr\u00fcne Schenkelk\u00e4fer (<em>Oedemera flavipes<\/em>) sitzt meist auf Bl\u00fcten. Er wird etwa 1 cm lang und ist sehr schmal. Von der Seite betrachtet wirkt der Hinterleib etwas aufgeblasen.<\/small><\/p>\n<p><img decoding=\"async\" src=\"https:\/\/azalas.de\/wp-content\/uploads\/photos\/naxos\/fauna\/beetles\/oedemera_flavipes_male-1.jpg\" alt=\"Oedemera flavipes\" border=\"0\"><br \/>\n<small>Die M\u00e4nnchen zeigen die f\u00fcr ihre Familie und Gattung typischen verdickten Schenkel der Hinterbeine.<\/small><\/p>\n<p><img decoding=\"async\" src=\"https:\/\/azalas.de\/wp-content\/uploads\/photos\/naxos\/fauna\/beetles\/onthophagus_spec-1.jpg\" alt=\"Onthophagus spec.\" border=\"0\"><br \/>\n<small>Hier eine Mistk\u00e4fer-Art aus der Gattung <em>Onthophagus<\/em>. Ungew\u00f6hnlich und charakteristisch ist der halbkreisf\u00f6rmige, mit einer deutlichen Ecke abgesetzte vordere Teil des Kopfschildes.<\/small><\/p>\n<p><img decoding=\"async\" src=\"https:\/\/azalas.de\/wp-content\/uploads\/photos\/naxos\/fauna\/beetles\/cetonia_aurata-1.jpg\" alt=\"Goldgl\u00e4nzender Rosenk\u00e4fer, Cetonia aurata\" border=\"0\"><br \/>\n<small>Der Goldgl\u00e4nzende Rosenk\u00e4fer zeigt eine deutliche L\u00e4ngskante auf den Fl\u00fcgeldecken und eine starke Skulpturierung mit kleinen vertieften Punkten. Die Fl\u00fcgeldecken tragen im hinteren Bereich mehrere wei\u00dfe Striche.<\/small><\/p>\n<p><img decoding=\"async\" src=\"https:\/\/azalas.de\/wp-content\/uploads\/photos\/naxos\/fauna\/beetles\/chlorophorus_sartor-1.jpg\" alt=\"Wei\u00dfbindiger Widderbock, Chlorophorus sartor\" border=\"0\"><br \/>\n<small>Der Wei\u00dfbindige Widderbock ist an den drei d\u00fcnnen hellen Binden auf den Fl\u00fcgeldecken zu erkennen. W\u00e4hrend die Larven an Laubb\u00e4umen wie Eichen oder dem Johannisbrotbaum leben, halten sich die erwachsenen Tiere meist auf den Bl\u00fcten von Doldenbl\u00fctlern auf, wie hier auf unserem Griechischen Dost, der von vielen Insekten besucht wird.<\/small><\/p>\n<p><img decoding=\"async\" src=\"https:\/\/azalas.de\/wp-content\/uploads\/photos\/naxos\/fauna\/beetles\/chlorophorus_trifasciatus-1.jpg\" alt=\"Chlorophorus trifasciatus\" border=\"0\"><br \/>\n<small><em>Chlorophorus trifasciatus<\/em> zeichnet sich durch den rotbraunen Halsschild und den geschwungenen vorderen und geraden mittleren Querstreifen auf den Fl\u00fcgeldecken aus.<\/small><\/p>\n<p><img decoding=\"async\" src=\"https:\/\/azalas.de\/wp-content\/uploads\/photos\/naxos\/fauna\/beetles\/clytra_novempunctata-1.jpg\" alt=\"Clytra novempunctata\" border=\"0\"><br \/>\n<small>Mit der gl\u00e4nzend orangenen Farbe mit schwarzen Punkten hat <em>Clytra novempunctata<\/em> eine gewisse \u00c4hnlichkeit mit den \u00d6lk\u00e4fern. Sie tr\u00e4gt sechs schwarze Punkte auf den Fl\u00fcgeldecken sowie drei kleine schwarze Punkte auf dem Halsschild.<\/small><\/p>\n<p><a href=\"http:\/\/azalas.de\/kaefer\/\">mehr zu den K\u00e4fern von Naxos<\/a><\/p>\n<p><a href=\"https:\/\/azalas.de\/inhaltsverzeichnis\/\">Zum Inhaltsverzeichnis<\/a><\/p>\n","protected":false},"excerpt":{"rendered":"<p>Jetzt sind die K\u00e4fer dran: Hier kommen ein paar Fotos von den Arten aus diesem Sommer, die ich bislang noch nicht angetroffen oder fotografiert hatte. Bei diesem K\u00e4fer k\u00f6nnte es sich um Acinopus megacephalus handeln, der durch seinen breiten Kopf auff\u00e4llt. Leider ist eine genaue Bestimmung nach einem Foto auch bei den K\u00e4fern nur selten [&hellip;]<\/p>\n","protected":false},"author":4,"featured_media":60783,"comment_status":"closed","ping_status":"closed","sticky":false,"template":"","format":"standard","meta":{"footnotes":""},"categories":[10,1991,9,22],"tags":[1309,1314,1317,1326,1327,1162,1324,1320,869,927,1315,1311,34,1312,1323,865,1310,1321,1319,1322,1313,1316,1318,875,1325],"class_list":["post-11046","post","type-post","status-publish","format-standard","has-post-thumbnail","hentry","category-azalas","category-insekten","category-naxos","category-tiere","tag-acinopus-megacephalus","tag-anthaxia","tag-anthrenus-pimpinellae","tag-chlorophorus-trifasciatus","tag-clytra-novempunctata","tag-fauna-von-naxos","tag-goldglaenzender-rosenkaefer","tag-graugruener-schenkelkaefer","tag-griechenland","tag-kaefer","tag-karminroter-kapuzinerkaefer","tag-kurzfluegler","tag-kykladen","tag-malachius-bipustulatus","tag-mistkaefer","tag-naxos","tag-ocylus","tag-oedemera-trista","tag-oedemera-virescens","tag-onthophagus","tag-psolothrix-viridocoeruleus","tag-speckkaefer","tag-stachelkaefer","tag-tiere","tag-weissbindiger-widderbock"],"_links":{"self":[{"href":"https:\/\/azalas.de\/el\/wp-json\/wp\/v2\/posts\/11046","targetHints":{"allow":["GET"]}}],"collection":[{"href":"https:\/\/azalas.de\/el\/wp-json\/wp\/v2\/posts"}],"about":[{"href":"https:\/\/azalas.de\/el\/wp-json\/wp\/v2\/types\/post"}],"author":[{"embeddable":true,"href":"https:\/\/azalas.de\/el\/wp-json\/wp\/v2\/users\/4"}],"replies":[{"embeddable":true,"href":"https:\/\/azalas.de\/el\/wp-json\/wp\/v2\/comments?post=11046"}],"version-history":[{"count":4,"href":"https:\/\/azalas.de\/el\/wp-json\/wp\/v2\/posts\/11046\/revisions"}],"predecessor-version":[{"id":61202,"href":"https:\/\/azalas.de\/el\/wp-json\/wp\/v2\/posts\/11046\/revisions\/61202"}],"wp:featuredmedia":[{"embeddable":true,"href":"https:\/\/azalas.de\/el\/wp-json\/wp\/v2\/media\/60783"}],"wp:attachment":[{"href":"https:\/\/azalas.de\/el\/wp-json\/wp\/v2\/media?parent=11046"}],"wp:term":[{"taxonomy":"category","embeddable":true,"href":"https:\/\/azalas.de\/el\/wp-json\/wp\/v2\/categories?post=11046"},{"taxonomy":"post_tag","embeddable":true,"href":"https:\/\/azalas.de\/el\/wp-json\/wp\/v2\/tags?post=11046"}],"curies":[{"name":"wp","href":"https:\/\/api.w.org\/{rel}","templated":true}]}}