{"id":7889,"date":"2013-08-14T00:13:08","date_gmt":"2013-08-13T21:13:08","guid":{"rendered":"http:\/\/klqewmpxo.cyon.link\/?page_id=7889"},"modified":"2025-01-20T17:36:50","modified_gmt":"2025-01-20T15:36:50","slug":"flechten-mandelbaum","status":"publish","type":"post","link":"https:\/\/azalas.de\/de\/flechten-mandelbaum\/","title":{"rendered":"Die Flechtenflora eines Mandelbaumes"},"content":{"rendered":"<p><big>A<\/big>m Beginn des Wanderweges auf den Zeus, etwas unterhalb der kleinen Kirche Agia Marina, steht ein alter Mandelbaum, der mit vielen sch\u00f6nen Flechtenarten bewachsen ist. Hier will ich einige der Arten mit ein paar Fotos vorstellen.<\/p>\n<p><img decoding=\"async\" src=\"http:\/\/azalas.de\/wp-content\/uploads\/photos\/naxos\/flora\/lichens\/almond_tree_with_lichens-1.jpg\" border=\"0\" alt=\"alter Mandelbaum mit Flechten\"><br \/>\n<small>Dieser alte Mandelbaum ist nicht nur selbst ein sch\u00f6ner Baum, sondern auch Lebensraum f\u00fcr zahlreiche h\u00fcbsche Flechten.<\/small><\/p>\n<p><img decoding=\"async\" src=\"http:\/\/azalas.de\/wp-content\/uploads\/photos\/naxos\/flora\/lichens\/almond_tree_with_lichens-2.jpg\" border=\"0\" alt=\"alter Mandelbaum mit Flechten\"><br \/>\n<small>Seine Krone ist locker, so dass auf seinen \u00c4sten und gr\u00f6\u00dftenteils auch auf dem Stamm ein gutes Lichtangebot besteht; au\u00dferdem steht der Baum an einer Stelle, die im Winter oft in den Wolken liegt, so dass hier auch Arten mit einem gr\u00f6\u00dferen Feuchtigkeitsbedarf gedeihen k\u00f6nnen.<\/small><\/p>\n<p><img decoding=\"async\" src=\"http:\/\/azalas.de\/wp-content\/uploads\/photos\/naxos\/flora\/lichens\/almond_tree_with_lichens_stem-1.jpg\" border=\"0\" alt=\"alter Mandelbaum mit Flechten\"><br \/>\n<small>Die raue Borke des Mandelbaumes bietet den Flechten einen g\u00fcnstigen Untergrund.<\/small><\/p>\n<p><img decoding=\"async\" src=\"http:\/\/azalas.de\/wp-content\/uploads\/photos\/naxos\/flora\/lichens\/almond_tree_with_lichens_branch-1.jpg\" border=\"0\" alt=\"alter Mandelbaum mit Flechten\"><br \/>\n<small>Auf dem Stamm und den \u00c4sten des Baumes wachsen durcheinander sowohl Strauch- als auch Blatt- als auch Krustenflechten.<\/small><\/p>\n<p><img decoding=\"async\" src=\"http:\/\/azalas.de\/wp-content\/uploads\/photos\/naxos\/flora\/lichens\/almond_tree_with_lichens-3.jpg\" border=\"0\" alt=\"alter Mandelbaum mit Flechten\"><br \/>\n<small>Nur an Stellen mit hoher Luftfeuchtigkeit k\u00f6nnen die Strauchflechten der Gattung <em>Ramalina<\/em> sowie <em>Evernia prunastri<\/em> gedeihen.<\/small><\/p>\n<p><img decoding=\"async\" src=\"http:\/\/azalas.de\/wp-content\/uploads\/photos\/naxos\/flora\/lichens\/evernia_prunastri-4.jpg\" border=\"0\" alt=\"Evernia prunastri\"><br \/>\n<small><em>Evernia prunastri<\/em> tritt in den h\u00f6heren Lagen von Naxos gar nicht so selten auf.<\/small><\/p>\n<p><img decoding=\"async\" src=\"http:\/\/azalas.de\/wp-content\/uploads\/photos\/naxos\/flora\/lichens\/ramalina_fastigiata-4.jpg\" border=\"0\" alt=\"Ramalina fastigiata\"><br \/>\n<small><em>Ramalina fastigiata<\/em> ist eine der Charakterarten der Flechtengesellschaft, in die der Bestand auf diesem Baum einzuordnen ist: des <em>Ramalinetum fastigiatae<\/em>.<\/small><\/p>\n<p><img decoding=\"async\" src=\"http:\/\/azalas.de\/wp-content\/uploads\/photos\/naxos\/flora\/lichens\/ramalina_fraxinea-3.jpg\" border=\"0\" alt=\"Ramalina fraxinea\"><br \/>\n<small>Hier w\u00e4chst auch die auf Naxos ziemlich seltene <em>Ramalina fraxinea.<\/em><\/small><\/p>\n<p><img decoding=\"async\" src=\"http:\/\/azalas.de\/wp-content\/uploads\/photos\/naxos\/flora\/lichens\/parmelina_tiliacea-3.jpg\" border=\"0\" alt=\"Parmelina tiliacea\"><br \/>\n<small>Eine der zahlreichen Blattflechten, die auf diesem Baum wachsen, ist die h\u00e4ufige <em>Parmelina tiliacea.<\/em><\/small><\/p>\n<p><img decoding=\"async\" src=\"http:\/\/azalas.de\/wp-content\/uploads\/photos\/naxos\/flora\/lichens\/parmelina_quercina-2.jpg\" border=\"0\" alt=\"Parmelina quercina\"><br \/>\n<small>Au\u00dferdem kommt die anspruchsvollere <em>Parmelina quercina<\/em> mit ihren sch\u00f6nen gro\u00dfen Apothecien vor.<\/small><\/p>\n<p><img decoding=\"async\" src=\"https:\/\/azalas.de\/wp-content\/uploads\/photos\/naxos\/flora\/lichens\/melanelixia_glabra-1.jpg\" border=\"0\" alt=\"Melanelixia glabra\"><br \/>\n<small><em>Melanelixia glabra (= Parmelia g.)<\/em> ist die einzige braune epiphytische <em>Parmelia<\/em>(s.l.)-Art bei uns.<\/small><\/p>\n<p><img decoding=\"async\" src=\"http:\/\/azalas.de\/wp-content\/uploads\/photos\/naxos\/flora\/lichens\/physconia_venusta-3.jpg\" border=\"0\" alt=\"Physconia venusta\"><br \/>\n<small>Am schattigen Stamm w\u00e4chst <em>Physconia venusta<\/em>, eine Art des f\u00fcr schattige Standorte und St\u00e4mme typischen <em>Pertusarions<\/em>, einer Flechtengesellschaft, in der die <em>Pertusaria<\/em>-Arten besonders h\u00e4ufig sind.<\/small><\/p>\n<p><img decoding=\"async\" src=\"http:\/\/azalas.de\/wp-content\/uploads\/photos\/naxos\/flora\/lichens\/physconia_distorta-2.jpg\" border=\"0\" alt=\"Physconia distorta\"><br \/>\n<small>Hier handelt es sich wohl um <em>Physconia distorta.<\/em><\/small><\/p>\n<p><img decoding=\"async\" src=\"http:\/\/azalas.de\/wp-content\/uploads\/photos\/naxos\/flora\/lichens\/physcia_aipolia_detail-1.jpg\" border=\"0\" alt=\"Physcia aipolia\"><br \/>\n<small><em>Physcia aipolia<\/em> ist eine weitere Blattflechten-Art, die in artenreichen Flechtenbest\u00e4nden luftfeuchter Lagen vorkommt.<\/small><\/p>\n<p><img decoding=\"async\" src=\"http:\/\/azalas.de\/wp-content\/uploads\/photos\/naxos\/flora\/lichens\/foliose_lichens_on_branch-3.jpg\" border=\"0\" alt=\"Physcia adscendens und Xanthoria parietina auf einem besonnten Ast\"><br \/>\n<small><em>Physcia adscendens<\/em>, hier zusammen mit <em>Xanthoria parietina<\/em>, einer sehr h\u00e4ufigen Art, die vor allem an sonnigen Standorten sowohl auf \u00c4sten als auch auf St\u00e4mmen gedeiht und Charakterart des <em>Xanthorions parietinae<\/em>, der Flechtengesellschaften sonniger Standorte an Baumst\u00e4mmen und auf \u00c4sten.<\/small><\/p>\n<p><img decoding=\"async\" src=\"http:\/\/azalas.de\/wp-content\/uploads\/photos\/naxos\/flora\/lichens\/crustose_lichens_on_stem-1.jpg\" border=\"0\" alt=\"Tephromela atra und Lecanora chlarotera auf Stamm\"><br \/>\n<small>Auf den dicken \u00c4sten und dem Stamm wachsen viele Krustenflechten, hier <em>Tephromela atra<\/em> (wei\u00df mt schwarzen Apothecien) und <em>Lecanora chlarotera<\/em> (br\u00e4unliche Apothecien).<\/small><\/p>\n<p><img decoding=\"async\" src=\"http:\/\/azalas.de\/wp-content\/uploads\/photos\/naxos\/flora\/lichens\/lecidella_elaeochroma-1.jpg\" border=\"0\" alt=\"Lecidella elaeochroma\"><br \/>\n<small>Die Krustenflechten-Arten sind oft schwer zu bestimmen; bei der Art in der Mitte mit den schwarzen Apothecien handelt es sich vermutlich um <em>Lecidella elaeochroma.<\/em><\/small><\/p>\n<p><big>I<\/big>nsgesamt habe ich auf dem Baum bei einem nur ungef\u00e4hren Z\u00e4hlen \u00fcber zwanzig Flechtenarten registriert; wenn man genau suchen und auch die kleinen Krustenflechten ber\u00fccksichtigen w\u00fcrde, k\u00f6nnte man diese Zahl sicher noch deutlich erh\u00f6hen.<\/p>\n<p>siehe auch:<\/p>\n<ul>\n<li><a href=\"http:\/\/azalas.de\/flechten\/\">Flechten<\/a><\/li>\n<li><a href=\"http:\/\/azalas.de\/blattflechten\/\">Blattflechten<\/a><\/li>\n<li><a href=\"http:\/\/azalas.de\/strauchflechten\/\">Strauchflechten<\/a><\/li>\n<li><a href=\"http:\/\/azalas.de\/flechten-koronos-berg\/\">Flechten auf dem Koronos-Berg<\/a><\/li>\n<li><a href=\"http:\/\/azalas.de\/flechten-zeus-berg\/\">Flechten auf dem Zeus-Berg<\/a><\/li>\n<\/ul>\n<p><a href=\"https:\/\/azalas.de\/flora-von-naxos\/\">Zur Flora von Naxos<\/a><\/p>\n<p><a href=\"https:\/\/azalas.de\/inhaltsverzeichnis\/\">Zum Inhaltsverzeichnis<\/a><\/p>\n","protected":false},"excerpt":{"rendered":"<p>Am Beginn des Wanderweges auf den Zeus, etwas unterhalb der kleinen Kirche Agia Marina, steht ein alter Mandelbaum, der mit vielen sch\u00f6nen Flechtenarten bewachsen ist. Hier will ich einige der Arten mit ein paar Fotos vorstellen. Dieser alte Mandelbaum ist nicht nur selbst ein sch\u00f6ner Baum, sondern auch Lebensraum f\u00fcr zahlreiche h\u00fcbsche Flechten. Seine Krone [&hellip;]<\/p>\n","protected":false},"author":4,"featured_media":67068,"comment_status":"open","ping_status":"open","sticky":false,"template":"","format":"standard","meta":{"footnotes":""},"categories":[26,11,9,12],"tags":[64,32,709,732,729,869,34,865,867,33,66],"class_list":["post-7889","post","type-post","status-publish","format-standard","has-post-thumbnail","hentry","category-flora-von-naxos","category-natur","category-naxos","category-pflanzen","tag-botanik","tag-ferien","tag-flechten","tag-flora-of-naxos","tag-flora-von-naxos","tag-griechenland","tag-kykladen","tag-naxos","tag-pflanzen","tag-urlaub","tag-zeus-berg"],"_links":{"self":[{"href":"https:\/\/azalas.de\/de\/wp-json\/wp\/v2\/posts\/7889","targetHints":{"allow":["GET"]}}],"collection":[{"href":"https:\/\/azalas.de\/de\/wp-json\/wp\/v2\/posts"}],"about":[{"href":"https:\/\/azalas.de\/de\/wp-json\/wp\/v2\/types\/post"}],"author":[{"embeddable":true,"href":"https:\/\/azalas.de\/de\/wp-json\/wp\/v2\/users\/4"}],"replies":[{"embeddable":true,"href":"https:\/\/azalas.de\/de\/wp-json\/wp\/v2\/comments?post=7889"}],"version-history":[{"count":6,"href":"https:\/\/azalas.de\/de\/wp-json\/wp\/v2\/posts\/7889\/revisions"}],"predecessor-version":[{"id":75128,"href":"https:\/\/azalas.de\/de\/wp-json\/wp\/v2\/posts\/7889\/revisions\/75128"}],"wp:featuredmedia":[{"embeddable":true,"href":"https:\/\/azalas.de\/de\/wp-json\/wp\/v2\/media\/67068"}],"wp:attachment":[{"href":"https:\/\/azalas.de\/de\/wp-json\/wp\/v2\/media?parent=7889"}],"wp:term":[{"taxonomy":"category","embeddable":true,"href":"https:\/\/azalas.de\/de\/wp-json\/wp\/v2\/categories?post=7889"},{"taxonomy":"post_tag","embeddable":true,"href":"https:\/\/azalas.de\/de\/wp-json\/wp\/v2\/tags?post=7889"}],"curies":[{"name":"wp","href":"https:\/\/api.w.org\/{rel}","templated":true}]}}