{"id":7867,"date":"2013-08-13T01:12:13","date_gmt":"2013-08-12T22:12:13","guid":{"rendered":"http:\/\/klqewmpxo.cyon.link\/?page_id=7867"},"modified":"2025-01-20T17:29:36","modified_gmt":"2025-01-20T15:29:36","slug":"flechten-zeus-berg","status":"publish","type":"post","link":"https:\/\/azalas.de\/de\/flechten-zeus-berg\/","title":{"rendered":"Flechten auf dem Zeus-Berg"},"content":{"rendered":"<p><big>D<\/big>er Gipfel des Zeus-Berges, des h\u00f6chsten Berges von Naxos (und der Kykladen), war urspr\u00fcnglich sicher dicht bewaldet. Heute ist er mit sp\u00e4rlich verstreutem, niedrigem, von den Ziegen verbissenem Gestr\u00e4uch bewachsen, das sich vor allem aus den Arten Kreta-Ahorn, Kermes-Eiche und Kreuzdorn zusammensetzt, k\u00fcmmerliche Nachfahren der stolzen B\u00e4ume, die einst den Gipfel bedeckten. Es gibt jedoch einige geringe Reste der fr\u00fcheren W\u00e4lder, die um so bemerkenswerter und interessanter sind: Den lichten Steineichenwald im Steilhang an der Westseite des Zeus-Berges und einige wenige Ahornb\u00e4ume auf dem flacheren Osthang kurz unterhalb des Gipfels.<\/p>\n<p><img decoding=\"async\" src=\"https:\/\/azalas.de\/wp-content\/uploads\/2009\/07\/DSCN5538-1_450.jpg\" alt=\"der Gipfel des Zeus-Berges\"><br \/>\n<small>Der Gipfel des Zeus-Berges ist heute weitgehend kahl; von den W\u00e4ldern, die ihn sicher urspr\u00fcnglich bedeckten, ist gr\u00f6\u00dftenteils nur sp\u00e4rliches, niedriges Gestr\u00e4uch \u00fcbrig.<\/small><\/p>\n<p><img decoding=\"async\" src=\"https:\/\/azalas.de\/wp-content\/uploads\/photos\/naxos\/landscape\/zas_summit-2.jpg\" alt=\"lockerer Steineichenwald im Westhang des Zeus-Berges\"><br \/>\n<small>Im Steilhang auf der Westseite des Berges hat sich ein interessanter Waldrest aus Steineichen erhalten; dieser ist aber leider (oder gl\u00fccklicherweise) schwer zu erreichen.<\/small><\/p>\n<p><img decoding=\"async\" src=\"http:\/\/azalas.de\/wp-content\/uploads\/2013\/08\/P1300854-1_450.jpg\" border=\"0\" alt=\"\"><br \/>\n<small>Auf dem sanften Osthang, den der Wanderweg herauff\u00fchrt, stehen kurz unterhalb des Gipfels des Zeus-Berges in zwei Gel\u00e4ndemulden einige Ahorn-B\u00e4ume.<\/small><\/p>\n<p><img decoding=\"async\" src=\"http:\/\/azalas.de\/wp-content\/uploads\/2013\/08\/P1300687-1_450.jpg\" border=\"0\" alt=\"\"><br \/>\n<small>Hier sieht man die zwei h\u00f6chstgelegenen B\u00e4ume der Insel.<\/small><\/p>\n<p><img decoding=\"async\" src=\"http:\/\/azalas.de\/wp-content\/uploads\/2013\/08\/P1300688-1_450.jpg\" border=\"0\" alt=\"\"><br \/>\n<small>Etwas weiter unten steht ein gutes Dutzend weiterer B\u00e4ume.<\/small><\/p>\n<p><img decoding=\"async\" src=\"http:\/\/azalas.de\/wp-content\/uploads\/2013\/08\/P1300804-1_450.jpg\" border=\"0\" alt=\"\"><br \/>\n<small>Sie bilden ein sch\u00f6nes lockeres W\u00e4ldchen; zwischen den Ahorn-B\u00e4umen w\u00e4chst von den Ziegen verbissenes, niedriges Geb\u00fcsch derselben Art (Kretischer Ahorn, <em>Acer sempervirens).<\/em><\/small><\/p>\n<p><big>I<\/big>m Sommer ist es auf dem Zeus-Gipfel ebenso trocken wie auch anderswo auf der Insel. Im Winter ist der Gipfel jedoch h\u00e4ufig in Wolken geh\u00fcllt. Diese hohe Luftfeuchtigkeit w\u00e4hrend eines gro\u00dfen Teiles des Jahres erm\u00f6glicht das Gedeihen einer interessanten Moos- und Flechtenflora aus Feuchtigkeits-liebenden Arten, die ihren Wasserbedarf aus der Luftfeuchtigkeit decken bzw. die Nebeltr\u00f6pfchen aus der Luft &#8222;ausk\u00e4mmen&#8220; k\u00f6nnen. So w\u00e4chst hier auf den h\u00f6chstgelegenen B\u00e4umen der Insel eine ungew\u00f6hnliche Flechtengesellschaft mit einigen auf den Kykladen sehr seltenen Arten, die eigentlich f\u00fcr weit regenreichere Regionen Nord- und Westeuropas typisch sind.<\/p>\n<p><img decoding=\"async\" src=\"http:\/\/azalas.de\/wp-content\/uploads\/2013\/08\/P1300682-1_450.jpg\" border=\"0\" alt=\"\"><br \/>\n<small>Auf den h\u00f6chstgelegenen B\u00e4umen der Insel w\u00e4chst eine interessante Gesellschaft aus Moos- und Flechtenarten, die eine hohe Luftfeuchtigkeit ben\u00f6tigen.<\/small><\/p>\n<p><img decoding=\"async\" src=\"http:\/\/azalas.de\/wp-content\/uploads\/2013\/08\/P1300789-1_450.jpg\" border=\"0\" alt=\"\"><br \/>\n<small>Die St\u00e4mme und dicken \u00c4ste sind gr\u00f6\u00dftenteils fl\u00e4chendeckend mit Moosen bewachsen.<\/small><\/p>\n<p><img decoding=\"async\" src=\"http:\/\/azalas.de\/wp-content\/uploads\/2013\/08\/P1300685-1_1500.jpg\" border=\"0\" alt=\"\"><br \/>\n<small>Auf den unteren St\u00e4mmen wachsen au\u00dfer den Moosen vor allem Krustenflechten der Gattungen <em>Pertusaria<\/em> und <em>Phlyctis<\/em>.<\/small><\/p>\n<p><img decoding=\"async\" src=\"http:\/\/azalas.de\/wp-content\/uploads\/photos\/naxos\/flora\/lichens\/pertusaria_albescens-2.jpg\" border=\"0\" alt=\"Pertusaria albescens\"><br \/>\n<small>Die Pertusarien sind f\u00fcr feuchte, schattige Stammf\u00fc\u00dfe typisch. Auf diesen B\u00e4umen wachsen vier Pertusaria-Arten, von denen zwei auf Naxos fast nur hier vorkommen.<\/small><\/p>\n<p><img decoding=\"async\" src=\"http:\/\/azalas.de\/wp-content\/uploads\/photos\/naxos\/flora\/lichens\/pertusaria_pertusa-1.jpg\" border=\"0\" alt=\"Pertusaria pertusa\"><br \/>\n<small>Eine h\u00e4ufige Art ist <em>Pertusaria pertusa \u2026<\/em><\/small><\/p>\n<p><img decoding=\"async\" src=\"http:\/\/azalas.de\/wp-content\/uploads\/photos\/naxos\/flora\/lichens\/pertusaria_albescens-1.jpg\" border=\"0\" alt=\"Pertusaria albescens\"><br \/>\n<small>&#8230;ebenso wie <em>Pertusaria albescens.<\/em><\/small><\/p>\n<p><img decoding=\"async\" src=\"http:\/\/azalas.de\/wp-content\/uploads\/photos\/naxos\/flora\/lichens\/phlyctis_argena-1.jpg\" border=\"0\" alt=\"Phlyctis argena\"><br \/>\n<small>Der Thallus dieser Flechte, <em>Phlyctis argena<\/em>, ist g\u00e4nzlich zu wei\u00dfen, sehr feinen Soredien aufgel\u00f6st.<\/small><\/p>\n<p><img decoding=\"async\" src=\"http:\/\/azalas.de\/wp-content\/uploads\/photos\/naxos\/flora\/lichens\/nephroma_laevigatum-1.jpg\" border=\"0\" alt=\"Nephroma laevigatum\"><br \/>\n<small>Zwischen den Pertusarien und Moosen wachsen zwei auf Naxos extrem seltene, feuchtigkeitsliebende Blattflechten: <em>Nephroma laevigatum<\/em> mit ihren braunen, aufsteigenden Lappen\u2026<\/small><\/p>\n<p><img decoding=\"async\" src=\"http:\/\/azalas.de\/wp-content\/uploads\/photos\/naxos\/flora\/lichens\/degelia_pumbea_detail-1.jpg\" border=\"0\" alt=\"Degelia plumbea\"><br \/>\n<small>\u2026 und (in wenigen Exemplaren) die sehr seltene <em>Degelia plumbea<\/em>.<\/small><\/p>\n<p><img decoding=\"async\" src=\"http:\/\/azalas.de\/wp-content\/uploads\/photos\/naxos\/flora\/lichens\/collema_flaccidum-1.jpg\" border=\"0\" alt=\"Collema flaccidum\"><br \/>\n<small>Au\u00dferdem kommt hier die auf Naxos ebenfalls recht seltene Gallertflechte <em>Collema flaccidum<\/em> vor.<\/small><\/p>\n<p><img decoding=\"async\" src=\"http:\/\/azalas.de\/wp-content\/uploads\/photos\/naxos\/flora\/lichens\/anaptychia_ciliaris_habitat-1.jpg\" border=\"0\" alt=\"typische Flechtengesellschaft auf \u00c4sten auf Acer sempervirens in hohen, luftfeuchten Lagen, Stamm, Anaptychia ciliaris und Parmelina pastillifera\"><br \/>\n<small>Weiter oben auf den St\u00e4mmen und auf den \u00c4sten wachsen mehrere feuchtigkeitsliebende Strauch- und Blattflechten-Arten, von denen die meisten auf Naxos nur in den h\u00f6chsten Gipfellagen auftreten. Besonders h\u00e4ufig sind hier die Strauchflechte <em>Anaptychia ciliaris<\/em> und die Blattflechte <em>Parmelina pastillifera<\/em>.<\/small><\/p>\n<p><img decoding=\"async\" src=\"http:\/\/azalas.de\/wp-content\/uploads\/photos\/naxos\/flora\/lichens\/foliose_lichens_on_branch-2.jpg\" border=\"0\" alt=\"typische Flechtengesellschaft auf \u00c4sten auf Acer sempervirens in hohen, luftfeuchten Lagen, Ast, Anaptychia ciliaris, Evernia prunastri, Parmelina pastillifera, Pleurosticta acetabulum\"><br \/>\n<small>Hier mehrere typische Arten dieser Flechtengesellschaft auf einem Ast: <em>Anaptychia ciliaris, Evernia prunastri, Parmelina pastillifera<\/em> und <em>Pleurosticta acetabulum.<\/em><\/small><\/p>\n<p><img decoding=\"async\" src=\"http:\/\/azalas.de\/wp-content\/uploads\/photos\/naxos\/flora\/lichens\/anaptychia_ciliaris-2.jpg\" border=\"0\" alt=\"Anaptychia ciliaris\"><br \/>\n<small><em>Anaptychia ciliaris<\/em><\/small><\/p>\n<p><img decoding=\"async\" src=\"http:\/\/azalas.de\/wp-content\/uploads\/photos\/naxos\/flora\/lichens\/evernia_prunastri-3.jpg\" border=\"0\" alt=\"Evernia prunastri\"><br \/>\n<small><em>Evernia prunastri<\/em><\/small><\/p>\n<p><img decoding=\"async\" src=\"http:\/\/azalas.de\/wp-content\/uploads\/photos\/naxos\/flora\/lichens\/pseudevernia_furfuracea-3.jpg\" border=\"0\" alt=\"Pseudevernia furfuracea\"><br \/>\n<small><em>Pseudevernia furfuracea<\/em><\/small><\/p>\n<p><img decoding=\"async\" src=\"http:\/\/azalas.de\/wp-content\/uploads\/photos\/naxos\/flora\/lichens\/pleurosticta_acetabulum-1.jpg\" border=\"0\" alt=\"Pleurosticta acetabulum\"><br \/>\n<small><em>Pleurosticta acetabulum<\/em><\/small><\/p>\n<p><img decoding=\"async\" src=\"http:\/\/azalas.de\/wp-content\/uploads\/photos\/naxos\/flora\/lichens\/parmelina_pastillifera_detail-1.jpg\" border=\"0\" alt=\"Parmelina pastillifera\"><br \/>\n<small><em>Parmelina pastillifera<\/em><\/small><\/p>\n<p><img decoding=\"async\" src=\"http:\/\/azalas.de\/wp-content\/uploads\/photos\/naxos\/flora\/lichens\/parmotrema_chinense_detail-1.jpg\" border=\"0\" alt=\"Parmotrema chinense\"><br \/>\n<small><em>Parmotrema chinense<\/em> bevorzugt die d\u00fcnnen \u00c4ste und das niedrige Gestr\u00fcpp.<\/small><\/p>\n<p><big>A<\/big>lso: ein ganz besonderer Gipfel- oder besser Spitzen-Ahorn! Wollen wir hoffen, dass sich dieses kleine Wald-Relikt mit vielen (nicht nur) auf Naxos sehr seltenen Flechtenarten noch viele, viele Jahre erhalten kann!<\/p>\n<p>weiter: <a href=\"http:\/\/azalas.de\/flechten-mandelbaum\/\">Flechtenflora eines Mandelbaumes<\/a><\/p>\n<p>siehe auch:<\/p>\n<ul>\n<li><a href=\"http:\/\/azalas.de\/flechten\/\">Flechten<\/a><\/li>\n<li><a href=\"http:\/\/azalas.de\/ahorn\/\">Kreta-Ahorn, Acer sempervirens<\/a><\/li>\n<li><a href=\"http:\/\/azalas.de\/wanderung-zeus-1\/\">Auf dem Zeus-Gipfel: Blick in die Ferne<\/a><\/li>\n<li><a href=\"http:\/\/azalas.de\/flechten-koronos-berg\/\">Flechten auf dem Koronos-Berg<\/a><\/li>\n<li><a href=\"http:\/\/azalas.de\/blattflechten\/\">Blattflechten<\/a><\/li>\n<li><a href=\"http:\/\/azalas.de\/strauchflechten\/\">Strauchflechten<\/a><\/li>\n<\/ul>\n<p><a href=\"https:\/\/azalas.de\/flora-von-naxos\/\">Zur Flora von Naxos<\/a><\/p>\n<p><a href=\"https:\/\/azalas.de\/inhaltsverzeichnis\/\">Zum Inhaltsverzeichnis<\/a><\/p>\n","protected":false},"excerpt":{"rendered":"<p>Der Gipfel des Zeus-Berges, des h\u00f6chsten Berges von Naxos (und der Kykladen), war urspr\u00fcnglich sicher dicht bewaldet. Heute ist er mit sp\u00e4rlich verstreutem, niedrigem, von den Ziegen verbissenem Gestr\u00e4uch bewachsen, das sich vor allem aus den Arten Kreta-Ahorn, Kermes-Eiche und Kreuzdorn zusammensetzt, k\u00fcmmerliche Nachfahren der stolzen B\u00e4ume, die einst den Gipfel bedeckten. Es gibt jedoch [&hellip;]<\/p>\n","protected":false},"author":4,"featured_media":66988,"comment_status":"open","ping_status":"open","sticky":false,"template":"","format":"standard","meta":{"footnotes":""},"categories":[2003,26,11,9,12,7],"tags":[64,749,32,709,869,34,865,867,33,47,66],"class_list":["post-7867","post","type-post","status-publish","format-standard","has-post-thumbnail","hentry","category-besondere-baeume","category-flora-von-naxos","category-natur","category-naxos","category-pflanzen","category-wandern","tag-botanik","tag-degelia-plumbea","tag-ferien","tag-flechten","tag-griechenland","tag-kykladen","tag-naxos","tag-pflanzen","tag-urlaub","tag-wandern-auf-naxos","tag-zeus-berg"],"_links":{"self":[{"href":"https:\/\/azalas.de\/de\/wp-json\/wp\/v2\/posts\/7867","targetHints":{"allow":["GET"]}}],"collection":[{"href":"https:\/\/azalas.de\/de\/wp-json\/wp\/v2\/posts"}],"about":[{"href":"https:\/\/azalas.de\/de\/wp-json\/wp\/v2\/types\/post"}],"author":[{"embeddable":true,"href":"https:\/\/azalas.de\/de\/wp-json\/wp\/v2\/users\/4"}],"replies":[{"embeddable":true,"href":"https:\/\/azalas.de\/de\/wp-json\/wp\/v2\/comments?post=7867"}],"version-history":[{"count":10,"href":"https:\/\/azalas.de\/de\/wp-json\/wp\/v2\/posts\/7867\/revisions"}],"predecessor-version":[{"id":75126,"href":"https:\/\/azalas.de\/de\/wp-json\/wp\/v2\/posts\/7867\/revisions\/75126"}],"wp:featuredmedia":[{"embeddable":true,"href":"https:\/\/azalas.de\/de\/wp-json\/wp\/v2\/media\/66988"}],"wp:attachment":[{"href":"https:\/\/azalas.de\/de\/wp-json\/wp\/v2\/media?parent=7867"}],"wp:term":[{"taxonomy":"category","embeddable":true,"href":"https:\/\/azalas.de\/de\/wp-json\/wp\/v2\/categories?post=7867"},{"taxonomy":"post_tag","embeddable":true,"href":"https:\/\/azalas.de\/de\/wp-json\/wp\/v2\/tags?post=7867"}],"curies":[{"name":"wp","href":"https:\/\/api.w.org\/{rel}","templated":true}]}}