{"id":74273,"date":"2025-01-13T11:06:01","date_gmt":"2025-01-13T09:06:01","guid":{"rendered":"https:\/\/azalas.de\/de\/?p=74273"},"modified":"2025-01-13T13:17:20","modified_gmt":"2025-01-13T11:17:20","slug":"2-august","status":"publish","type":"post","link":"https:\/\/azalas.de\/de\/2-august\/","title":{"rendered":"2. August"},"content":{"rendered":"<h1>2. August<\/h1>\n<p><img decoding=\"async\" src=\"https:\/\/azalas.de\/wp-content\/uploads\/photos\/naxos\/fauna\/orthoptera\/acrida_ungarica-2.jpg\" alt=\"\"><\/p>\n<div>Die Gew\u00f6hnliche Nasenschrecke m\u00fcsste eigentlich ungew\u00f6hnliche Nasenschrecke hei\u00dfen, so merkw\u00fcrdig sieht sie aus. Sie besitzt einen besonders schlanken K\u00f6rper mit sehr langen Hinterbeinen und einem langgezogenen Kopf, bei dem die gro\u00dfen, vorstehenden Augen ganz am vorderen, zugespitzten Ende sitzen. Die F\u00fchler sind abgeflacht und leicht nach vorn gebogen. Die F\u00e4rbung ist variabel; die Tiere k\u00f6nnen gr\u00fcnlich oder grau sein. Nasenschrecken leben im Mittelmeergebiet an trockenen Standorten; sie sind typische Steppenbewohner. In Europa kommt nur diese Art vor. Ich habe sie auf Naxos erst recht selten angetroffen. Aufgrund ihrer Gr\u00f6\u00dfe ist die Nasenschrecke recht beeindruckend; sie ist jedoch auch gut getarnt und in der Vegetation leicht zu \u00fcbersehen.<\/div>\n<ul>\n<li>\n<p>        <img decoding=\"async\" src=\"https:\/\/azalas.de\/wp-content\/uploads\/photos\/naxos\/fauna\/orthoptera\/acrida_ungarica-1.jpg\" alt=\"\"><\/p>\n<\/li>\n<li>\n<p>        <img decoding=\"async\" src=\"https:\/\/azalas.de\/wp-content\/uploads\/photos\/naxos\/fauna\/orthoptera\/acrida_ungarica-3.jpg\" alt=\"\"><\/p>\n<\/li>\n<\/ul>\n<div>\n<p><a href=\"\/heuschrecken\/\">Zu den Heuschrecken<\/a><\/p>\n<\/div>\n<p><!--more--><br \/>\n<!-- {\"type\":\"layout\",\"children\":[{\"type\":\"section\",\"props\":{\"image_position\":\"center-center\",\"style\":\"default\",\"title_breakpoint\":\"xl\",\"title_position\":\"top-left\",\"title_rotation\":\"left\",\"vertical_align\":\"middle\",\"width\":\"default\"},\"children\":[{\"type\":\"row\",\"children\":[{\"type\":\"column\",\"props\":{\"image_position\":\"center-center\",\"position_sticky_breakpoint\":\"m\"},\"children\":[{\"type\":\"headline\",\"props\":{\"content\":\"2. August\",\"text_align\":\"center\",\"title_element\":\"h1\"}}]}]}]},{\"type\":\"section\",\"props\":{\"image_position\":\"center-center\",\"style\":\"default\",\"title_breakpoint\":\"xl\",\"title_position\":\"top-left\",\"title_rotation\":\"left\",\"vertical_align\":\"middle\",\"width\":\"default\"},\"children\":[{\"type\":\"row\",\"children\":[{\"type\":\"column\",\"props\":{\"image_position\":\"center-center\",\"position_sticky_breakpoint\":\"m\"},\"children\":[{\"type\":\"image\",\"props\":{\"image\":\"https:\\\/\\\/azalas.de\\\/wp-content\\\/uploads\\\/photos\\\/naxos\\\/fauna\\\/orthoptera\\\/acrida_ungarica-2.jpg\",\"image_loading\":true,\"image_svg_color\":\"emphasis\",\"margin\":\"default\"}}]}]},{\"type\":\"row\",\"children\":[{\"type\":\"column\",\"props\":{\"image_position\":\"center-center\",\"position_sticky_breakpoint\":\"m\"},\"children\":[{\"type\":\"text\",\"props\":{\"column_breakpoint\":\"m\",\"content\":\"Die Gew\\u00f6hnliche Nasenschrecke m\\u00fcsste eigentlich ungew\\u00f6hnliche Nasenschrecke hei\\u00dfen, so merkw\\u00fcrdig sieht sie aus. Sie besitzt einen besonders schlanken K\\u00f6rper mit sehr langen Hinterbeinen und einem langgezogenen Kopf, bei dem die gro\\u00dfen, vorstehenden Augen ganz am vorderen, zugespitzten Ende sitzen. Die F\\u00fchler sind abgeflacht und leicht nach vorn gebogen. Die F\\u00e4rbung ist variabel; die Tiere k\\u00f6nnen gr\\u00fcnlich oder grau sein. Nasenschrecken leben im Mittelmeergebiet an trockenen Standorten; sie sind typische Steppenbewohner. In Europa kommt nur diese Art vor. Ich habe sie auf Naxos erst recht selten angetroffen. Aufgrund ihrer Gr\\u00f6\\u00dfe ist die Nasenschrecke recht beeindruckend; sie ist jedoch auch gut getarnt und in der Vegetation leicht zu \\u00fcbersehen.\",\"margin\":\"default\"}}]}]}]},{\"type\":\"section\",\"props\":{\"image_position\":\"center-center\",\"padding_remove_top\":true,\"style\":\"default\",\"title_breakpoint\":\"xl\",\"title_position\":\"top-left\",\"title_rotation\":\"left\",\"vertical_align\":\"middle\",\"width\":\"default\"},\"children\":[{\"type\":\"row\",\"children\":[{\"type\":\"column\",\"props\":{\"image_position\":\"center-center\",\"position_sticky_breakpoint\":\"m\"},\"children\":[{\"type\":\"gallery\",\"props\":{\"filter_align\":\"left\",\"filter_all\":true,\"filter_grid_breakpoint\":\"m\",\"filter_grid_width\":\"auto\",\"filter_position\":\"top\",\"filter_style\":\"tab\",\"grid_default\":\"1\",\"grid_medium\":\"2\",\"grid_small\":\"2\",\"item_animation\":true,\"link_style\":\"default\",\"link_text\":\"Read more\",\"margin\":\"default\",\"meta_align\":\"below-title\",\"meta_element\":\"div\",\"meta_style\":\"text-meta\",\"overlay_hover\":false,\"overlay_mode\":\"caption\",\"overlay_position\":\"center\",\"overlay_style\":\"overlay-primary\",\"overlay_transition\":\"fade\",\"show_content\":true,\"show_hover_image\":false,\"show_hover_video\":false,\"show_link\":false,\"show_meta\":false,\"show_title\":false,\"text_align\":\"center\",\"text_color\":\"light\",\"title_element\":\"h3\",\"title_hover_style\":\"reset\"},\"children\":[{\"type\":\"gallery_item\",\"props\":{\"image\":\"https:\\\/\\\/azalas.de\\\/wp-content\\\/uploads\\\/photos\\\/naxos\\\/fauna\\\/orthoptera\\\/acrida_ungarica-1.jpg\"}},{\"type\":\"gallery_item\",\"props\":{\"image\":\"https:\\\/\\\/azalas.de\\\/wp-content\\\/uploads\\\/photos\\\/naxos\\\/fauna\\\/orthoptera\\\/acrida_ungarica-3.jpg\"}}]}]}]}]},{\"type\":\"section\",\"props\":{\"image_position\":\"center-center\",\"style\":\"default\",\"title_breakpoint\":\"xl\",\"title_position\":\"top-left\",\"title_rotation\":\"left\",\"vertical_align\":\"middle\",\"width\":\"default\"},\"children\":[{\"type\":\"row\",\"children\":[{\"type\":\"column\",\"props\":{\"image_position\":\"center-center\",\"position_sticky_breakpoint\":\"m\"},\"children\":[{\"type\":\"list\",\"props\":{\"column_breakpoint\":\"m\",\"image_align\":\"left\",\"image_svg_color\":\"emphasis\",\"image_vertical_align\":true,\"list_element\":\"ul\",\"list_horizontal_separator\":\", \",\"list_type\":\"vertical\",\"show_image\":true,\"show_link\":true},\"children\":[{\"type\":\"list_item\",\"props\":{\"content\":\"Zu den Heuschrecken\",\"link\":\"heuschrecken\\\/\"}}]}]}]}]}],\"version\":\"4.4.16\",\"yooessentialsVersion\":\"2.2.29\"} --><\/p>\n","protected":false},"excerpt":{"rendered":"<p>2. August Die Gew\u00f6hnliche Nasenschrecke m\u00fcsste eigentlich ungew\u00f6hnliche Nasenschrecke hei\u00dfen, so merkw\u00fcrdig sieht sie aus. Sie besitzt einen besonders schlanken K\u00f6rper mit sehr langen Hinterbeinen und einem langgezogenen Kopf, bei dem die gro\u00dfen, vorstehenden Augen ganz am vorderen, zugespitzten Ende sitzen. Die F\u00fchler sind abgeflacht und leicht nach vorn gebogen. Die F\u00e4rbung ist variabel; die [&hellip;]<\/p>\n","protected":false},"author":4,"featured_media":0,"comment_status":"closed","ping_status":"closed","sticky":false,"template":"","format":"standard","meta":{"footnotes":""},"categories":[2121],"tags":[],"class_list":["post-74273","post","type-post","status-publish","format-standard","hentry","category-bild-des-tages"],"_links":{"self":[{"href":"https:\/\/azalas.de\/de\/wp-json\/wp\/v2\/posts\/74273","targetHints":{"allow":["GET"]}}],"collection":[{"href":"https:\/\/azalas.de\/de\/wp-json\/wp\/v2\/posts"}],"about":[{"href":"https:\/\/azalas.de\/de\/wp-json\/wp\/v2\/types\/post"}],"author":[{"embeddable":true,"href":"https:\/\/azalas.de\/de\/wp-json\/wp\/v2\/users\/4"}],"replies":[{"embeddable":true,"href":"https:\/\/azalas.de\/de\/wp-json\/wp\/v2\/comments?post=74273"}],"version-history":[{"count":7,"href":"https:\/\/azalas.de\/de\/wp-json\/wp\/v2\/posts\/74273\/revisions"}],"predecessor-version":[{"id":74320,"href":"https:\/\/azalas.de\/de\/wp-json\/wp\/v2\/posts\/74273\/revisions\/74320"}],"wp:attachment":[{"href":"https:\/\/azalas.de\/de\/wp-json\/wp\/v2\/media?parent=74273"}],"wp:term":[{"taxonomy":"category","embeddable":true,"href":"https:\/\/azalas.de\/de\/wp-json\/wp\/v2\/categories?post=74273"},{"taxonomy":"post_tag","embeddable":true,"href":"https:\/\/azalas.de\/de\/wp-json\/wp\/v2\/tags?post=74273"}],"curies":[{"name":"wp","href":"https:\/\/api.w.org\/{rel}","templated":true}]}}