{"id":74222,"date":"2025-01-12T21:39:32","date_gmt":"2025-01-12T19:39:32","guid":{"rendered":"https:\/\/azalas.de\/de\/?p=74222"},"modified":"2025-01-12T21:39:32","modified_gmt":"2025-01-12T19:39:32","slug":"24-juli","status":"publish","type":"post","link":"https:\/\/azalas.de\/de\/24-juli\/","title":{"rendered":"24. Juli"},"content":{"rendered":"<h1>24. Juli<\/h1>\n<p><img decoding=\"async\" src=\"https:\/\/azalas.de\/wp-content\/uploads\/photos\/naxos\/flora\/asparagaceae\/ornithogalum_montanum-4.jpg\" alt=\"\"><\/p>\n<div>Der Berg-Milchstern ist auf Naxos sehr h\u00e4ufig; er kommt vor allem in den niedrigeren Lagen und an trockeneren Standorten vor und bl\u00fcht im Fr\u00fchjahr. Wie bei vielen Arten sind die \u00e4u\u00dferen Bl\u00fctenstiele im Bl\u00fctenstand l\u00e4nger sind als die inneren, so dass alle Bl\u00fcten ungef\u00e4hr auf einer H\u00f6he stehen. Der Berg-Milchstern besitzt breite, flache, kahle Bl\u00e4tter. Von au\u00dfen tragen die Bl\u00fctenh\u00fcllbl\u00e4tter wie bei den meisten Arten einen breiten gr\u00fcnen Streifen. Die Staubbl\u00e4tter besitzen wie bei den meiten Milchsternen eine ungew\u00f6hnliche Form: Sie sind in ihrem unteren Teil sehr breit. Der Berg-Milchstern ist eine von sieben Milchstern-Arten, die auf Naxos vorkommen.<\/div>\n<ul>\n<li>\n<p>        <img decoding=\"async\" src=\"https:\/\/azalas.de\/wp-content\/uploads\/photos\/naxos\/flora\/asparagaceae\/ornithogalum_montanum-2.jpg\" alt=\"\"><\/p>\n<\/li>\n<li>\n<p>        <img decoding=\"async\" src=\"https:\/\/azalas.de\/wp-content\/uploads\/photos\/naxos\/flora\/asparagaceae\/ornithogalum_montanum-5.jpg\" alt=\"\"><\/p>\n<\/li>\n<\/ul>\n<div>\n<p><a href=\"\/milchsterne\/\">Zu den Milchsternen<\/a><\/p>\n<\/div>\n<p><!--more--><br \/>\n<!-- {\"type\":\"layout\",\"children\":[{\"type\":\"section\",\"props\":{\"image_position\":\"center-center\",\"style\":\"default\",\"title_breakpoint\":\"xl\",\"title_position\":\"top-left\",\"title_rotation\":\"left\",\"vertical_align\":\"middle\",\"width\":\"default\"},\"children\":[{\"type\":\"row\",\"children\":[{\"type\":\"column\",\"props\":{\"image_position\":\"center-center\",\"position_sticky_breakpoint\":\"m\"},\"children\":[{\"type\":\"headline\",\"props\":{\"content\":\"24. Juli\",\"text_align\":\"center\",\"title_element\":\"h1\"}}]}]}]},{\"type\":\"section\",\"props\":{\"image_position\":\"center-center\",\"style\":\"default\",\"title_breakpoint\":\"xl\",\"title_position\":\"top-left\",\"title_rotation\":\"left\",\"vertical_align\":\"middle\",\"width\":\"default\"},\"children\":[{\"type\":\"row\",\"children\":[{\"type\":\"column\",\"props\":{\"image_position\":\"center-center\",\"position_sticky_breakpoint\":\"m\"},\"children\":[{\"type\":\"image\",\"props\":{\"image\":\"https:\\\/\\\/azalas.de\\\/wp-content\\\/uploads\\\/photos\\\/naxos\\\/flora\\\/asparagaceae\\\/ornithogalum_montanum-4.jpg\",\"image_loading\":true,\"image_svg_color\":\"emphasis\",\"margin\":\"default\"}}]}]},{\"type\":\"row\",\"children\":[{\"type\":\"column\",\"props\":{\"image_position\":\"center-center\",\"position_sticky_breakpoint\":\"m\"},\"children\":[{\"type\":\"text\",\"props\":{\"column_breakpoint\":\"m\",\"content\":\"Der Berg-Milchstern ist auf Naxos sehr h\\u00e4ufig; er kommt vor allem in den niedrigeren Lagen und an trockeneren Standorten vor und bl\\u00fcht im Fr\\u00fchjahr. Wie bei vielen Arten sind die \\u00e4u\\u00dferen Bl\\u00fctenstiele im Bl\\u00fctenstand l\\u00e4nger sind als die inneren, so dass alle Bl\\u00fcten ungef\\u00e4hr auf einer H\\u00f6he stehen. Der Berg-Milchstern besitzt breite, flache, kahle Bl\\u00e4tter. Von au\\u00dfen tragen die Bl\\u00fctenh\\u00fcllbl\\u00e4tter wie bei den meisten Arten einen breiten gr\\u00fcnen Streifen. Die Staubbl\\u00e4tter besitzen wie bei den meiten Milchsternen eine ungew\\u00f6hnliche Form: Sie sind in ihrem unteren Teil sehr breit. Der Berg-Milchstern ist eine von sieben Milchstern-Arten, die auf Naxos vorkommen.\",\"margin\":\"default\"}}]}]}]},{\"type\":\"section\",\"props\":{\"image_position\":\"center-center\",\"padding_remove_top\":true,\"style\":\"default\",\"title_breakpoint\":\"xl\",\"title_position\":\"top-left\",\"title_rotation\":\"left\",\"vertical_align\":\"middle\",\"width\":\"default\"},\"children\":[{\"type\":\"row\",\"children\":[{\"type\":\"column\",\"props\":{\"image_position\":\"center-center\",\"position_sticky_breakpoint\":\"m\"},\"children\":[{\"type\":\"gallery\",\"props\":{\"filter_align\":\"left\",\"filter_all\":true,\"filter_grid_breakpoint\":\"m\",\"filter_grid_width\":\"auto\",\"filter_position\":\"top\",\"filter_style\":\"tab\",\"grid_default\":\"1\",\"grid_medium\":\"2\",\"grid_small\":\"2\",\"item_animation\":true,\"link_style\":\"default\",\"link_text\":\"Read more\",\"margin\":\"default\",\"meta_align\":\"below-title\",\"meta_element\":\"div\",\"meta_style\":\"text-meta\",\"overlay_hover\":false,\"overlay_mode\":\"caption\",\"overlay_position\":\"center\",\"overlay_style\":\"overlay-primary\",\"overlay_transition\":\"fade\",\"show_content\":true,\"show_hover_image\":false,\"show_hover_video\":false,\"show_link\":false,\"show_meta\":false,\"show_title\":false,\"text_align\":\"center\",\"text_color\":\"light\",\"title_element\":\"h3\",\"title_hover_style\":\"reset\"},\"children\":[{\"type\":\"gallery_item\",\"props\":{\"image\":\"https:\\\/\\\/azalas.de\\\/wp-content\\\/uploads\\\/photos\\\/naxos\\\/flora\\\/asparagaceae\\\/ornithogalum_montanum-2.jpg\"}},{\"type\":\"gallery_item\",\"props\":{\"image\":\"https:\\\/\\\/azalas.de\\\/wp-content\\\/uploads\\\/photos\\\/naxos\\\/flora\\\/asparagaceae\\\/ornithogalum_montanum-5.jpg\"}}]}]}]}]},{\"type\":\"section\",\"props\":{\"image_position\":\"center-center\",\"style\":\"default\",\"title_breakpoint\":\"xl\",\"title_position\":\"top-left\",\"title_rotation\":\"left\",\"vertical_align\":\"middle\",\"width\":\"default\"},\"children\":[{\"type\":\"row\",\"children\":[{\"type\":\"column\",\"props\":{\"image_position\":\"center-center\",\"position_sticky_breakpoint\":\"m\"},\"children\":[{\"type\":\"list\",\"props\":{\"column_breakpoint\":\"m\",\"image_align\":\"left\",\"image_svg_color\":\"emphasis\",\"image_vertical_align\":true,\"list_element\":\"ul\",\"list_horizontal_separator\":\", \",\"list_type\":\"vertical\",\"show_image\":true,\"show_link\":true},\"children\":[{\"type\":\"list_item\",\"props\":{\"content\":\"Zu den Milchsternen\",\"link\":\"milchsterne\\\/\"}}]}]}]}]}],\"version\":\"4.4.16\",\"yooessentialsVersion\":\"2.2.29\"} --><\/p>\n","protected":false},"excerpt":{"rendered":"<p>24. Juli Der Berg-Milchstern ist auf Naxos sehr h\u00e4ufig; er kommt vor allem in den niedrigeren Lagen und an trockeneren Standorten vor und bl\u00fcht im Fr\u00fchjahr. Wie bei vielen Arten sind die \u00e4u\u00dferen Bl\u00fctenstiele im Bl\u00fctenstand l\u00e4nger sind als die inneren, so dass alle Bl\u00fcten ungef\u00e4hr auf einer H\u00f6he stehen. Der Berg-Milchstern besitzt breite, flache, [&hellip;]<\/p>\n","protected":false},"author":4,"featured_media":0,"comment_status":"closed","ping_status":"closed","sticky":false,"template":"","format":"standard","meta":{"footnotes":""},"categories":[2121],"tags":[],"class_list":["post-74222","post","type-post","status-publish","format-standard","hentry","category-bild-des-tages"],"_links":{"self":[{"href":"https:\/\/azalas.de\/de\/wp-json\/wp\/v2\/posts\/74222","targetHints":{"allow":["GET"]}}],"collection":[{"href":"https:\/\/azalas.de\/de\/wp-json\/wp\/v2\/posts"}],"about":[{"href":"https:\/\/azalas.de\/de\/wp-json\/wp\/v2\/types\/post"}],"author":[{"embeddable":true,"href":"https:\/\/azalas.de\/de\/wp-json\/wp\/v2\/users\/4"}],"replies":[{"embeddable":true,"href":"https:\/\/azalas.de\/de\/wp-json\/wp\/v2\/comments?post=74222"}],"version-history":[{"count":5,"href":"https:\/\/azalas.de\/de\/wp-json\/wp\/v2\/posts\/74222\/revisions"}],"predecessor-version":[{"id":74227,"href":"https:\/\/azalas.de\/de\/wp-json\/wp\/v2\/posts\/74222\/revisions\/74227"}],"wp:attachment":[{"href":"https:\/\/azalas.de\/de\/wp-json\/wp\/v2\/media?parent=74222"}],"wp:term":[{"taxonomy":"category","embeddable":true,"href":"https:\/\/azalas.de\/de\/wp-json\/wp\/v2\/categories?post=74222"},{"taxonomy":"post_tag","embeddable":true,"href":"https:\/\/azalas.de\/de\/wp-json\/wp\/v2\/tags?post=74222"}],"curies":[{"name":"wp","href":"https:\/\/api.w.org\/{rel}","templated":true}]}}