{"id":72,"date":"2008-09-16T23:43:59","date_gmt":"2008-09-16T20:43:59","guid":{"rendered":"http:\/\/klqewmpxo.cyon.link\/?page_id=72"},"modified":"2024-08-22T00:30:22","modified_gmt":"2024-08-21T21:30:22","slug":"mediterrane-landschaft","status":"publish","type":"post","link":"https:\/\/azalas.de\/de\/mediterrane-landschaft\/","title":{"rendered":"Die mediterrane Landschaft"},"content":{"rendered":"<p><big>D<\/big>ie mediterrane Landschaft, insbesondere die Landschaft der \u00c4g\u00e4is, \u00fcbt auf den Menschen eine eigenartige Faszination aus. Sie ist nicht lieblich, weich oder anheimelnd wie so oft im n\u00f6rdlichen Europa. Im Gegenteil, auf den ersten Blick erscheint sie oft schroff und \u00f6de, w\u00e4hrend der Sommerd\u00fcrre manchmal gar abweisend und lebensfeindlich. Alle Eindr\u00fccke sind intensiv und stark. Das klare Licht und die scharfen Konturen bewirken auch im Betrachter ein ganz anderes Empfinden als die nebelverhangenen sanften Ebenen des Nordens. So spielten schon bei den alten Griechen Romantik und Melancholie kaum eine Rolle. Entsprechend der Lichtf\u00fclle und der Durchsichtigkeit der Atmosph\u00e4re war auch in der geistigen Welt der Griechen alles klar und intensiv. Die St\u00e4rke der Griechen lag im klaren Denken, in der Logik und der Konstruktion \u00fcberschaubarer Gedankenwelten \u2013 so \u00fcberschaubar wie der begrenzte Horizont ihrer Gebirgst\u00e4ler, ihrer Inseln und ihrer kleinen Ebenen.<\/p>\n<p><img decoding=\"async\" src=\"http:\/\/azalas.de\/wp-content\/uploads\/photos\/naxos\/landscape\/view_from_mavro_vouni-1.jpg\"  alt=\"Blick vom K\u00f3ronos-Berg nach S\u00fcden\" border=\"0\"><br \/>\n<small>Blick vom K\u00f3ronos-Berg nach S\u00fcden<\/small><\/p>\n<p><img decoding=\"async\" src=\"http:\/\/azalas.de\/wp-content\/uploads\/2009\/07\/DSCN5533-1_450.jpg\"  alt=\"Blick vom Zeus auf die \"kleinen Kykladen\"\" border=\"0\"><br \/>\n<small>Blick vom Zeus auf die &#8222;kleinen Kykladen&#8220;<\/small><\/p>\n<p><big>W<\/big>er sich der mediterranen Landschaft ann\u00e4hert, sie erwandert und erkundet, der findet in der scheinbaren \u00d6de der sch\u00fctter bewachsenen Bergh\u00e4nge eine \u00fcberraschende Sch\u00f6nheit. \u00dcberall gibt es etwas zu entdecken: in den Felsritzen versteckte Blumen, merkw\u00fcrdige Felsformationen, die von den eigenartigen Mustern der Flechten \u00fcberzogen sind, farnumsprossene Quellen oder beeindruckende, verkr\u00fcppelte Baumriesen. Alle Sinne werden geweckt: Da ist das unerm\u00fcdliche Schrillen der Zikaden in der Mittagshitze, das vielf\u00e4ltige Konzert der Heuschrecken, die Duftwolken, die der Thymian verstr\u00f6mt, der zarte Wohlgeruch der Flechten oder des Mastixstrauches, der warme Wind, der ins Gesicht bl\u00e4st.<\/p>\n<p><img decoding=\"async\" src=\"https:\/\/azalas.de\/wp-content\/uploads\/photos\/naxos\/flora\/amaryllidaceae\/sternbergia_lutea-5.jpg\" border=\"0\" alt=\"Sternbergia lutea\"><\/p>\n<p><img decoding=\"async\" src=\"https:\/\/azalas.de\/wp-content\/uploads\/photos\/naxos\/flora\/asparagaceae\/scilla_autumnalis-2.jpg\" border=\"0\" alt=\"Herbst-Blaustern, Scilla autumnalis\"><\/p>\n<p><img decoding=\"async\" src=\"http:\/\/azalas.de\/wp-content\/uploads\/2009\/07\/DSCN5486-1_450.jpg\"  alt=\"\" border=\"0\"><\/p>\n<p><img decoding=\"async\" src=\"http:\/\/azalas.de\/wp-content\/uploads\/2009\/07\/DSCN5521-1_450.jpg\"  alt=\"\" border=\"0\"><\/p>\n<p><img decoding=\"async\" src=\"http:\/\/azalas.de\/wp-content\/uploads\/2009\/07\/DSCN5593-1_450.jpg\"  alt=\"Calcit-Ader\" border=\"0\"><\/p>\n<p><img decoding=\"async\" src=\"https:\/\/azalas.de\/wp-content\/uploads\/2010\/04\/DSCN5575-1_450.jpg\"  alt=\"\" border=\"0\"><\/p>\n<p><big>D<\/big>iese Landschaft stellt klare Symbole, die tief in der Seele des Menschen verwurzelt sind: Die silbergrauen \u00d6lb\u00e4ume in der mitt\u00e4glichen Sonnenglut, Symbol der Unsterblichkeit und des Friedens, der gepflegte Weinberg mit seinem saftigen Gr\u00fcn in steilen, m\u00fchsam dem \u00f6den Berghain abgerungenen Terrassen.<\/p>\n<p><img decoding=\"async\" src=\"https:\/\/azalas.de\/wp-content\/uploads\/photos\/naxos\/agriculture\/olive_grove-1.jpg\"  alt=\"Olivenhain\" border=\"0\"><br \/>\n<small>terrassierter Olivenhain<\/small><\/p>\n<p><img decoding=\"async\" src=\"https:\/\/azalas.de\/wp-content\/uploads\/photos\/azalas\/area\/olive_tree_and_cape.jpg\"  alt=\"Olivenbaum und Kap\" border=\"0\"><br \/>\n<small>\u00d6lbaum und Kap<\/small><\/p>\n<p><img decoding=\"async\" src=\"https:\/\/azalas.de\/wp-content\/uploads\/photos\/naxos\/agriculture\/olive_wine_fig.jpg\"  alt=\"Olivenhain\" border=\"0\"><br \/>\n<small>\u00d6lb\u00e4ume, Weinst\u00f6cke, Feigen und eine byzantinische Kirche: die Essenz von Griechenland<\/small><\/p>\n<p><img decoding=\"async\" src=\"https:\/\/azalas.de\/wp-content\/uploads\/photos\/naxos\/agriculture\/terraces_koronos_vineyard-1.jpg\" alt=\"\" border=\"0\"><br \/>\n<small>Weinberge bei K\u00f3ronos<\/small><\/p>\n<p><img decoding=\"async\" alt=\"Apiranthos, Dreschplatz\" src=\"https:\/\/azalas.de\/wp-content\/uploads\/2014\/01\/P1350079-1_450.jpg\" border=\"0\" \/><br \/>\n<small>Dreschplatz in der N\u00e4he von Ap\u00edranthos<\/small><\/p>\n<p><big>I<\/big>n den tief eingeschnittenen T\u00e4lern zwischen den \u00f6den Bergh\u00e4ngen kommt man immer wieder unvermutet an eine schattige Quelle oder einen baumbestandenen Flusslauf.<\/p>\n<p><img decoding=\"async\" src=\"http:\/\/azalas.de\/wp-content\/uploads\/photos\/naxos\/landscape\/skeponi_river-1.jpg\"  alt=\"Flusslauf in Skep\u00f3ni\" border=\"0\"><br \/>\n<small>Flusslauf in Skep\u00f3ni<\/small><\/p>\n<p><img decoding=\"async\" src=\"https:\/\/azalas.de\/wp-content\/uploads\/2024\/08\/T191615-1_1500.jpg\" alt=\"im Tal oberhalb von Engar\u00e9s\" border=\"0\"><br \/>\n<small>dichtbewachsenes Tal oberhalb von Engar\u00e9s<\/small><\/p>\n<p><img decoding=\"async\" src=\"https:\/\/azalas.de\/wp-content\/uploads\/2024\/08\/T192559-1_1500.jpg\" alt=\"am Flusslauf von Engar\u00e9s\" border=\"0\"><br \/>\n<small>am Flusslauf von Engar\u00e9s<\/small><\/p>\n<p><img decoding=\"async\" src=\"https:\/\/azalas.de\/wp-content\/uploads\/photos\/naxos\/agriculture\/garinou-1.jpg\" alt=\"Quelle von Garinou, Naxos\" border=\"0\"><br \/>\n<small>die Quelle von Gar\u00ednou bei Kin\u00eddaros<\/small><\/p>\n<p><big>U<\/big>nd \u00fcberall der Ausblick auf das blaugr\u00fcne Meer zwischen wei\u00dfen und grauen Marmorfelsen, das \u00e4g\u00e4ische Meer, das nicht von bedrohlicher Leere und Unendlichkeit ist, sondern auf dem \u00fcberall benachbarte Inseln und in der Ferne sichtbare K\u00fcsten gr\u00fc\u00dfen, das Meer, das nicht nur trennt, sondern auch verbindet.<\/p>\n<p><img decoding=\"async\" src=\"https:\/\/azalas.de\/wp-content\/uploads\/photos\/naxos\/landscape\/atsipapi_view_sea-1.jpg\" alt=\"Blick aufs Meer von Atsipapi\" border=\"0\"><br \/>\n<small>Blick Richtung Meer von Atsip\u00e1pi<\/small><\/p>\n<p><img decoding=\"async\" src=\"https:\/\/azalas.de\/wp-content\/uploads\/photos\/naxos\/landscape\/view_of_islands_gaidouromandres.jpg\" alt=\"Blick auf die Inseln vom H\u00fcgel n\u00f6rdlich von Agios Dimitris\" border=\"0\"><br \/>\n<small>Blick auf die Inseln vom H\u00fcgel n\u00f6rdlich von \u00c1gios Dim\u00edtris<\/small><\/p>\n<p><img decoding=\"async\" src=\"https:\/\/azalas.de\/wp-content\/uploads\/photos\/azalas\/beach\/north_bay-6.jpg\" alt=\"eine Bucht bei Azal\u00e1s\" border=\"0\"><\/p>\n<p><img decoding=\"async\" src=\"https:\/\/azalas.de\/wp-content\/uploads\/2012\/08\/P1250251-1_450.jpg\"  alt=\"an der S\u00fcdk\u00fcste von Naxos\" border=\"0\"><br \/>\n<small>an der S\u00fcdk\u00fcste bei P\u00e1normos<\/small><\/p>\n<p>siehe auch:<\/p>\n<ul>\n<li><a href=\"http:\/\/azalas.de\/naxos-landschaft\/\">Die Landschaft von Naxos<\/a><\/li>\n<li><a href=\"http:\/\/azalas.de\/naxos-kulturlandschaft\/\">Die Kulturlandschaft<\/a><\/li>\n<li><a href=\"http:\/\/azalas.de\/wanderungen-und-spaziergaenge\">Wanderungen und Spazierg\u00e4nge<\/a><\/li>\n<\/ul>\n<p><a href=\"https:\/\/azalas.de\/inhaltsverzeichnis\/\">Zum Inhaltsverzeichnis<\/a><\/p>\n","protected":false},"excerpt":{"rendered":"<p>Die mediterrane Landschaft, insbesondere die Landschaft der \u00c4g\u00e4is, \u00fcbt auf den Menschen eine eigenartige Faszination aus. Sie ist nicht lieblich, weich oder anheimelnd wie so oft im n\u00f6rdlichen Europa. Im Gegenteil, auf den ersten Blick erscheint sie oft schroff und \u00f6de, w\u00e4hrend der Sommerd\u00fcrre manchmal gar abweisend und lebensfeindlich. Alle Eindr\u00fccke sind intensiv und stark. [&hellip;]<\/p>\n","protected":false},"author":4,"featured_media":28875,"comment_status":"open","ping_status":"open","sticky":false,"template":"","format":"standard","meta":{"footnotes":""},"categories":[15,2005,2004,16,11,9],"tags":[34,1894,871,220,186,187,865,1895,1896,209,868],"class_list":["post-72","post","type-post","status-publish","format-standard","has-post-thumbnail","hentry","category-kultur","category-kulturlandschaft","category-landschaft","category-landwirtschaft","category-natur","category-naxos","tag-kykladen","tag-landschaft-von-naxos","tag-landwirtschaft","tag-mediterrane-landschaft","tag-mediterranes-klima","tag-mittelmeerklima","tag-naxos","tag-oelbaumhaine","tag-olivenhain","tag-terrassen","tag-vegetation"],"_links":{"self":[{"href":"https:\/\/azalas.de\/de\/wp-json\/wp\/v2\/posts\/72","targetHints":{"allow":["GET"]}}],"collection":[{"href":"https:\/\/azalas.de\/de\/wp-json\/wp\/v2\/posts"}],"about":[{"href":"https:\/\/azalas.de\/de\/wp-json\/wp\/v2\/types\/post"}],"author":[{"embeddable":true,"href":"https:\/\/azalas.de\/de\/wp-json\/wp\/v2\/users\/4"}],"replies":[{"embeddable":true,"href":"https:\/\/azalas.de\/de\/wp-json\/wp\/v2\/comments?post=72"}],"version-history":[{"count":19,"href":"https:\/\/azalas.de\/de\/wp-json\/wp\/v2\/posts\/72\/revisions"}],"predecessor-version":[{"id":69172,"href":"https:\/\/azalas.de\/de\/wp-json\/wp\/v2\/posts\/72\/revisions\/69172"}],"wp:featuredmedia":[{"embeddable":true,"href":"https:\/\/azalas.de\/de\/wp-json\/wp\/v2\/media\/28875"}],"wp:attachment":[{"href":"https:\/\/azalas.de\/de\/wp-json\/wp\/v2\/media?parent=72"}],"wp:term":[{"taxonomy":"category","embeddable":true,"href":"https:\/\/azalas.de\/de\/wp-json\/wp\/v2\/categories?post=72"},{"taxonomy":"post_tag","embeddable":true,"href":"https:\/\/azalas.de\/de\/wp-json\/wp\/v2\/tags?post=72"}],"curies":[{"name":"wp","href":"https:\/\/api.w.org\/{rel}","templated":true}]}}