{"id":6599,"date":"2012-10-03T22:55:22","date_gmt":"2012-10-03T19:55:22","guid":{"rendered":"http:\/\/klqewmpxo.cyon.link\/?p=6599"},"modified":"2024-02-27T09:20:22","modified_gmt":"2024-02-27T07:20:22","slug":"trockenheit","status":"publish","type":"post","link":"https:\/\/azalas.de\/de\/trockenheit\/","title":{"rendered":"Trockenheit"},"content":{"rendered":"<p><big>D<\/big>ie Sommer in Griechenland sind trocken. Auf den Kykladen regnet es im Allgemeinen im Sommer \u00fcberhaupt nicht: Meistens f\u00e4llt kein Tropfen Regen etwa zwischen Anfang Mai und Mitte September; die Trockenperiode kann aber auch wesentlich l\u00e4nger sein. Die hiesige Vegetation hat sich an die lange sommerliche Trockenzeit angepasst. Kritisch wird die Situation allerdings nach regenarmen Wintern, und im letzten Winter hat es bei uns nur sehr sp\u00e4rlich geregnet. Zus\u00e4tzlich war dieser Sommer auch noch besonders hei\u00df: der hei\u00dfeste Sommer seit Beginn der Messungen!<\/p>\n<p><img decoding=\"async\" src=\"https:\/\/azalas.de\/wp-content\/uploads\/2012\/10\/P1250685-1_450.jpg\" border=\"0\" alt=\"\" \/><br \/>\n<small>Gegen Ende des Sommers nimmt die Macchie bei uns eine braun-graue F\u00e4rbung an; man sieht immer deutlicher, wie die Pflanzen mit der Trockenheit zu k\u00e4mpfen haben.<\/small><\/p>\n<p><img decoding=\"async\" src=\"https:\/\/azalas.de\/wp-content\/uploads\/2012\/10\/P1250629-1_450.jpg\" border=\"0\" alt=\"\" \/><br \/>\n<small>Die Zwergstr\u00e4ucher wirken im Sommer immer wie vertrocknet: Viele Arten werfen ihre Bl\u00e4tter g\u00e4nzlich ab wie hier die Dornige Bibernelle und der Behaarte Dornginster (links).<\/small><\/p>\n<p><img decoding=\"async\" src=\"https:\/\/azalas.de\/wp-content\/uploads\/2012\/10\/P1250650-1_450.jpg\" border=\"0\" alt=\"\" \/><br \/>\n<small>Auch der Kopf-Thymian sieht jetzt ganz vertrocknet aus.<\/small><\/p>\n<p><img decoding=\"async\" src=\"https:\/\/azalas.de\/wp-content\/uploads\/2012\/10\/P1250643-1_450.jpg\" border=\"0\" alt=\"\" \/><br \/>\n<small>Das Strauchige Brandkraut beh\u00e4lt auch im Sommer einen Teil seiner Bl\u00e4tter. Diese sind allerdings durch ihre filzige, dichte Behaarung gut vor Verdunstung gesch\u00fctzt; au\u00dferdem rollen sie sich mit fortschreitender Trockenheit immer st\u00e4rker zusammen.<\/small><\/p>\n<p><img decoding=\"async\" src=\"http:\/\/azalas.de\/wp-content\/uploads\/photos\/naxos\/flora\/cistaceae\/cistus_monspeliensis_dry-1.jpg\" border=\"0\" alt=\"Montpellier-Zistrose, Cistus monspeliensis\"><br \/>\n<small>Auch die Zistrosen haben fast alle Bl\u00e4tter abgeworfen.<\/small><\/p>\n<p><img decoding=\"async\" src=\"http:\/\/azalas.de\/wp-content\/uploads\/photos\/naxos\/flora\/cistaceae\/cistus_monspeliensis_dry_leaves-2.jpg\" border=\"0\" alt=\"Montpellier-Zistrose, Cistus monspeliensis\"><br \/>\n<small>Die wenigen noch erhaltenen Bl\u00e4tter nehmen eine br\u00e4unliche Farbe an und rollen sich ein.<\/small><\/p>\n<p><img decoding=\"async\" src=\"https:\/\/azalas.de\/wp-content\/uploads\/2012\/10\/P1250670-1_450.jpg\" border=\"0\" alt=\"\" \/><br \/>\n<small>Die B\u00e4ume der Macchie mit ihren immergr\u00fcnen Bl\u00e4ttern haben es in trockenen Jahren schwerer. Die wilden Olivenb\u00e4ume dursten und lassen ihre Bl\u00e4tter h\u00e4ngen. <\/small><\/p>\n<p><img decoding=\"async\" src=\"https:\/\/azalas.de\/wp-content\/uploads\/2012\/10\/P1250673-1_450.jpg\" border=\"0\" alt=\"\" \/><br \/>\n<small>Sogar der anspruchslose Ph\u00f6nizische Wacholder, der stark reduzierte, fast schuppenf\u00f6rmige Bl\u00e4tter besitzt, leidet unter der Trockenheit und hat eine m\u00fcde, gelbbraune F\u00e4rbung angenommen.<\/small><\/p>\n<p><img decoding=\"async\" src=\"https:\/\/azalas.de\/wp-content\/uploads\/2012\/10\/P1250677-1_450.jpg\" border=\"0\" alt=\"\" \/><br \/>\n<small>Die unempfindliche Steinlinde <em>(Phillyrea media)<\/em> ist ein widerstandsf\u00e4higes Hartlaubgew\u00e4chs, das auf Naxos nur in den trockensten, w\u00e4rmsten Regionen vorkommt.<\/small><\/p>\n<p><img decoding=\"async\" src=\"https:\/\/azalas.de\/wp-content\/uploads\/2012\/10\/P1250678-1_450.jpg\" border=\"0\" alt=\"\" \/><br \/>\n<small>In diesem Jahr verf\u00e4rben sich sogar viele Steinlinden braun und werfen einen Teil der Bl\u00e4tter ab.<\/small><\/p>\n<p><img decoding=\"async\" src=\"https:\/\/azalas.de\/wp-content\/uploads\/photos\/naxos\/fauna\/dragonflies\/sympetrum_fonscolombii-7.jpg\" border=\"0\" alt=\"Fr\u00fche Heidelibelle, Sympetrum fonscolombi\" \/><br \/>\n<small>In der Macchie sind im Sp\u00e4tsommer und fr\u00fchen Herbst nur wenige Insekten unterwegs; hier eine Fr\u00fche Heidelibelle.<\/small><\/p>\n<p><img decoding=\"async\" src=\"https:\/\/azalas.de\/wp-content\/uploads\/photos\/naxos\/flora\/colchicaceae\/colchicum_variegatum-1.jpg\" alt=\"Colchicum variegatum\" border=\"0\"><br \/>\n<small>Trotzdem trifft man hier und da inmitten der \u00d6dnis auf kleine Hoffnungsschimmer: Diese Herbstzeitlose <em>(Colchicum variegatum)<\/em> bl\u00fcht schon jetzt, vor den ersten Regen.<\/small><\/p>\n<p><img decoding=\"async\" src=\"https:\/\/azalas.de\/wp-content\/uploads\/photos\/naxos\/flora\/asparagaceae\/drimia_maritima-1.jpg\" border=\"0\" alt=\"Meerzwiebel, Drimia maritima\" \/><br \/>\n<small>Auch die Meerzwiebeln lassen sich durch die Trockenheit nicht schrecken: So intensiv wie dieses Jahr haben sie nur selten gebl\u00fcht.<\/small><\/p>\n<p>siehe auch: <\/p>\n<ul>\n<li><a href=\"http:\/\/azalas.de\/mediterranes-klima\/\">Das mediterrane Klima<\/a><\/li>\n<li><a href=\"http:\/\/azalas.de\/naxos-vegetation\/\">Die Vegetation<\/a><\/li>\n<li><a href=\"http:\/\/azalas.de\/libellen\/\">Libellen<\/a><\/li>\n<li><a href=\"http:\/\/azalas.de\/die-meerzwiebel-der-erste-bote-des-herbstes\/\">Meerzwiebel &#8211; der erste Bote des Herbstes<\/a><\/li>\n<\/ul>\n<p><a href=\"https:\/\/azalas.de\/inhaltsverzeichnis\/\">Zum Inhaltsverzeichnis<\/a><\/p>\n","protected":false},"excerpt":{"rendered":"<p>Die Sommer in Griechenland sind trocken. Auf den Kykladen regnet es im Allgemeinen im Sommer \u00fcberhaupt nicht: Meistens f\u00e4llt kein Tropfen Regen etwa zwischen Anfang Mai und Mitte September; die Trockenperiode kann aber auch wesentlich l\u00e4nger sein. Die hiesige Vegetation hat sich an die lange sommerliche Trockenzeit angepasst. Kritisch wird die Situation allerdings nach regenarmen [&hellip;]<\/p>\n","protected":false},"author":4,"featured_media":63407,"comment_status":"open","ping_status":"open","sticky":false,"template":"","format":"standard","meta":{"footnotes":""},"categories":[18,11,9,13],"tags":[64,32,869,873,34,186,187,865,867,33],"class_list":["post-6599","post","type-post","status-publish","format-standard","has-post-thumbnail","hentry","category-klima-und-wetter","category-natur","category-naxos","category-vegetation","tag-botanik","tag-ferien","tag-griechenland","tag-klima","tag-kykladen","tag-mediterranes-klima","tag-mittelmeerklima","tag-naxos","tag-pflanzen","tag-urlaub"],"_links":{"self":[{"href":"https:\/\/azalas.de\/de\/wp-json\/wp\/v2\/posts\/6599","targetHints":{"allow":["GET"]}}],"collection":[{"href":"https:\/\/azalas.de\/de\/wp-json\/wp\/v2\/posts"}],"about":[{"href":"https:\/\/azalas.de\/de\/wp-json\/wp\/v2\/types\/post"}],"author":[{"embeddable":true,"href":"https:\/\/azalas.de\/de\/wp-json\/wp\/v2\/users\/4"}],"replies":[{"embeddable":true,"href":"https:\/\/azalas.de\/de\/wp-json\/wp\/v2\/comments?post=6599"}],"version-history":[{"count":6,"href":"https:\/\/azalas.de\/de\/wp-json\/wp\/v2\/posts\/6599\/revisions"}],"predecessor-version":[{"id":63449,"href":"https:\/\/azalas.de\/de\/wp-json\/wp\/v2\/posts\/6599\/revisions\/63449"}],"wp:featuredmedia":[{"embeddable":true,"href":"https:\/\/azalas.de\/de\/wp-json\/wp\/v2\/media\/63407"}],"wp:attachment":[{"href":"https:\/\/azalas.de\/de\/wp-json\/wp\/v2\/media?parent=6599"}],"wp:term":[{"taxonomy":"category","embeddable":true,"href":"https:\/\/azalas.de\/de\/wp-json\/wp\/v2\/categories?post=6599"},{"taxonomy":"post_tag","embeddable":true,"href":"https:\/\/azalas.de\/de\/wp-json\/wp\/v2\/tags?post=6599"}],"curies":[{"name":"wp","href":"https:\/\/api.w.org\/{rel}","templated":true}]}}