{"id":56782,"date":"2023-12-27T20:53:00","date_gmt":"2023-12-27T18:53:00","guid":{"rendered":"https:\/\/klqewmpxo.cyon.link\/de\/?p=56782"},"modified":"2026-03-18T13:47:06","modified_gmt":"2026-03-18T11:47:06","slug":"fotouebersicht-nelkengewaechse","status":"publish","type":"post","link":"https:\/\/azalas.de\/de\/fotouebersicht-nelkengewaechse\/","title":{"rendered":"Foto\u00fcbersicht Nelkengew\u00e4chse"},"content":{"rendered":"<h1>Foto\u00fcbersicht &#8222;Nelkenartige&#8220;<\/h1>\n<div>\n<h3>plus Steinbrechartige und Sandelholzartige<\/h3>\n<\/div>\n<div><a href=\"#Links\">Hier geht es direkt zu den Links zu den ausf\u00fchrlichen Beitr\u00e4gen (am Seitenende).<\/a><\/p>\n<p>Zum \u00d6ffnen als Diashow auf die Fotos klicken!<\/p>\n<\/div>\n<ul>\n<li>\n<p>        <img decoding=\"async\" src=\"http:\/\/azalas.de\/wp-content\/uploads\/photos\/naxos\/flora\/caryophyllaceae\/agrostemma_githago_detail-1.jpg\" alt=\"\"><\/p>\n<div>Agrostemma githago<\/div>\n<\/li>\n<li>\n<p>        <img decoding=\"async\" src=\"http:\/\/azalas.de\/wp-content\/uploads\/photos\/naxos\/flora\/caryophyllaceae\/petrorhagia_dubia_detail-1.jpg\" alt=\"\"><\/p>\n<div>Petrorhagia dubia<\/div>\n<\/li>\n<li>\n<p>        <img decoding=\"async\" src=\"http:\/\/azalas.de\/wp-content\/uploads\/photos\/naxos\/flora\/caryophyllaceae\/petrorhagia_armerioides_flower-1.jpg\" alt=\"\"><\/p>\n<div>Petrorhagia armerioides<\/div>\n<\/li>\n<li>\n<p>        <img decoding=\"async\" src=\"http:\/\/azalas.de\/wp-content\/uploads\/photos\/naxos\/flora\/caryophyllaceae\/bolanthus_graecus_detail-2.jpg\" alt=\"\"><\/p>\n<div>Bolanthus graecus<\/div>\n<\/li>\n<li>\n<p>        <img decoding=\"async\" src=\"http:\/\/azalas.de\/wp-content\/uploads\/photos\/naxos\/flora\/caryophyllaceae\/silene_behen_detail-1.jpg\" alt=\"\"><\/p>\n<div>Silene behen<\/div>\n<\/li>\n<li>\n<p>        <img decoding=\"async\" src=\"http:\/\/azalas.de\/wp-content\/uploads\/photos\/naxos\/flora\/caryophyllaceae\/silene_colorata_flower-1.jpg\" alt=\"\"><\/p>\n<div>Silene colorata<\/div>\n<\/li>\n<li>\n<p>        <img decoding=\"async\" src=\"http:\/\/azalas.de\/wp-content\/uploads\/photos\/naxos\/flora\/caryophyllaceae\/silene_cretica_detail-1.jpg\" alt=\"\"><\/p>\n<div>Silene cretica<\/div>\n<\/li>\n<li>\n<p>        <img decoding=\"async\" src=\"http:\/\/azalas.de\/wp-content\/uploads\/photos\/naxos\/flora\/caryophyllaceae\/silene_cythnia_flower-1.jpg\" alt=\"\"><\/p>\n<div>Silene cythnia<\/div>\n<\/li>\n<li>\n<p>        <img decoding=\"async\" src=\"http:\/\/azalas.de\/wp-content\/uploads\/photos\/naxos\/flora\/caryophyllaceae\/silene_sartorii_detail-1.jpg\" alt=\"\"><\/p>\n<div>Silene sartorii<\/div>\n<\/li>\n<li>\n<p>        <img decoding=\"async\" src=\"http:\/\/azalas.de\/wp-content\/uploads\/photos\/naxos\/flora\/caryophyllaceae\/silene_sedoides-1.jpg\" alt=\"\"><\/p>\n<div>Silene sedoides<\/div>\n<\/li>\n<li>\n<p>        <img decoding=\"async\" src=\"http:\/\/azalas.de\/wp-content\/uploads\/photos\/naxos\/flora\/caryophyllaceae\/silene_nocturna_detail-1.jpg\" alt=\"\"><\/p>\n<div>Silene nocturna<\/div>\n<\/li>\n<li>\n<p>        <img decoding=\"async\" src=\"http:\/\/azalas.de\/wp-content\/uploads\/photos\/naxos\/flora\/caryophyllaceae\/silene_gallica_detail-1.jpg\" alt=\"\"><\/p>\n<div>Silene gallica<\/div>\n<\/li>\n<li>\n<p>        <img decoding=\"async\" src=\"http:\/\/azalas.de\/wp-content\/uploads\/photos\/naxos\/flora\/caryophyllaceae\/silene_gallica_quinquevulnera_detail-1.jpg\" alt=\"\"><\/p>\n<div>Silene gallica quinquevulnera<\/div>\n<\/li>\n<li>\n<p>        <img decoding=\"async\" src=\"http:\/\/azalas.de\/wp-content\/uploads\/photos\/naxos\/flora\/caryophyllaceae\/silene_italica-1.jpg\" alt=\"\"><\/p>\n<div>Silene italica<\/div>\n<\/li>\n<li>\n<p>        <img decoding=\"async\" src=\"http:\/\/azalas.de\/wp-content\/uploads\/photos\/naxos\/flora\/caryophyllaceae\/silene_italica_flower-1.jpg\" alt=\"\"><\/p>\n<div>Silene italica<\/div>\n<\/li>\n<li>\n<p>        <img decoding=\"async\" src=\"http:\/\/azalas.de\/wp-content\/uploads\/photos\/naxos\/flora\/caryophyllaceae\/silene_vulgaris-1.jpg\" alt=\"\"><\/p>\n<div>Silene vulgaris<\/div>\n<\/li>\n<li>\n<p>        <img decoding=\"async\" src=\"http:\/\/azalas.de\/wp-content\/uploads\/photos\/naxos\/flora\/caryophyllaceae\/dianthus_diffusus_detail-1.jpg\" alt=\"\"><\/p>\n<div>Dianthus diffusus<\/div>\n<\/li>\n<li>\n<p>        <img decoding=\"async\" src=\"http:\/\/azalas.de\/wp-content\/uploads\/photos\/naxos\/flora\/caryophyllaceae\/dianthus_tripunctatus_flower-1.jpg\" alt=\"\"><\/p>\n<div>Dianthus tripunctatus<\/div>\n<\/li>\n<li>\n<p>        <img decoding=\"async\" src=\"http:\/\/azalas.de\/wp-content\/uploads\/photos\/naxos\/flora\/caryophyllaceae\/dianthus_cinnamomeus_flower-1.jpg\" alt=\"\"><\/p>\n<div>Dianthus cinnamomeus<\/div>\n<\/li>\n<li>\n<p>        <img decoding=\"async\" src=\"http:\/\/azalas.de\/wp-content\/uploads\/photos\/naxos\/flora\/caryophyllaceae\/dianthus_monadelphus_pallens_flower-1.jpg\" alt=\"\"><\/p>\n<div>Dianthus monadelphus pallens<\/div>\n<\/li>\n<li>\n<p>        <img decoding=\"async\" src=\"http:\/\/azalas.de\/wp-content\/uploads\/photos\/naxos\/flora\/caryophyllaceae\/vaccaria_hispanica_flower-1.jpg\" alt=\"\"><\/p>\n<div>Vaccaria hispanica<\/div>\n<\/li>\n<li>\n<p>        <img decoding=\"async\" src=\"http:\/\/azalas.de\/wp-content\/uploads\/photos\/naxos\/flora\/caryophyllaceae\/velezia_rigida_detail-1.jpg\" alt=\"\"><\/p>\n<div>Velezia rigida<\/div>\n<\/li>\n<li>\n<p>        <img decoding=\"async\" src=\"http:\/\/azalas.de\/wp-content\/uploads\/photos\/naxos\/flora\/caryophyllaceae\/velezia_quadridentata-2.jpg\" alt=\"\"><\/p>\n<div>Velezia quadridentata<\/div>\n<\/li>\n<li>\n<p>        <img decoding=\"async\" src=\"http:\/\/azalas.de\/wp-content\/uploads\/photos\/naxos\/flora\/caryophyllaceae\/herniaria_hirsuta-1.jpg\" alt=\"\"><\/p>\n<div>Herniaria hirsuta<\/div>\n<\/li>\n<li>\n<p>        <img decoding=\"async\" src=\"http:\/\/azalas.de\/wp-content\/uploads\/photos\/naxos\/flora\/caryophyllaceae\/corrigiola_litoralis-1.jpg\" alt=\"\"><\/p>\n<div>Corrigiola litoralis<\/div>\n<\/li>\n<li>\n<p>        <img decoding=\"async\" src=\"http:\/\/azalas.de\/wp-content\/uploads\/photos\/naxos\/flora\/caryophyllaceae\/illecebrum_verticillatum_detail-1.jpg\" alt=\"\"><\/p>\n<div>Illecebrum verticillatum<\/div>\n<\/li>\n<li>\n<p>        <img decoding=\"async\" src=\"http:\/\/azalas.de\/wp-content\/uploads\/photos\/naxos\/flora\/caryophyllaceae\/paronychia_argentea_detail-1.jpg\" alt=\"\"><\/p>\n<div>Paronychia argentea<\/div>\n<\/li>\n<li>\n<p>        <img decoding=\"async\" src=\"http:\/\/azalas.de\/wp-content\/uploads\/photos\/naxos\/flora\/caryophyllaceae\/paronychia_macrosepala-1.jpg\" alt=\"\"><\/p>\n<div>Paronychia macrosepala<\/div>\n<\/li>\n<li>\n<p>        <img decoding=\"async\" src=\"http:\/\/azalas.de\/wp-content\/uploads\/photos\/naxos\/flora\/caryophyllaceae\/paronychia_echinulata-1.jpg\" alt=\"\"><\/p>\n<div>Paronychia echinulata<\/div>\n<\/li>\n<li>\n<p>        <img decoding=\"async\" src=\"http:\/\/azalas.de\/wp-content\/uploads\/photos\/naxos\/flora\/caryophyllaceae\/polycarpon_tetraphyllum-1.jpg\" alt=\"\"><\/p>\n<div>Polycarpon tetraphyllum<\/div>\n<\/li>\n<li>\n<p>        <img decoding=\"async\" src=\"http:\/\/azalas.de\/wp-content\/uploads\/photos\/naxos\/flora\/caryophyllaceae\/scleranthus_perennis-1.jpg\" alt=\"\"><\/p>\n<div>Scleranthus perennis<\/div>\n<\/li>\n<li>\n<p>        <img decoding=\"async\" src=\"\/wp-content\/uploads\/photos\/naxos\/flora\/caryophyllaceae\/spergula_arvensis_detail-1.jpg\" alt=\"\"><\/p>\n<div>Spergula arvensis<\/div>\n<\/li>\n<li>\n<p>        <img decoding=\"async\" src=\"http:\/\/azalas.de\/wp-content\/uploads\/photos\/naxos\/flora\/caryophyllaceae\/spergularia_bocconei_detail-1.jpg\" alt=\"\"><\/p>\n<div>Spergularia bocconei<\/div>\n<\/li>\n<li>\n<p>        <img decoding=\"async\" src=\"http:\/\/azalas.de\/wp-content\/uploads\/photos\/naxos\/flora\/caryophyllaceae\/spergularia_marina_detail-1.jpg\" alt=\"\"><\/p>\n<div>Spergularia marina<\/div>\n<\/li>\n<li>\n<p>        <img decoding=\"async\" src=\"http:\/\/azalas.de\/wp-content\/uploads\/photos\/naxos\/flora\/caryophyllaceae\/minuartia_mesogitana-1.jpg\" alt=\"\"><\/p>\n<div>Minuartia mesogitana<\/div>\n<\/li>\n<li>\n<p>        <img decoding=\"async\" src=\"http:\/\/azalas.de\/wp-content\/uploads\/photos\/naxos\/flora\/caryophyllaceae\/minuartia_attica-1.jpg\" alt=\"\"><\/p>\n<div>Minuartia attica<\/div>\n<\/li>\n<li>\n<p>        <img decoding=\"async\" src=\"http:\/\/azalas.de\/wp-content\/uploads\/photos\/naxos\/flora\/caryophyllaceae\/minuartia_hybrida-1.jpg\" alt=\"\"><\/p>\n<div>Minuartia hybrida<\/div>\n<\/li>\n<li>\n<p>        <img decoding=\"async\" src=\"http:\/\/azalas.de\/wp-content\/uploads\/photos\/naxos\/flora\/caryophyllaceae\/minuartia_mediterranea-1.jpg\" alt=\"\"><\/p>\n<div>Minuartia mediterranea<\/div>\n<\/li>\n<li>\n<p>        <img decoding=\"async\" src=\"http:\/\/azalas.de\/wp-content\/uploads\/photos\/naxos\/flora\/caryophyllaceae\/sagina_apetala-1.jpg\" alt=\"\"><\/p>\n<div>Sagina apetala<\/div>\n<\/li>\n<li>\n<p>        <img decoding=\"async\" src=\"\/wp-content\/uploads\/photos\/naxos\/flora\/caryophyllaceae\/sagina_maritima-2.jpg\" alt=\"\"><\/p>\n<div>Sagina maritima<\/div>\n<\/li>\n<li>\n<p>        <img decoding=\"async\" src=\"http:\/\/azalas.de\/wp-content\/uploads\/photos\/naxos\/flora\/caryophyllaceae\/arenaria_leptoclados_detail-1.jpg\" alt=\"\"><\/p>\n<div>Arenaria leptoclados<\/div>\n<\/li>\n<li>\n<p>        <img decoding=\"async\" src=\"http:\/\/azalas.de\/wp-content\/uploads\/photos\/naxos\/flora\/caryophyllaceae\/moenchia_graeca-2.jpg\" alt=\"\"><\/p>\n<div>Moenchia graeca<\/div>\n<\/li>\n<li>\n<p>        <img decoding=\"async\" src=\"http:\/\/azalas.de\/wp-content\/uploads\/photos\/naxos\/flora\/caryophyllaceae\/cerastium_comatum-1.jpg\" alt=\"\"><\/p>\n<div>Cerastium comatum<\/div>\n<\/li>\n<li>\n<p>        <img decoding=\"async\" src=\"http:\/\/azalas.de\/wp-content\/uploads\/photos\/naxos\/flora\/caryophyllaceae\/cerastium_glomeratum-1.jpg\" alt=\"\"><\/p>\n<div>Cerastium glomeratum<\/div>\n<\/li>\n<li>\n<p>        <img decoding=\"async\" src=\"http:\/\/azalas.de\/wp-content\/uploads\/photos\/naxos\/flora\/caryophyllaceae\/stellaria_cupaniana_detail-1.jpg\" alt=\"\"><\/p>\n<div>Stellaria cupaniana<\/div>\n<\/li>\n<li>\n<p>        <img decoding=\"async\" src=\"http:\/\/azalas.de\/wp-content\/uploads\/photos\/naxos\/flora\/caryophyllaceae\/stellaria_media_detail-1.jpg\" alt=\"\"><\/p>\n<div>Stellaria media<\/div>\n<\/li>\n<li>\n<p>        <img decoding=\"async\" src=\"\/wp-content\/uploads\/photos\/naxos\/flora\/aizoaceae\/aptenia_cordifolia_detail-1.jpg\" alt=\"\"><\/p>\n<div>Aptenia cordifolia<\/div>\n<\/li>\n<li>\n<p>        <img decoding=\"async\" src=\"\/wp-content\/uploads\/photos\/naxos\/flora\/aizoaceae\/carpobrotus_edulis-3.jpg\" alt=\"\"><\/p>\n<div>Carpobrotus edulis<\/div>\n<\/li>\n<li>\n<p>        <img decoding=\"async\" src=\"\/wp-content\/uploads\/photos\/naxos\/flora\/aizoaceae\/carpobrotus_edulis_detail-1.jpg\" alt=\"\"><\/p>\n<div>Carpobrotus edulis<\/div>\n<\/li>\n<li>\n<p>        <img decoding=\"async\" src=\"\/wp-content\/uploads\/photos\/naxos\/flora\/aizoaceae\/malephora_purpureocrocea-3.jpg\" alt=\"\"><\/p>\n<div>Malephora purpureocrocea<\/div>\n<\/li>\n<li>\n<p>        <img decoding=\"async\" src=\"\/wp-content\/uploads\/photos\/naxos\/flora\/aizoaceae\/mesembryanthemum_nodiflorum_detail-1.jpg\" alt=\"\"><\/p>\n<div>Mesembryanthemum nodiflorum<\/div>\n<\/li>\n<li>\n<p>        <img decoding=\"async\" src=\"http:\/\/azalas.de\/wp-content\/uploads\/photos\/naxos\/flora\/plumbaginaceae\/limonium_sinuatum-1.jpg\" alt=\"\"><\/p>\n<div>Limonium sinuatum<\/div>\n<\/li>\n<li>\n<p>        <img decoding=\"async\" src=\"http:\/\/azalas.de\/wp-content\/uploads\/photos\/naxos\/flora\/plumbaginaceae\/limonium_echioides_detail-1.jpg\" alt=\"\"><\/p>\n<div>Limonium echioides<\/div>\n<\/li>\n<li>\n<p>        <img decoding=\"async\" src=\"http:\/\/azalas.de\/wp-content\/uploads\/photos\/naxos\/flora\/plumbaginaceae\/limonium_roridum_detail-1.jpg\" alt=\"\"><\/p>\n<div>Limonium roridum<\/div>\n<\/li>\n<li>\n<p>        <img decoding=\"async\" src=\"http:\/\/azalas.de\/wp-content\/uploads\/photos\/naxos\/flora\/frankeniaceae\/frankenia_hirsuta_flower-1.jpg\" alt=\"\"><\/p>\n<div>Frankenia hirsuta<\/div>\n<\/li>\n<li>\n<p>        <img decoding=\"async\" src=\"http:\/\/azalas.de\/wp-content\/uploads\/photos\/naxos\/flora\/frankeniaceae\/frankenia_pulverulenta-1.jpg\" alt=\"\"><\/p>\n<div>Frankenia pulverulenta<\/div>\n<\/li>\n<li>\n<p>        <img decoding=\"async\" src=\"http:\/\/azalas.de\/wp-content\/uploads\/photos\/naxos\/flora\/portulacaceae\/portulaca_oleracea_detail-1.jpg\" alt=\"\"><\/p>\n<div>Portulaca oleracea<\/div>\n<\/li>\n<li>\n<p>        <img decoding=\"async\" src=\"http:\/\/azalas.de\/wp-content\/uploads\/photos\/naxos\/flora\/amaranthaceae\/amaranthus_albus-1.jpg\" alt=\"\"><\/p>\n<div>Amaranthus albus<\/div>\n<\/li>\n<li>\n<p>        <img decoding=\"async\" src=\"http:\/\/azalas.de\/wp-content\/uploads\/photos\/naxos\/flora\/amaranthaceae\/amaranthus_blitoides-1.jpg\" alt=\"\"><\/p>\n<div>Amaranthus blitoides<\/div>\n<\/li>\n<li>\n<p>        <img decoding=\"async\" src=\"http:\/\/azalas.de\/wp-content\/uploads\/photos\/naxos\/flora\/amaranthaceae\/amaranthus_cruentus-1.jpg\" alt=\"\"><\/p>\n<div>Amaranthus cruentus<\/div>\n<\/li>\n<li>\n<p>        <img decoding=\"async\" src=\"http:\/\/azalas.de\/wp-content\/uploads\/photos\/naxos\/flora\/amaranthaceae\/amaranthus_hybridus_detail-1.jpg\" alt=\"\"><\/p>\n<div>Amaranthus hybridus<\/div>\n<\/li>\n<li>\n<p>        <img decoding=\"async\" src=\"http:\/\/azalas.de\/wp-content\/uploads\/photos\/naxos\/flora\/amaranthaceae\/amaranthus_viridis-1.jpg\" alt=\"\"><\/p>\n<div>Amaranthus viridis<\/div>\n<\/li>\n<li>\n<p>        <img decoding=\"async\" src=\"http:\/\/azalas.de\/wp-content\/uploads\/photos\/naxos\/flora\/polygonaceae\/persicaria_lapathifolia-1.jpg\" alt=\"\"><\/p>\n<div>Persicaria lapathifolia<\/div>\n<\/li>\n<li>\n<p>        <img decoding=\"async\" src=\"http:\/\/azalas.de\/wp-content\/uploads\/photos\/naxos\/flora\/polygonaceae\/rumex_acetosella_flower-1.jpg\" alt=\"\"><\/p>\n<div>Rumex acetosella<\/div>\n<\/li>\n<li>\n<p>        <img decoding=\"async\" src=\"http:\/\/azalas.de\/wp-content\/uploads\/photos\/naxos\/flora\/polygonaceae\/rumex_bucephalophorus-1.jpg\" alt=\"\"><\/p>\n<div>Rumex bucephalophorus<\/div>\n<\/li>\n<li>\n<p>        <img decoding=\"async\" src=\"http:\/\/azalas.de\/wp-content\/uploads\/photos\/naxos\/flora\/polygonaceae\/rumex_conglomeratus_detail-1.jpg\" alt=\"\"><\/p>\n<div>Rumex conglomeratus<\/div>\n<\/li>\n<li>\n<p>        <img decoding=\"async\" src=\"http:\/\/azalas.de\/wp-content\/uploads\/photos\/naxos\/flora\/polygonaceae\/rumex_pulcher_anodontus_detail-1.jpg\" alt=\"\"><\/p>\n<div>Rumex pulcher anodontus<\/div>\n<\/li>\n<li>\n<p>        <img decoding=\"async\" src=\"http:\/\/azalas.de\/wp-content\/uploads\/photos\/naxos\/flora\/polygonaceae\/rumex_tuberosus-1.jpg\" alt=\"\"><\/p>\n<div>Rumex tuberosus<\/div>\n<\/li>\n<li>\n<p>        <img decoding=\"async\" src=\"http:\/\/azalas.de\/wp-content\/uploads\/photos\/naxos\/flora\/polygonaceae\/polygonum_aviculare-1.jpg\" alt=\"\"><\/p>\n<div>Polygonum aviculare<\/div>\n<\/li>\n<li>\n<p>        <img decoding=\"async\" src=\"http:\/\/azalas.de\/wp-content\/uploads\/photos\/naxos\/flora\/polygonaceae\/polygonum_maritimum-1.jpg\" alt=\"\"><\/p>\n<div>Polygonum maritimum<\/div>\n<\/li>\n<li>\n<p>        <img decoding=\"async\" src=\"http:\/\/azalas.de\/wp-content\/uploads\/photos\/naxos\/flora\/cactaceae\/opuntia_ficus_indica-1.jpg\" alt=\"\"><\/p>\n<div>Opuntia ficus-indica<\/div>\n<\/li>\n<li>\n<p>        <img decoding=\"async\" src=\"http:\/\/azalas.de\/wp-content\/uploads\/photos\/naxos\/flora\/santalaceae\/osyris_alba-1.jpg\" alt=\"\"><\/p>\n<div>Osyris alba<\/div>\n<\/li>\n<li>\n<p>        <img decoding=\"async\" src=\"http:\/\/azalas.de\/wp-content\/uploads\/photos\/naxos\/flora\/santalaceae\/thesium_bergeri_detail-1.jpg\" alt=\"\"><\/p>\n<div>Thesium bergeri<\/div>\n<\/li>\n<li>\n<p>        <img decoding=\"async\" src=\"\/wp-content\/uploads\/photos\/naxos\/flora\/crassulaceae\/crassula_tillaea-1.jpg\" alt=\"\"><\/p>\n<div>Crassula tillaea<\/div>\n<\/li>\n<li>\n<p>        <img decoding=\"async\" src=\"http:\/\/azalas.de\/wp-content\/uploads\/photos\/naxos\/flora\/crassulaceae\/sedum_amplexicaule_flower-1.jpg\" alt=\"\"><\/p>\n<div>Sedum amplexicaule<\/div>\n<\/li>\n<li>\n<p>        <img decoding=\"async\" src=\"http:\/\/azalas.de\/wp-content\/uploads\/photos\/naxos\/flora\/crassulaceae\/sedum_eriocarpum-1.jpg\" alt=\"\"><\/p>\n<div>Sedum eriocarpum<\/div>\n<\/li>\n<li>\n<p>        <img decoding=\"async\" src=\"http:\/\/azalas.de\/wp-content\/uploads\/photos\/naxos\/flora\/crassulaceae\/sedum_hispanicum-2.jpg\" alt=\"\"><\/p>\n<div>Sedum hispanicum<\/div>\n<\/li>\n<li>\n<p>        <img decoding=\"async\" src=\"http:\/\/azalas.de\/wp-content\/uploads\/photos\/naxos\/flora\/crassulaceae\/sedum_litoreum-2.jpg\" alt=\"\"><\/p>\n<div>Sedum litoreum<\/div>\n<\/li>\n<li>\n<p>        <img decoding=\"async\" src=\"http:\/\/azalas.de\/wp-content\/uploads\/photos\/naxos\/flora\/crassulaceae\/sedum_rubens-1.jpg\" alt=\"\"><\/p>\n<div>Sedum rubens<\/div>\n<\/li>\n<li>\n<p>        <img decoding=\"async\" src=\"http:\/\/azalas.de\/wp-content\/uploads\/photos\/naxos\/flora\/crassulaceae\/umbilicus_rupestris-1.jpg\" alt=\"\"><\/p>\n<div>Umbilicus rupestris<\/div>\n<\/li>\n<li>\n<p>        <img decoding=\"async\" src=\"http:\/\/azalas.de\/wp-content\/uploads\/photos\/naxos\/flora\/crassulaceae\/umbilicus_horizontalis-1.jpg\" alt=\"\"><\/p>\n<div>Umbilicus horizontalis<\/div>\n<\/li>\n<li>\n<p>        <img decoding=\"async\" src=\"http:\/\/azalas.de\/wp-content\/uploads\/photos\/naxos\/flora\/crassulaceae\/umbilicus_parviflorus-1.jpg\" alt=\"\"><\/p>\n<div>Umbilicus parviflorus<\/div>\n<\/li>\n<li>\n<p>        <img decoding=\"async\" src=\"http:\/\/azalas.de\/wp-content\/uploads\/photos\/naxos\/flora\/saxifragaceae\/saxifraga_graeca-1.jpg\" alt=\"\"><\/p>\n<div>Saxifraga graeca<\/div>\n<\/li>\n<li>\n<p>        <img decoding=\"async\" src=\"http:\/\/azalas.de\/wp-content\/uploads\/photos\/naxos\/flora\/saxifragaceae\/saxifraga_hederacea-1.jpg\" alt=\"\"><\/p>\n<div>Saxifraga hederacea<\/div>\n<\/li>\n<\/ul>\n<hr>\n<div><a name=\"Links\"><font color=\"#ffffff\">Links<\/font><\/a><\/p>\n<p>Zur ausf\u00fchrlichen Beschreibung der Arten:<\/p>\n<ul>\n<li><a href=\"http:\/\/azalas.de\/nelkengewaechse-1\/\">Nelkengew\u00e4chse I: Caryophyllioideae<\/a><\/li>\n<li><a href=\"http:\/\/azalas.de\/nelkengewaechse-2\/\">Nelkengew\u00e4chse II: Paronychioideae und Alsinoideae<\/a><\/li>\n<li><a href=\"http:\/\/azalas.de\/mittagsblumengewaechse\/\">Mittagsblumengew\u00e4chse<\/a><\/li>\n<li><a href=\"http:\/\/azalas.de\/strandflieder\/\">Bleiwurzgew\u00e4chse (Strandflieder)<\/a><\/li>\n<li><a href=\"http:\/\/azalas.de\/frankenie\/\">Frankenien<\/a><\/li>\n<li><a href=\"http:\/\/azalas.de\/portulak\/\">Portulak<\/a><\/li>\n<li><a href=\"http:\/\/azalas.de\/fuchsschwanz\/\">Fuchsschwanzgew\u00e4chse<\/a><\/li>\n<li><a href=\"http:\/\/azalas.de\/knoeterichgewaechse\/\">Kn\u00f6terichgew\u00e4chse<\/a><\/li>\n<li><a href=\"http:\/\/azalas.de\/feigenkaktus\/\">Feigenkaktus<\/a><\/li>\n<li><a href=\"http:\/\/azalas.de\/sandelholzgewaechse\/\">Sandelholzgew\u00e4chse (Honigduftender Rutenstrauch und Leinblatt)<\/a><\/li>\n<li><a href=\"http:\/\/azalas.de\/dickblattgewaechse\/\">Dickblattgew\u00e4chse (Mauerpfeffer und Nabelkraut)<\/a><\/li>\n<li><a href=\"http:\/\/azalas.de\/steinbrech\/\">Steinbrech<\/a><\/li>\n<\/ul>\n<\/div>\n<hr>\n<h3>Foto\u00fcbersichten der Pflanzen von Naxos<\/h3>\n<ul>\n<li>\n<p>        <img decoding=\"async\" src=\"https:\/\/azalas.de\/wp-content\/uploads\/photos\/naxos\/flora\/fagaceae\/quercus_pubescens-1.jpg\" alt=\"\"><\/p>\n<h5>B\u00e4ume<\/h5>\n<p><a href=\"https:\/\/azalas.de\/fotouebersicht-baeume\/\"><\/a><\/p>\n<\/li>\n<li>\n<p>        <img decoding=\"async\" src=\"https:\/\/azalas.de\/wp-content\/uploads\/photos\/naxos\/flora\/lichens\/foliose_lichens_on_branch-1.jpg\" alt=\"\"><\/p>\n<h5>Pilze &#038; Flechten<\/h5>\n<p><a href=\"https:\/\/azalas.de\/de\/fotouebersicht-pilze-und-flechten\/\"><\/a><\/p>\n<\/li>\n<li>\n<p>        <img decoding=\"async\" src=\"https:\/\/azalas.de\/wp-content\/uploads\/photos\/naxos\/flora\/ferns\/cheilanthes_acrostica-1.jpg\" alt=\"\"><\/p>\n<h5>Farne u.a.<\/h5>\n<p><a href=\"https:\/\/azalas.de\/fotouebersicht-farne\/\"><\/a><\/p>\n<\/li>\n<li>\n<p>        <img decoding=\"async\" src=\"https:\/\/azalas.de\/wp-content\/uploads\/photos\/naxos\/flora\/iridaceae\/crocus_tournefortii-1.jpg\" alt=\"\"><\/p>\n<h5>Einkeimbl\u00e4ttrige<\/h5>\n<p><a href=\"https:\/\/azalas.de\/fotouebersicht-einkeimblaettrige\/\"><\/a><\/p>\n<\/li>\n<li>\n<p>        <img decoding=\"async\" src=\"https:\/\/azalas.de\/wp-content\/uploads\/photos\/naxos\/flora\/poaceae\/lamarckia_aurea-1.jpg\" alt=\"\"><\/p>\n<h5>Gr\u00e4ser<\/h5>\n<\/li>\n<li>\n<p>        <img decoding=\"async\" src=\"https:\/\/azalas.de\/wp-content\/uploads\/photos\/naxos\/flora\/orchidaceae\/anacamptis_papilionacea_flower-1.jpg\" alt=\"\"><\/p>\n<h5>Orchideen<\/h5>\n<p><a href=\"https:\/\/azalas.de\/fotouebersicht-orchideen\/\"><\/a><\/p>\n<\/li>\n<li>\n<p>        <img decoding=\"async\" src=\"https:\/\/azalas.de\/wp-content\/uploads\/photos\/naxos\/flora\/ranunculaceae\/ranunculus_ficaria-1.jpg\" alt=\"\"><\/p>\n<h5>Hahnenfu\u00dfartige u.a.<\/h5>\n<p><a href=\"https:\/\/azalas.de\/fotouebersicht-hahnenfussartige\/\"><\/a><\/p>\n<\/li>\n<li>\n<p>        <img decoding=\"async\" src=\"https:\/\/azalas.de\/wp-content\/uploads\/photos\/naxos\/flora\/hypericaceae\/hypericum_empetrifolium-1.jpg\" alt=\"\"><\/p>\n<h5>Johanniskrautartige u.a.<\/h5>\n<p><a href=\"https:\/\/azalas.de\/fotouebersicht-johanniskraut\/\"><\/a><\/p>\n<\/li>\n<li>\n<p>        <img decoding=\"async\" src=\"https:\/\/azalas.de\/wp-content\/uploads\/photos\/naxos\/flora\/fabaceae\/vicia_villosa_microphylla_detail-1.jpg\" alt=\"\"><\/p>\n<h5>Schmetterlingsbl\u00fctler<\/h5>\n<p><a href=\"https:\/\/azalas.de\/fotouebersicht-schmetterlingsbluetler\/\"><\/a><\/p>\n<\/li>\n<li>\n<p>        <img decoding=\"async\" src=\"https:\/\/azalas.de\/wp-content\/uploads\/photos\/naxos\/flora\/rosaceae\/rubus_sanctus_flower-1.jpg\" alt=\"\"><\/p>\n<h5>Rosenartige u.a.<\/h5>\n<p><a href=\"https:\/\/azalas.de\/fotouebersicht-rosenartige\/\"><\/a><\/p>\n<\/li>\n<li>\n<p>        <img decoding=\"async\" src=\"https:\/\/azalas.de\/wp-content\/uploads\/photos\/naxos\/flora\/brassicaceae\/erophila_verna-1.jpg\" alt=\"\"><\/p>\n<h5>Kreuzbl\u00fctler u.a.<\/h5>\n<p><a href=\"https:\/\/azalas.de\/fotouebersicht-kreuzbluetler\/\"><\/a><\/p>\n<\/li>\n<li>\n<p>        <img decoding=\"async\" src=\"https:\/\/azalas.de\/wp-content\/uploads\/photos\/naxos\/flora\/caryophyllaceae\/silene_colorata_flower-1.jpg\" alt=\"\"><\/p>\n<h5>Nelkengew\u00e4chse<\/h5>\n<p><a href=\"https:\/\/azalas.de\/fotouebersicht-nelkengewaechse\/\"><\/a><\/p>\n<\/li>\n<li>\n<p>        <img decoding=\"async\" src=\"https:\/\/azalas.de\/wp-content\/uploads\/photos\/naxos\/flora\/lamiaceae\/thymbra_capitata_detail-1.jpg\" alt=\"\"><\/p>\n<h5>Lippenbl\u00fctlerartige<\/h5>\n<p><a href=\"https:\/\/azalas.de\/fotouebersicht-lippenbluetlerartige\/\"><\/a><\/p>\n<\/li>\n<li>\n<p>        <img decoding=\"async\" src=\"https:\/\/azalas.de\/wp-content\/uploads\/photos\/naxos\/flora\/asteraceae\/matricaria_chamomilla-1.jpg\" alt=\"\"><\/p>\n<h5>Korbbl\u00fctler u.a.<\/h5>\n<p><a href=\"https:\/\/azalas.de\/fotouebersicht-korbbluetler\/\"><\/a><\/p>\n<\/li>\n<li>\n<p>        <img decoding=\"async\" src=\"https:\/\/azalas.de\/wp-content\/uploads\/photos\/naxos\/flora\/apiaceae\/daucus_carota-1.jpg\" alt=\"\"><\/p>\n<h5>Doldenbl\u00fctler<\/h5>\n<p><a href=\"https:\/\/azalas.de\/fotouebersicht-doldenbluetler\/\"><\/a><\/p>\n<\/li>\n<\/ul>\n<hr>\n<div><a href=\"https:\/\/azalas.de\/flora-von-naxos\/\">Zur Flora von Naxos<\/a><\/p>\n<p><a href=\"https:\/\/azalas.de\/inhaltsverzeichnis\/\">Zum Inhaltsverzeichnis<\/a>\n<\/div>\n<p><!--more--><br \/>\n<!-- {\"type\":\"layout\",\"children\":[{\"type\":\"section\",\"props\":{\"image_position\":\"center-center\",\"padding\":\"small\",\"padding_remove_bottom\":false,\"style\":\"default\",\"title_breakpoint\":\"xl\",\"title_position\":\"top-left\",\"title_rotation\":\"left\",\"vertical_align\":\"\",\"width\":\"default\"},\"children\":[{\"type\":\"row\",\"props\":{\"margin_remove_bottom\":false},\"children\":[{\"type\":\"column\",\"props\":{\"image_position\":\"center-center\",\"position_sticky_breakpoint\":\"m\"},\"children\":[{\"type\":\"headline\",\"props\":{\"content\":\"Foto\\u00fcbersicht \\\"Nelkenartige\\\"\",\"content_en_gb\":\"Photo gallery \\\"Caryophyllales\\\"\",\"title_element\":\"h1\"}},{\"type\":\"text\",\"props\":{\"column_breakpoint\":\"m\",\"content\":\"\n\n<h3>plus Steinbrechartige und Sandelholzartige<\\\/h3>\",\"content_en_gb\":\"\n\n<h3>plus Saxifragales and Santalales<\\\/h3>\",\"margin\":\"default\"}}]}]}],\"name\":\"Seitenname\"},{\"type\":\"section\",\"props\":{\"image_position\":\"center-center\",\"style\":\"default\",\"title_breakpoint\":\"xl\",\"title_position\":\"top-left\",\"title_rotation\":\"left\",\"vertical_align\":\"\",\"width\":\"default\"},\"children\":[{\"type\":\"row\",\"children\":[{\"type\":\"column\",\"props\":{\"image_position\":\"center-center\",\"position_sticky_breakpoint\":\"m\"},\"children\":[{\"type\":\"text\",\"props\":{\"column_breakpoint\":\"m\",\"content\":\"<a href=\\\"#Links\\\">Hier geht es direkt zu den Links zu den ausf\\u00fchrlichen Beitr\\u00e4gen (am Seitenende).<\\\/a>\\n\n\n<p>Zum \\u00d6ffnen als Diashow auf die Fotos klicken!<\\\/p>\",\"content_en_gb\":\"<a href=\\\"#Links\\\">Click here to go to the links to the detailed articles (bottom of the page).<\\\/a>\\n\n\n<p>To open as slideshow click on the photos!<\\\/p>\",\"margin\":\"default\"}}]}]}]},{\"type\":\"section\",\"props\":{\"image_position\":\"center-center\",\"padding_remove_bottom\":false,\"padding_remove_top\":true,\"style\":\"default\",\"title_breakpoint\":\"xl\",\"title_position\":\"top-left\",\"title_rotation\":\"left\",\"vertical_align\":\"\",\"width\":\"default\"},\"children\":[{\"type\":\"row\",\"children\":[{\"type\":\"column\",\"props\":{\"image_position\":\"center-center\",\"position_sticky_breakpoint\":\"m\"},\"children\":[{\"type\":\"gallery\",\"props\":{\"filter_align\":\"left\",\"filter_all\":true,\"filter_grid_breakpoint\":\"m\",\"filter_grid_width\":\"auto\",\"filter_position\":\"top\",\"filter_style\":\"tab\",\"grid_column_gap\":\"small\",\"grid_default\":\"1\",\"grid_large\":\"3\",\"grid_medium\":\"2\",\"grid_row_gap\":\"medium\",\"grid_small\":\"1\",\"grid_xlarge\":\"4\",\"image_height\":\"375\",\"image_loading\":true,\"image_width\":\"500\",\"item_animation\":true,\"lightbox\":true,\"lightbox_bg_close\":true,\"link_fullwidth\":true,\"link_margin\":\"remove\",\"link_size\":\"small\",\"link_style\":\"default\",\"link_text\":\"\",\"margin\":\"default\",\"meta_align\":\"below-title\",\"meta_element\":\"div\",\"meta_style\":\"text-meta\",\"overlay_hover\":false,\"overlay_link\":true,\"overlay_mode\":\"caption\",\"overlay_padding\":\"small\",\"overlay_position\":\"bottom\",\"overlay_style\":\"overlay-primary\",\"overlay_transition\":\"fade\",\"show_content\":false,\"show_hover_image\":true,\"show_hover_video\":true,\"show_link\":true,\"show_meta\":false,\"show_title\":true,\"text_align\":\"center\",\"text_color\":\"light\",\"title_element\":\"div\",\"title_hover_style\":\"reset\",\"title_margin\":\"small\",\"title_style\":\"h5\"},\"children\":[{\"type\":\"gallery_item\",\"props\":{\"image\":\"http:\\\/\\\/azalas.de\\\/wp-content\\\/uploads\\\/photos\\\/naxos\\\/flora\\\/caryophyllaceae\\\/agrostemma_githago_detail-1.jpg\",\"title\":\"Agrostemma githago\"}},{\"type\":\"gallery_item\",\"props\":{\"image\":\"http:\\\/\\\/azalas.de\\\/wp-content\\\/uploads\\\/photos\\\/naxos\\\/flora\\\/caryophyllaceae\\\/petrorhagia_dubia_detail-1.jpg\",\"title\":\"Petrorhagia dubia\"}},{\"type\":\"gallery_item\",\"props\":{\"image\":\"http:\\\/\\\/azalas.de\\\/wp-content\\\/uploads\\\/photos\\\/naxos\\\/flora\\\/caryophyllaceae\\\/petrorhagia_armerioides_flower-1.jpg\",\"title\":\"Petrorhagia armerioides\"}},{\"type\":\"gallery_item\",\"props\":{\"image\":\"http:\\\/\\\/azalas.de\\\/wp-content\\\/uploads\\\/photos\\\/naxos\\\/flora\\\/caryophyllaceae\\\/bolanthus_graecus_detail-2.jpg\",\"title\":\"Bolanthus graecus\"}},{\"type\":\"gallery_item\",\"props\":{\"image\":\"http:\\\/\\\/azalas.de\\\/wp-content\\\/uploads\\\/photos\\\/naxos\\\/flora\\\/caryophyllaceae\\\/silene_behen_detail-1.jpg\",\"title\":\"Silene behen\"}},{\"type\":\"gallery_item\",\"props\":{\"image\":\"http:\\\/\\\/azalas.de\\\/wp-content\\\/uploads\\\/photos\\\/naxos\\\/flora\\\/caryophyllaceae\\\/silene_colorata_flower-1.jpg\",\"title\":\"Silene colorata\"}},{\"type\":\"gallery_item\",\"props\":{\"image\":\"http:\\\/\\\/azalas.de\\\/wp-content\\\/uploads\\\/photos\\\/naxos\\\/flora\\\/caryophyllaceae\\\/silene_cretica_detail-1.jpg\",\"title\":\"Silene cretica\"}},{\"type\":\"gallery_item\",\"props\":{\"image\":\"http:\\\/\\\/azalas.de\\\/wp-content\\\/uploads\\\/photos\\\/naxos\\\/flora\\\/caryophyllaceae\\\/silene_cythnia_flower-1.jpg\",\"title\":\"Silene cythnia\"}},{\"type\":\"gallery_item\",\"props\":{\"image\":\"http:\\\/\\\/azalas.de\\\/wp-content\\\/uploads\\\/photos\\\/naxos\\\/flora\\\/caryophyllaceae\\\/silene_sartorii_detail-1.jpg\",\"title\":\"Silene sartorii\"}},{\"type\":\"gallery_item\",\"props\":{\"image\":\"http:\\\/\\\/azalas.de\\\/wp-content\\\/uploads\\\/photos\\\/naxos\\\/flora\\\/caryophyllaceae\\\/silene_sedoides-1.jpg\",\"title\":\"Silene sedoides\"}},{\"type\":\"gallery_item\",\"props\":{\"image\":\"http:\\\/\\\/azalas.de\\\/wp-content\\\/uploads\\\/photos\\\/naxos\\\/flora\\\/caryophyllaceae\\\/silene_nocturna_detail-1.jpg\",\"title\":\"Silene nocturna\"}},{\"type\":\"gallery_item\",\"props\":{\"image\":\"http:\\\/\\\/azalas.de\\\/wp-content\\\/uploads\\\/photos\\\/naxos\\\/flora\\\/caryophyllaceae\\\/silene_gallica_detail-1.jpg\",\"title\":\"Silene gallica\"}},{\"type\":\"gallery_item\",\"props\":{\"image\":\"http:\\\/\\\/azalas.de\\\/wp-content\\\/uploads\\\/photos\\\/naxos\\\/flora\\\/caryophyllaceae\\\/silene_gallica_quinquevulnera_detail-1.jpg\",\"title\":\"Silene gallica quinquevulnera\"}},{\"type\":\"gallery_item\",\"props\":{\"image\":\"http:\\\/\\\/azalas.de\\\/wp-content\\\/uploads\\\/photos\\\/naxos\\\/flora\\\/caryophyllaceae\\\/silene_italica-1.jpg\",\"title\":\"Silene italica\"}},{\"type\":\"gallery_item\",\"props\":{\"image\":\"http:\\\/\\\/azalas.de\\\/wp-content\\\/uploads\\\/photos\\\/naxos\\\/flora\\\/caryophyllaceae\\\/silene_italica_flower-1.jpg\",\"title\":\"Silene italica\"}},{\"type\":\"gallery_item\",\"props\":{\"image\":\"http:\\\/\\\/azalas.de\\\/wp-content\\\/uploads\\\/photos\\\/naxos\\\/flora\\\/caryophyllaceae\\\/silene_vulgaris-1.jpg\",\"title\":\"Silene vulgaris\"}},{\"type\":\"gallery_item\",\"props\":{\"image\":\"http:\\\/\\\/azalas.de\\\/wp-content\\\/uploads\\\/photos\\\/naxos\\\/flora\\\/caryophyllaceae\\\/dianthus_diffusus_detail-1.jpg\",\"title\":\"Dianthus diffusus\"}},{\"type\":\"gallery_item\",\"props\":{\"image\":\"http:\\\/\\\/azalas.de\\\/wp-content\\\/uploads\\\/photos\\\/naxos\\\/flora\\\/caryophyllaceae\\\/dianthus_tripunctatus_flower-1.jpg\",\"title\":\"Dianthus tripunctatus\"}},{\"type\":\"gallery_item\",\"props\":{\"image\":\"http:\\\/\\\/azalas.de\\\/wp-content\\\/uploads\\\/photos\\\/naxos\\\/flora\\\/caryophyllaceae\\\/dianthus_cinnamomeus_flower-1.jpg\",\"title\":\"Dianthus cinnamomeus\"}},{\"type\":\"gallery_item\",\"props\":{\"image\":\"http:\\\/\\\/azalas.de\\\/wp-content\\\/uploads\\\/photos\\\/naxos\\\/flora\\\/caryophyllaceae\\\/dianthus_monadelphus_pallens_flower-1.jpg\",\"title\":\"Dianthus monadelphus pallens\"}},{\"type\":\"gallery_item\",\"props\":{\"image\":\"http:\\\/\\\/azalas.de\\\/wp-content\\\/uploads\\\/photos\\\/naxos\\\/flora\\\/caryophyllaceae\\\/vaccaria_hispanica_flower-1.jpg\",\"title\":\"Vaccaria hispanica\"}},{\"type\":\"gallery_item\",\"props\":{\"image\":\"http:\\\/\\\/azalas.de\\\/wp-content\\\/uploads\\\/photos\\\/naxos\\\/flora\\\/caryophyllaceae\\\/velezia_rigida_detail-1.jpg\",\"title\":\"Velezia rigida\"}},{\"type\":\"gallery_item\",\"props\":{\"image\":\"http:\\\/\\\/azalas.de\\\/wp-content\\\/uploads\\\/photos\\\/naxos\\\/flora\\\/caryophyllaceae\\\/velezia_quadridentata-2.jpg\",\"title\":\"Velezia quadridentata\"}},{\"type\":\"gallery_item\",\"props\":{\"image\":\"http:\\\/\\\/azalas.de\\\/wp-content\\\/uploads\\\/photos\\\/naxos\\\/flora\\\/caryophyllaceae\\\/herniaria_hirsuta-1.jpg\",\"title\":\"Herniaria hirsuta\"}},{\"type\":\"gallery_item\",\"props\":{\"image\":\"http:\\\/\\\/azalas.de\\\/wp-content\\\/uploads\\\/photos\\\/naxos\\\/flora\\\/caryophyllaceae\\\/corrigiola_litoralis-1.jpg\",\"title\":\"Corrigiola litoralis\"}},{\"type\":\"gallery_item\",\"props\":{\"image\":\"http:\\\/\\\/azalas.de\\\/wp-content\\\/uploads\\\/photos\\\/naxos\\\/flora\\\/caryophyllaceae\\\/illecebrum_verticillatum_detail-1.jpg\",\"title\":\"Illecebrum verticillatum\"}},{\"type\":\"gallery_item\",\"props\":{\"image\":\"http:\\\/\\\/azalas.de\\\/wp-content\\\/uploads\\\/photos\\\/naxos\\\/flora\\\/caryophyllaceae\\\/paronychia_argentea_detail-1.jpg\",\"title\":\"Paronychia argentea\"}},{\"type\":\"gallery_item\",\"props\":{\"image\":\"http:\\\/\\\/azalas.de\\\/wp-content\\\/uploads\\\/photos\\\/naxos\\\/flora\\\/caryophyllaceae\\\/paronychia_macrosepala-1.jpg\",\"title\":\"Paronychia macrosepala\"}},{\"type\":\"gallery_item\",\"props\":{\"image\":\"http:\\\/\\\/azalas.de\\\/wp-content\\\/uploads\\\/photos\\\/naxos\\\/flora\\\/caryophyllaceae\\\/paronychia_echinulata-1.jpg\",\"title\":\"Paronychia echinulata\"}},{\"type\":\"gallery_item\",\"props\":{\"image\":\"http:\\\/\\\/azalas.de\\\/wp-content\\\/uploads\\\/photos\\\/naxos\\\/flora\\\/caryophyllaceae\\\/polycarpon_tetraphyllum-1.jpg\",\"title\":\"Polycarpon tetraphyllum\"}},{\"type\":\"gallery_item\",\"props\":{\"image\":\"http:\\\/\\\/azalas.de\\\/wp-content\\\/uploads\\\/photos\\\/naxos\\\/flora\\\/caryophyllaceae\\\/scleranthus_perennis-1.jpg\",\"title\":\"Scleranthus perennis\"}},{\"type\":\"gallery_item\",\"props\":{\"image\":\"wp-content\\\/uploads\\\/photos\\\/naxos\\\/flora\\\/caryophyllaceae\\\/spergula_arvensis_detail-1.jpg\",\"title\":\"Spergula arvensis\"}},{\"type\":\"gallery_item\",\"props\":{\"image\":\"http:\\\/\\\/azalas.de\\\/wp-content\\\/uploads\\\/photos\\\/naxos\\\/flora\\\/caryophyllaceae\\\/spergularia_bocconei_detail-1.jpg\",\"title\":\"Spergularia bocconei\"}},{\"type\":\"gallery_item\",\"props\":{\"image\":\"http:\\\/\\\/azalas.de\\\/wp-content\\\/uploads\\\/photos\\\/naxos\\\/flora\\\/caryophyllaceae\\\/spergularia_marina_detail-1.jpg\",\"title\":\"Spergularia marina\"}},{\"type\":\"gallery_item\",\"props\":{\"image\":\"http:\\\/\\\/azalas.de\\\/wp-content\\\/uploads\\\/photos\\\/naxos\\\/flora\\\/caryophyllaceae\\\/minuartia_mesogitana-1.jpg\",\"title\":\"Minuartia mesogitana\"}},{\"type\":\"gallery_item\",\"props\":{\"image\":\"http:\\\/\\\/azalas.de\\\/wp-content\\\/uploads\\\/photos\\\/naxos\\\/flora\\\/caryophyllaceae\\\/minuartia_attica-1.jpg\",\"title\":\"Minuartia attica\"}},{\"type\":\"gallery_item\",\"props\":{\"image\":\"http:\\\/\\\/azalas.de\\\/wp-content\\\/uploads\\\/photos\\\/naxos\\\/flora\\\/caryophyllaceae\\\/minuartia_hybrida-1.jpg\",\"title\":\"Minuartia hybrida\"}},{\"type\":\"gallery_item\",\"props\":{\"image\":\"http:\\\/\\\/azalas.de\\\/wp-content\\\/uploads\\\/photos\\\/naxos\\\/flora\\\/caryophyllaceae\\\/minuartia_mediterranea-1.jpg\",\"title\":\"Minuartia mediterranea\"}},{\"type\":\"gallery_item\",\"props\":{\"image\":\"http:\\\/\\\/azalas.de\\\/wp-content\\\/uploads\\\/photos\\\/naxos\\\/flora\\\/caryophyllaceae\\\/sagina_apetala-1.jpg\",\"title\":\"Sagina apetala\"}},{\"type\":\"gallery_item\",\"props\":{\"image\":\"wp-content\\\/uploads\\\/photos\\\/naxos\\\/flora\\\/caryophyllaceae\\\/sagina_maritima-2.jpg\",\"title\":\"Sagina maritima\"}},{\"type\":\"gallery_item\",\"props\":{\"image\":\"http:\\\/\\\/azalas.de\\\/wp-content\\\/uploads\\\/photos\\\/naxos\\\/flora\\\/caryophyllaceae\\\/arenaria_leptoclados_detail-1.jpg\",\"title\":\"Arenaria leptoclados\"}},{\"type\":\"gallery_item\",\"props\":{\"image\":\"http:\\\/\\\/azalas.de\\\/wp-content\\\/uploads\\\/photos\\\/naxos\\\/flora\\\/caryophyllaceae\\\/moenchia_graeca-2.jpg\",\"title\":\"Moenchia graeca\"}},{\"type\":\"gallery_item\",\"props\":{\"image\":\"http:\\\/\\\/azalas.de\\\/wp-content\\\/uploads\\\/photos\\\/naxos\\\/flora\\\/caryophyllaceae\\\/cerastium_comatum-1.jpg\",\"title\":\"Cerastium comatum\"}},{\"type\":\"gallery_item\",\"props\":{\"image\":\"http:\\\/\\\/azalas.de\\\/wp-content\\\/uploads\\\/photos\\\/naxos\\\/flora\\\/caryophyllaceae\\\/cerastium_glomeratum-1.jpg\",\"title\":\"Cerastium glomeratum\"}},{\"type\":\"gallery_item\",\"props\":{\"image\":\"http:\\\/\\\/azalas.de\\\/wp-content\\\/uploads\\\/photos\\\/naxos\\\/flora\\\/caryophyllaceae\\\/stellaria_cupaniana_detail-1.jpg\",\"title\":\"Stellaria cupaniana\"}},{\"type\":\"gallery_item\",\"props\":{\"image\":\"http:\\\/\\\/azalas.de\\\/wp-content\\\/uploads\\\/photos\\\/naxos\\\/flora\\\/caryophyllaceae\\\/stellaria_media_detail-1.jpg\",\"title\":\"Stellaria media\"}},{\"type\":\"gallery_item\",\"props\":{\"image\":\"wp-content\\\/uploads\\\/photos\\\/naxos\\\/flora\\\/aizoaceae\\\/aptenia_cordifolia_detail-1.jpg\",\"title\":\"Aptenia cordifolia\"}},{\"type\":\"gallery_item\",\"props\":{\"image\":\"wp-content\\\/uploads\\\/photos\\\/naxos\\\/flora\\\/aizoaceae\\\/carpobrotus_edulis-3.jpg\",\"title\":\"Carpobrotus edulis\"}},{\"type\":\"gallery_item\",\"props\":{\"image\":\"wp-content\\\/uploads\\\/photos\\\/naxos\\\/flora\\\/aizoaceae\\\/carpobrotus_edulis_detail-1.jpg\",\"title\":\"Carpobrotus edulis\"}},{\"type\":\"gallery_item\",\"props\":{\"image\":\"wp-content\\\/uploads\\\/photos\\\/naxos\\\/flora\\\/aizoaceae\\\/malephora_purpureocrocea-3.jpg\",\"title\":\"Malephora purpureocrocea\"}},{\"type\":\"gallery_item\",\"props\":{\"image\":\"wp-content\\\/uploads\\\/photos\\\/naxos\\\/flora\\\/aizoaceae\\\/mesembryanthemum_nodiflorum_detail-1.jpg\",\"title\":\"Mesembryanthemum nodiflorum\"}},{\"type\":\"gallery_item\",\"props\":{\"image\":\"http:\\\/\\\/azalas.de\\\/wp-content\\\/uploads\\\/photos\\\/naxos\\\/flora\\\/plumbaginaceae\\\/limonium_sinuatum-1.jpg\",\"title\":\"Limonium sinuatum\"}},{\"type\":\"gallery_item\",\"props\":{\"image\":\"http:\\\/\\\/azalas.de\\\/wp-content\\\/uploads\\\/photos\\\/naxos\\\/flora\\\/plumbaginaceae\\\/limonium_echioides_detail-1.jpg\",\"title\":\"Limonium echioides\"}},{\"type\":\"gallery_item\",\"props\":{\"image\":\"http:\\\/\\\/azalas.de\\\/wp-content\\\/uploads\\\/photos\\\/naxos\\\/flora\\\/plumbaginaceae\\\/limonium_roridum_detail-1.jpg\",\"title\":\"Limonium roridum\"}},{\"type\":\"gallery_item\",\"props\":{\"image\":\"http:\\\/\\\/azalas.de\\\/wp-content\\\/uploads\\\/photos\\\/naxos\\\/flora\\\/frankeniaceae\\\/frankenia_hirsuta_flower-1.jpg\",\"title\":\"Frankenia hirsuta\"}},{\"type\":\"gallery_item\",\"props\":{\"image\":\"http:\\\/\\\/azalas.de\\\/wp-content\\\/uploads\\\/photos\\\/naxos\\\/flora\\\/frankeniaceae\\\/frankenia_pulverulenta-1.jpg\",\"title\":\"Frankenia pulverulenta\"}},{\"type\":\"gallery_item\",\"props\":{\"image\":\"http:\\\/\\\/azalas.de\\\/wp-content\\\/uploads\\\/photos\\\/naxos\\\/flora\\\/portulacaceae\\\/portulaca_oleracea_detail-1.jpg\",\"title\":\"Portulaca oleracea\"}},{\"type\":\"gallery_item\",\"props\":{\"image\":\"http:\\\/\\\/azalas.de\\\/wp-content\\\/uploads\\\/photos\\\/naxos\\\/flora\\\/amaranthaceae\\\/amaranthus_albus-1.jpg\",\"title\":\"Amaranthus albus\"}},{\"type\":\"gallery_item\",\"props\":{\"image\":\"http:\\\/\\\/azalas.de\\\/wp-content\\\/uploads\\\/photos\\\/naxos\\\/flora\\\/amaranthaceae\\\/amaranthus_blitoides-1.jpg\",\"title\":\"Amaranthus blitoides\"}},{\"type\":\"gallery_item\",\"props\":{\"image\":\"http:\\\/\\\/azalas.de\\\/wp-content\\\/uploads\\\/photos\\\/naxos\\\/flora\\\/amaranthaceae\\\/amaranthus_cruentus-1.jpg\",\"title\":\"Amaranthus cruentus\"}},{\"type\":\"gallery_item\",\"props\":{\"image\":\"http:\\\/\\\/azalas.de\\\/wp-content\\\/uploads\\\/photos\\\/naxos\\\/flora\\\/amaranthaceae\\\/amaranthus_hybridus_detail-1.jpg\",\"title\":\"Amaranthus hybridus\"}},{\"type\":\"gallery_item\",\"props\":{\"image\":\"http:\\\/\\\/azalas.de\\\/wp-content\\\/uploads\\\/photos\\\/naxos\\\/flora\\\/amaranthaceae\\\/amaranthus_viridis-1.jpg\",\"title\":\"Amaranthus viridis\"}},{\"type\":\"gallery_item\",\"props\":{\"image\":\"http:\\\/\\\/azalas.de\\\/wp-content\\\/uploads\\\/photos\\\/naxos\\\/flora\\\/polygonaceae\\\/persicaria_lapathifolia-1.jpg\",\"title\":\"Persicaria lapathifolia\"}},{\"type\":\"gallery_item\",\"props\":{\"image\":\"http:\\\/\\\/azalas.de\\\/wp-content\\\/uploads\\\/photos\\\/naxos\\\/flora\\\/polygonaceae\\\/rumex_acetosella_flower-1.jpg\",\"title\":\"Rumex acetosella\"}},{\"type\":\"gallery_item\",\"props\":{\"image\":\"http:\\\/\\\/azalas.de\\\/wp-content\\\/uploads\\\/photos\\\/naxos\\\/flora\\\/polygonaceae\\\/rumex_bucephalophorus-1.jpg\",\"title\":\"Rumex bucephalophorus\"}},{\"type\":\"gallery_item\",\"props\":{\"image\":\"http:\\\/\\\/azalas.de\\\/wp-content\\\/uploads\\\/photos\\\/naxos\\\/flora\\\/polygonaceae\\\/rumex_conglomeratus_detail-1.jpg\",\"title\":\"Rumex conglomeratus\"}},{\"type\":\"gallery_item\",\"props\":{\"image\":\"http:\\\/\\\/azalas.de\\\/wp-content\\\/uploads\\\/photos\\\/naxos\\\/flora\\\/polygonaceae\\\/rumex_pulcher_anodontus_detail-1.jpg\",\"title\":\"Rumex pulcher anodontus\"}},{\"type\":\"gallery_item\",\"props\":{\"image\":\"http:\\\/\\\/azalas.de\\\/wp-content\\\/uploads\\\/photos\\\/naxos\\\/flora\\\/polygonaceae\\\/rumex_tuberosus-1.jpg\",\"title\":\"Rumex tuberosus\"}},{\"type\":\"gallery_item\",\"props\":{\"image\":\"http:\\\/\\\/azalas.de\\\/wp-content\\\/uploads\\\/photos\\\/naxos\\\/flora\\\/polygonaceae\\\/polygonum_aviculare-1.jpg\",\"title\":\"Polygonum aviculare\"}},{\"type\":\"gallery_item\",\"props\":{\"image\":\"http:\\\/\\\/azalas.de\\\/wp-content\\\/uploads\\\/photos\\\/naxos\\\/flora\\\/polygonaceae\\\/polygonum_maritimum-1.jpg\",\"title\":\"Polygonum maritimum\"}},{\"type\":\"gallery_item\",\"props\":{\"image\":\"http:\\\/\\\/azalas.de\\\/wp-content\\\/uploads\\\/photos\\\/naxos\\\/flora\\\/cactaceae\\\/opuntia_ficus_indica-1.jpg\",\"title\":\"Opuntia ficus-indica\"}},{\"type\":\"gallery_item\",\"props\":{\"image\":\"http:\\\/\\\/azalas.de\\\/wp-content\\\/uploads\\\/photos\\\/naxos\\\/flora\\\/santalaceae\\\/osyris_alba-1.jpg\",\"title\":\"Osyris alba\"}},{\"type\":\"gallery_item\",\"props\":{\"image\":\"http:\\\/\\\/azalas.de\\\/wp-content\\\/uploads\\\/photos\\\/naxos\\\/flora\\\/santalaceae\\\/thesium_bergeri_detail-1.jpg\",\"title\":\"Thesium bergeri\"}},{\"type\":\"gallery_item\",\"props\":{\"image\":\"wp-content\\\/uploads\\\/photos\\\/naxos\\\/flora\\\/crassulaceae\\\/crassula_tillaea-1.jpg\",\"title\":\"Crassula tillaea\"}},{\"type\":\"gallery_item\",\"props\":{\"image\":\"http:\\\/\\\/azalas.de\\\/wp-content\\\/uploads\\\/photos\\\/naxos\\\/flora\\\/crassulaceae\\\/sedum_amplexicaule_flower-1.jpg\",\"title\":\"Sedum amplexicaule\"}},{\"type\":\"gallery_item\",\"props\":{\"image\":\"http:\\\/\\\/azalas.de\\\/wp-content\\\/uploads\\\/photos\\\/naxos\\\/flora\\\/crassulaceae\\\/sedum_eriocarpum-1.jpg\",\"title\":\"Sedum eriocarpum\"}},{\"type\":\"gallery_item\",\"props\":{\"image\":\"http:\\\/\\\/azalas.de\\\/wp-content\\\/uploads\\\/photos\\\/naxos\\\/flora\\\/crassulaceae\\\/sedum_hispanicum-2.jpg\",\"title\":\"Sedum hispanicum\"}},{\"type\":\"gallery_item\",\"props\":{\"image\":\"http:\\\/\\\/azalas.de\\\/wp-content\\\/uploads\\\/photos\\\/naxos\\\/flora\\\/crassulaceae\\\/sedum_litoreum-2.jpg\",\"title\":\"Sedum litoreum\"}},{\"type\":\"gallery_item\",\"props\":{\"image\":\"http:\\\/\\\/azalas.de\\\/wp-content\\\/uploads\\\/photos\\\/naxos\\\/flora\\\/crassulaceae\\\/sedum_rubens-1.jpg\",\"title\":\"Sedum rubens\"}},{\"type\":\"gallery_item\",\"props\":{\"image\":\"http:\\\/\\\/azalas.de\\\/wp-content\\\/uploads\\\/photos\\\/naxos\\\/flora\\\/crassulaceae\\\/umbilicus_rupestris-1.jpg\",\"title\":\"Umbilicus rupestris\"}},{\"type\":\"gallery_item\",\"props\":{\"image\":\"http:\\\/\\\/azalas.de\\\/wp-content\\\/uploads\\\/photos\\\/naxos\\\/flora\\\/crassulaceae\\\/umbilicus_horizontalis-1.jpg\",\"title\":\"Umbilicus horizontalis\"}},{\"type\":\"gallery_item\",\"props\":{\"image\":\"http:\\\/\\\/azalas.de\\\/wp-content\\\/uploads\\\/photos\\\/naxos\\\/flora\\\/crassulaceae\\\/umbilicus_parviflorus-1.jpg\",\"title\":\"Umbilicus parviflorus\"}},{\"type\":\"gallery_item\",\"props\":{\"image\":\"http:\\\/\\\/azalas.de\\\/wp-content\\\/uploads\\\/photos\\\/naxos\\\/flora\\\/saxifragaceae\\\/saxifraga_graeca-1.jpg\",\"title\":\"Saxifraga graeca\"}},{\"type\":\"gallery_item\",\"props\":{\"image\":\"http:\\\/\\\/azalas.de\\\/wp-content\\\/uploads\\\/photos\\\/naxos\\\/flora\\\/saxifragaceae\\\/saxifraga_hederacea-1.jpg\",\"title\":\"Saxifraga hederacea\"}}]}]}]}],\"name\":\"Foto\\u00fcbersicht Pflanzen\"},{\"type\":\"section\",\"props\":{\"image_position\":\"center-center\",\"padding\":\"small\",\"style\":\"default\",\"title_breakpoint\":\"xl\",\"title_position\":\"top-left\",\"title_rotation\":\"left\",\"vertical_align\":\"\",\"width\":\"default\"},\"children\":[{\"type\":\"row\",\"children\":[{\"type\":\"column\",\"props\":{\"image_position\":\"center-center\",\"position_sticky_breakpoint\":\"m\"},\"children\":[{\"type\":\"divider\",\"props\":{\"divider_element\":\"hr\"}},{\"type\":\"text\",\"props\":{\"column_breakpoint\":\"m\",\"content\":\"<a name=\\\"Links\\\"><font color=\\\"#ffffff\\\">Links<\\\/font><\\\/a>\\n\n\n<p>Zur ausf\\u00fchrlichen Beschreibung der Arten:<\\\/p>\\n\n\n<ul>\\n\\t\n\n<li><a href=\\\"http:\\\/\\\/azalas.de\\\/nelkengewaechse-1\\\/\\\">Nelkengew\\u00e4chse I: Caryophyllioideae<\\\/a><\\\/li>\\n\\t\n\n<li><a href=\\\"http:\\\/\\\/azalas.de\\\/nelkengewaechse-2\\\/\\\">Nelkengew\\u00e4chse II: Paronychioideae und Alsinoideae<\\\/a><\\\/li>\\n    \\t\n\n<li><a href=\\\"http:\\\/\\\/azalas.de\\\/mittagsblumengewaechse\\\/\\\">Mittagsblumengew\\u00e4chse<\\\/a><\\\/li>\\n\\t\n\n<li><a href=\\\"http:\\\/\\\/azalas.de\\\/strandflieder\\\/\\\">Bleiwurzgew\\u00e4chse (Strandflieder)<\\\/a><\\\/li>\\n\\t\n\n<li><a href=\\\"http:\\\/\\\/azalas.de\\\/frankenie\\\/\\\">Frankenien<\\\/a><\\\/li>\\n\\t\n\n<li><a href=\\\"http:\\\/\\\/azalas.de\\\/portulak\\\/\\\">Portulak<\\\/a><\\\/li>\\n\\t\n\n<li><a href=\\\"http:\\\/\\\/azalas.de\\\/fuchsschwanz\\\/\\\">Fuchsschwanzgew\\u00e4chse<\\\/a><\\\/li>\\n\\t\n\n<li><a href=\\\"http:\\\/\\\/azalas.de\\\/knoeterichgewaechse\\\/\\\">Kn\\u00f6terichgew\\u00e4chse<\\\/a><\\\/li>\\n\\t\n\n<li><a href=\\\"http:\\\/\\\/azalas.de\\\/feigenkaktus\\\/\\\">Feigenkaktus<\\\/a><\\\/li>\\n\\t\n\n<li><a href=\\\"http:\\\/\\\/azalas.de\\\/sandelholzgewaechse\\\/\\\">Sandelholzgew\\u00e4chse (Honigduftender Rutenstrauch und Leinblatt)<\\\/a><\\\/li>\\n\\t\n\n<li><a href=\\\"http:\\\/\\\/azalas.de\\\/dickblattgewaechse\\\/\\\">Dickblattgew\\u00e4chse (Mauerpfeffer und Nabelkraut)<\\\/a><\\\/li>\\n\\t\n\n<li><a href=\\\"http:\\\/\\\/azalas.de\\\/steinbrech\\\/\\\">Steinbrech<\\\/a><\\\/li>\\n<\\\/ul>\",\"content_en_gb\":\"<a name=\\\"Links\\\"><font color=\\\"#ffffff\\\">Links<\\\/font><\\\/a>\\n\n\n<p>For details see here (only in german):<\\\/p>\\n\n\n<ul>\\n\\t\n\n<li><a href=\\\"http:\\\/\\\/azalas.de\\\/nelkengewaechse-1\\\/\\\">Caryophyllioideae<\\\/a><\\\/li>\\n\\t\n\n<li><a href=\\\"http:\\\/\\\/azalas.de\\\/nelkengewaechse-2\\\/\\\">Paronychioideae and Alsinoideae<\\\/a><\\\/li>\\n    \n\n<li><a href=\\\"http:\\\/\\\/azalas.de\\\/mittagsblumengewaechse\\\/\\\">Aizoaceae<\\\/a><\\\/li>\\n\\t\n\n<li><a href=\\\"http:\\\/\\\/azalas.de\\\/strandflieder\\\/\\\">Limonium<\\\/a><\\\/li>\\n\\t\n\n<li><a href=\\\"http:\\\/\\\/azalas.de\\\/frankenie\\\/\\\">Frankenia<\\\/a><\\\/li>\\n\\t\n\n<li><a href=\\\"http:\\\/\\\/azalas.de\\\/portulak\\\/\\\">Portulaca oleracea<\\\/a><\\\/li>\\n\\t\n\n<li><a href=\\\"http:\\\/\\\/azalas.de\\\/fuchsschwanz\\\/\\\">Amaranthus<\\\/a><\\\/li>\\n\\t\n\n<li><a href=\\\"http:\\\/\\\/azalas.de\\\/knoeterichgewaechse\\\/\\\">Polygonaceae<\\\/a><\\\/li>\\n\\t\n\n<li><a href=\\\"http:\\\/\\\/azalas.de\\\/feigenkaktus\\\/\\\">Opuntia ficus-indica<\\\/a><\\\/li>\\n\\t\n\n<li><a href=\\\"http:\\\/\\\/azalas.de\\\/sandelholzgewaechse\\\/\\\">Santalaceae (Osyris and Thesium)<\\\/a><\\\/li>\\n\\t\n\n<li><a href=\\\"http:\\\/\\\/azalas.de\\\/dickblattgewaechse\\\/\\\">Crassulaceae<\\\/a><\\\/li>\\n\\t\n\n<li><a href=\\\"http:\\\/\\\/azalas.de\\\/steinbrech\\\/\\\">Saxifraga<\\\/a><\\\/li>\\n<\\\/ul>\",\"margin\":\"default\"}}]}]}],\"name\":\"Links Foto\\u00fcbersicht\"},{\"type\":\"section\",\"props\":{\"image_position\":\"center-center\",\"style\":\"default\",\"title_breakpoint\":\"xl\",\"title_position\":\"top-left\",\"title_rotation\":\"left\",\"vertical_align\":\"middle\",\"width\":\"default\"},\"children\":[{\"type\":\"row\",\"children\":[{\"type\":\"column\",\"props\":{\"image_position\":\"center-center\",\"position_sticky_breakpoint\":\"m\"},\"children\":[{\"type\":\"divider\",\"props\":{\"divider_element\":\"hr\"}},{\"type\":\"headline\",\"props\":{\"content\":\"Foto\\u00fcbersichten der Pflanzen von Naxos\",\"content_en_gb\":\"Photo galleries of the plants of Naxos\",\"title_element\":\"h3\"}},{\"type\":\"grid\",\"props\":{\"content_column_breakpoint\":\"m\",\"filter_align\":\"left\",\"filter_all\":true,\"filter_grid_breakpoint\":\"m\",\"filter_grid_width\":\"auto\",\"filter_position\":\"top\",\"filter_style\":\"tab\",\"grid_default\":\"2\",\"grid_medium\":\"5\",\"grid_small\":\"3\",\"icon_width\":80,\"image_align\":\"top\",\"image_grid_breakpoint\":\"m\",\"image_grid_width\":\"1-2\",\"image_link\":true,\"image_svg_color\":\"emphasis\",\"item_animation\":true,\"lightbox_bg_close\":true,\"link_style\":\"default\",\"link_text\":\"\",\"margin\":\"default\",\"meta_align\":\"below-title\",\"meta_element\":\"div\",\"meta_style\":\"text-meta\",\"show_content\":true,\"show_hover_image\":true,\"show_hover_video\":true,\"show_image\":true,\"show_link\":true,\"show_meta\":true,\"show_title\":true,\"show_video\":true,\"text_align\":\"center\",\"title_align\":\"top\",\"title_element\":\"h5\",\"title_grid_breakpoint\":\"m\",\"title_grid_width\":\"1-2\",\"title_hover_style\":\"reset\",\"title_link\":true,\"title_margin\":\"small\",\"title_style\":\"text-small\"},\"children\":[{\"type\":\"grid_item\",\"props\":{\"image\":\"https:\\\/\\\/azalas.de\\\/wp-content\\\/uploads\\\/photos\\\/naxos\\\/flora\\\/fagaceae\\\/quercus_pubescens-1.jpg\",\"link\":\"https:\\\/\\\/azalas.de\\\/fotouebersicht-baeume\\\/\",\"title\":\"B\\u00e4ume\",\"title_en_gb\":\"Trees\"}},{\"type\":\"grid_item\",\"props\":{\"image\":\"https:\\\/\\\/azalas.de\\\/wp-content\\\/uploads\\\/photos\\\/naxos\\\/flora\\\/lichens\\\/foliose_lichens_on_branch-1.jpg\",\"link\":\"https:\\\/\\\/azalas.de\\\/de\\\/fotouebersicht-pilze-und-flechten\\\/\",\"link_en_gb\":\"https:\\\/\\\/azalas.de\\\/en\\\/photo-gallery-lichens-and-fungi\\\/\",\"title\":\"Pilze & Flechten\",\"title_en_gb\":\"Fungi & lichens\"}},{\"type\":\"grid_item\",\"props\":{\"image\":\"https:\\\/\\\/azalas.de\\\/wp-content\\\/uploads\\\/photos\\\/naxos\\\/flora\\\/ferns\\\/cheilanthes_acrostica-1.jpg\",\"link\":\"https:\\\/\\\/azalas.de\\\/fotouebersicht-farne\\\/\",\"link_en_gb\":\"https:\\\/\\\/azalas.de\\\/en\\\/photo-gallery-ferns\\\/\",\"title\":\"Farne u.a.\",\"title_en_gb\":\"Ferns et al.\"}},{\"type\":\"grid_item\",\"props\":{\"image\":\"https:\\\/\\\/azalas.de\\\/wp-content\\\/uploads\\\/photos\\\/naxos\\\/flora\\\/iridaceae\\\/crocus_tournefortii-1.jpg\",\"link\":\"https:\\\/\\\/azalas.de\\\/fotouebersicht-einkeimblaettrige\\\/\",\"link_en_gb\":\"https:\\\/\\\/azalas.de\\\/en\\\/photo-gallery-monocotyledones\\\/\",\"title\":\"Einkeimbl\\u00e4ttrige\",\"title_en_gb\":\"Monocotyledones\"}},{\"type\":\"grid_item\",\"props\":{\"image\":\"https:\\\/\\\/azalas.de\\\/wp-content\\\/uploads\\\/photos\\\/naxos\\\/flora\\\/poaceae\\\/lamarckia_aurea-1.jpg\",\"link_en_gb\":\"https:\\\/\\\/azalas.de\\\/en\\\/photo-gallery-poaceae\\\/\",\"title\":\"Gr\\u00e4ser\",\"title_en_gb\":\"Poaceae\"}},{\"type\":\"grid_item\",\"props\":{\"image\":\"https:\\\/\\\/azalas.de\\\/wp-content\\\/uploads\\\/photos\\\/naxos\\\/flora\\\/orchidaceae\\\/anacamptis_papilionacea_flower-1.jpg\",\"link\":\"https:\\\/\\\/azalas.de\\\/fotouebersicht-orchideen\\\/\",\"link_en_gb\":\"https:\\\/\\\/azalas.de\\\/en\\\/photo-gallery-orchids\\\/\",\"title\":\"Orchideen\",\"title_en_gb\":\"Orchids\"}},{\"type\":\"grid_item\",\"props\":{\"image\":\"https:\\\/\\\/azalas.de\\\/wp-content\\\/uploads\\\/photos\\\/naxos\\\/flora\\\/ranunculaceae\\\/ranunculus_ficaria-1.jpg\",\"link\":\"https:\\\/\\\/azalas.de\\\/fotouebersicht-hahnenfussartige\\\/\",\"link_en_gb\":\"https:\\\/\\\/azalas.de\\\/en\\\/photo-gallery-ranunculales\\\/\",\"title\":\"Hahnenfu\\u00dfartige u.a.\",\"title_en_gb\":\"Ranunculales et al.\"}},{\"type\":\"grid_item\",\"props\":{\"image\":\"https:\\\/\\\/azalas.de\\\/wp-content\\\/uploads\\\/photos\\\/naxos\\\/flora\\\/hypericaceae\\\/hypericum_empetrifolium-1.jpg\",\"link\":\"https:\\\/\\\/azalas.de\\\/fotouebersicht-johanniskraut\\\/\",\"link_en_gb\":\"https:\\\/\\\/azalas.de\\\/en\\\/photo-gallery-hypericaceae\\\/\",\"title\":\"Johanniskrautartige u.a.\",\"title_en_gb\":\"Hypericaceae et al.\"}},{\"type\":\"grid_item\",\"props\":{\"image\":\"https:\\\/\\\/azalas.de\\\/wp-content\\\/uploads\\\/photos\\\/naxos\\\/flora\\\/fabaceae\\\/vicia_villosa_microphylla_detail-1.jpg\",\"link\":\"https:\\\/\\\/azalas.de\\\/fotouebersicht-schmetterlingsbluetler\\\/\",\"link_en_gb\":\"https:\\\/\\\/azalas.de\\\/en\\\/photo-gallery-fabales\\\/\",\"title\":\"Schmetterlingsbl\\u00fctler\",\"title_en_gb\":\"Fabaceae\"}},{\"type\":\"grid_item\",\"props\":{\"image\":\"https:\\\/\\\/azalas.de\\\/wp-content\\\/uploads\\\/photos\\\/naxos\\\/flora\\\/rosaceae\\\/rubus_sanctus_flower-1.jpg\",\"link\":\"https:\\\/\\\/azalas.de\\\/fotouebersicht-rosenartige\\\/\",\"link_en_gb\":\"https:\\\/\\\/azalas.de\\\/en\\\/photo-gallery-rosales\\\/\",\"title\":\"Rosenartige u.a.\",\"title_en_gb\":\"Rosales et al.\"}},{\"type\":\"grid_item\",\"props\":{\"image\":\"https:\\\/\\\/azalas.de\\\/wp-content\\\/uploads\\\/photos\\\/naxos\\\/flora\\\/brassicaceae\\\/erophila_verna-1.jpg\",\"link\":\"https:\\\/\\\/azalas.de\\\/fotouebersicht-kreuzbluetler\\\/\",\"link_en_gb\":\"https:\\\/\\\/azalas.de\\\/en\\\/photo-gallery-brassicaceae\\\/\",\"title\":\"Kreuzbl\\u00fctler u.a.\",\"title_en_gb\":\"Brassicaceae et al.\"}},{\"type\":\"grid_item\",\"props\":{\"image\":\"https:\\\/\\\/azalas.de\\\/wp-content\\\/uploads\\\/photos\\\/naxos\\\/flora\\\/caryophyllaceae\\\/silene_colorata_flower-1.jpg\",\"link\":\"https:\\\/\\\/azalas.de\\\/fotouebersicht-nelkengewaechse\\\/\",\"link_en_gb\":\"https:\\\/\\\/azalas.de\\\/en\\\/photo-gallery-caryophyllales\\\/\",\"title\":\"Nelkengew\\u00e4chse\",\"title_en_gb\":\"Caryophyllales et al.\"}},{\"type\":\"grid_item\",\"props\":{\"image\":\"https:\\\/\\\/azalas.de\\\/wp-content\\\/uploads\\\/photos\\\/naxos\\\/flora\\\/lamiaceae\\\/thymbra_capitata_detail-1.jpg\",\"link\":\"https:\\\/\\\/azalas.de\\\/fotouebersicht-lippenbluetlerartige\\\/\",\"link_en_gb\":\"https:\\\/\\\/azalas.de\\\/en\\\/photo-gallery-lamiales\\\/\",\"title\":\"Lippenbl\\u00fctlerartige\",\"title_en_gb\":\"Lamiales et al.\"}},{\"type\":\"grid_item\",\"props\":{\"image\":\"https:\\\/\\\/azalas.de\\\/wp-content\\\/uploads\\\/photos\\\/naxos\\\/flora\\\/asteraceae\\\/matricaria_chamomilla-1.jpg\",\"link\":\"https:\\\/\\\/azalas.de\\\/fotouebersicht-korbbluetler\\\/\",\"link_en_gb\":\"https:\\\/\\\/azalas.de\\\/en\\\/photo-gallery-asteraceae\\\/\",\"title\":\"Korbbl\\u00fctler u.a.\",\"title_en_gb\":\"Asteraceae et al.\"}},{\"type\":\"grid_item\",\"props\":{\"image\":\"https:\\\/\\\/azalas.de\\\/wp-content\\\/uploads\\\/photos\\\/naxos\\\/flora\\\/apiaceae\\\/daucus_carota-1.jpg\",\"link\":\"https:\\\/\\\/azalas.de\\\/fotouebersicht-doldenbluetler\\\/\",\"link_en_gb\":\"https:\\\/\\\/azalas.de\\\/en\\\/photo-gallery-apiaceae\\\/\",\"title\":\"Doldenbl\\u00fctler\",\"title_en_gb\":\"Apiaceae\"}}]}]}]}],\"name\":\"Links Grid Foto\\u00fcbersichten\"},{\"type\":\"section\",\"props\":{\"image_position\":\"center-center\",\"style\":\"default\",\"title_breakpoint\":\"xl\",\"title_position\":\"top-left\",\"title_rotation\":\"left\",\"vertical_align\":\"\",\"width\":\"default\"},\"children\":[{\"type\":\"row\",\"children\":[{\"type\":\"column\",\"props\":{\"image_position\":\"center-center\",\"position_sticky_breakpoint\":\"m\"},\"children\":[{\"type\":\"divider\",\"props\":{\"divider_element\":\"hr\"}},{\"type\":\"text\",\"props\":{\"column_breakpoint\":\"m\",\"content\":\"<a href=\\\"https:\\\/\\\/azalas.de\\\/flora-von-naxos\\\/\\\">Zur Flora von Naxos<\\\/a>\\n\n\n<p><\\\/p>\\n<a href=\\\"https:\\\/\\\/azalas.de\\\/inhaltsverzeichnis\\\/\\\">Zum Inhaltsverzeichnis<\\\/a>\\n\",\"content_en_gb\":\"<a href=\\\"https:\\\/\\\/azalas.de\\\/flora-of-naxos\\\/\\\">Flora of Naxos<\\\/a>\\n\n\n<p><\\\/p>\\n<a href=\\\"https:\\\/\\\/azalas.de\\\/content\\\/\\\">Web site content<\\\/a>\",\"margin\":\"default\"}}]}]}],\"name\":\"weiterf\\u00fchrende Links Foto\\u00fcbersichten\"}],\"version\":\"4.5.32\",\"yooessentialsVersion\":\"2.4.6\"} --><\/p>\n","protected":false},"excerpt":{"rendered":"<p>Foto\u00fcbersicht &#8222;Nelkenartige&#8220; plus Steinbrechartige und Sandelholzartige Hier geht es direkt zu den Links zu den ausf\u00fchrlichen Beitr\u00e4gen (am Seitenende). Zum \u00d6ffnen als Diashow auf die Fotos klicken! Agrostemma githago Petrorhagia dubia Petrorhagia armerioides Bolanthus graecus Silene behen Silene colorata Silene cretica Silene cythnia Silene sartorii Silene sedoides Silene nocturna Silene gallica Silene gallica quinquevulnera Silene [&hellip;]<\/p>\n","protected":false},"author":4,"featured_media":56730,"comment_status":"closed","ping_status":"closed","sticky":false,"template":"","format":"standard","meta":{"footnotes":""},"categories":[26,1992,11,9,12],"tags":[],"class_list":["post-56782","post","type-post","status-publish","format-standard","has-post-thumbnail","hentry","category-flora-von-naxos","category-fotouebersichten-natur","category-natur","category-naxos","category-pflanzen"],"_links":{"self":[{"href":"https:\/\/azalas.de\/de\/wp-json\/wp\/v2\/posts\/56782","targetHints":{"allow":["GET"]}}],"collection":[{"href":"https:\/\/azalas.de\/de\/wp-json\/wp\/v2\/posts"}],"about":[{"href":"https:\/\/azalas.de\/de\/wp-json\/wp\/v2\/types\/post"}],"author":[{"embeddable":true,"href":"https:\/\/azalas.de\/de\/wp-json\/wp\/v2\/users\/4"}],"replies":[{"embeddable":true,"href":"https:\/\/azalas.de\/de\/wp-json\/wp\/v2\/comments?post=56782"}],"version-history":[{"count":68,"href":"https:\/\/azalas.de\/de\/wp-json\/wp\/v2\/posts\/56782\/revisions"}],"predecessor-version":[{"id":77964,"href":"https:\/\/azalas.de\/de\/wp-json\/wp\/v2\/posts\/56782\/revisions\/77964"}],"wp:featuredmedia":[{"embeddable":true,"href":"https:\/\/azalas.de\/de\/wp-json\/wp\/v2\/media\/56730"}],"wp:attachment":[{"href":"https:\/\/azalas.de\/de\/wp-json\/wp\/v2\/media?parent=56782"}],"wp:term":[{"taxonomy":"category","embeddable":true,"href":"https:\/\/azalas.de\/de\/wp-json\/wp\/v2\/categories?post=56782"},{"taxonomy":"post_tag","embeddable":true,"href":"https:\/\/azalas.de\/de\/wp-json\/wp\/v2\/tags?post=56782"}],"curies":[{"name":"wp","href":"https:\/\/api.w.org\/{rel}","templated":true}]}}