{"id":56478,"date":"2023-12-25T08:43:01","date_gmt":"2023-12-25T06:43:01","guid":{"rendered":"https:\/\/klqewmpxo.cyon.link\/?p=56478"},"modified":"2026-02-26T14:33:29","modified_gmt":"2026-02-26T12:33:29","slug":"fotouebersicht-kreuzbluetler","status":"publish","type":"post","link":"https:\/\/azalas.de\/de\/fotouebersicht-kreuzbluetler\/","title":{"rendered":"Foto\u00fcbersicht Kreuzbl\u00fctler"},"content":{"rendered":"<h1>Foto\u00fcbersicht &#8222;Kreuzbl\u00fctlerartige&#8220;<\/h1>\n<div><a href=\"#Links\">Hier geht es direkt zu den Links zu den ausf\u00fchrlichen Beitr\u00e4gen (am Seitenende).<\/a><\/p>\n<p>Zum \u00d6ffnen als Diashow auf die Fotos klicken!<\/p>\n<\/div>\n<ul>\n<li>\n<p>        <img decoding=\"async\" src=\"https:\/\/azalas.de\/wp-content\/uploads\/photos\/naxos\/flora\/resedaceae\/reseda_lutea_detail-1.jpg\" alt=\"\"><\/p>\n<h5>Reseda lutea<\/h5>\n<\/li>\n<li>\n<p>        <img decoding=\"async\" src=\"\/wp-content\/uploads\/photos\/naxos\/flora\/resedaceae\/reseda_lutea_leaves-1.jpg\" alt=\"\"><\/p>\n<h5>Reseda lutea<\/h5>\n<\/li>\n<li>\n<p>        <img decoding=\"async\" src=\"\/wp-content\/uploads\/photos\/naxos\/flora\/resedaceae\/reseda_luteola_flower-1.jpg\" alt=\"\"><\/p>\n<h5>Reseda luteola<\/h5>\n<\/li>\n<li>\n<p>        <img decoding=\"async\" src=\"\/wp-content\/uploads\/photos\/naxos\/flora\/resedaceae\/reseda_luteola_leaves-1.jpg\" alt=\"\"><\/p>\n<h5>Reseda luteola<\/h5>\n<\/li>\n<li>\n<p>        <img decoding=\"async\" src=\"https:\/\/azalas.de\/wp-content\/uploads\/photos\/naxos\/flora\/capparaceae\/capparis_spinosa_detail-1.jpg\" alt=\"\"><\/p>\n<h5>Capparis spinosa<\/h5>\n<\/li>\n<li>\n<p>        <img decoding=\"async\" src=\"https:\/\/azalas.de\/wp-content\/uploads\/photos\/naxos\/flora\/brassicaceae\/aethionema_saxatile-1.jpg\" alt=\"\"><\/p>\n<h5>Aethionema saxatile<\/h5>\n<\/li>\n<li>\n<p>        <img decoding=\"async\" src=\"\/wp-content\/uploads\/photos\/naxos\/flora\/brassicaceae\/teesdalia_coronopifolia-1.jpg\" alt=\"\"><\/p>\n<h5>Teesdalia coronopifolia<\/h5>\n<\/li>\n<li>\n<p>        <img decoding=\"async\" src=\"https:\/\/azalas.de\/wp-content\/uploads\/photos\/naxos\/flora\/brassicaceae\/capsella_bursa_pastoris_detail-1.jpg\" alt=\"\"><\/p>\n<h5>Capsella bursa-pastoris<\/h5>\n<\/li>\n<li>\n<p>        <img decoding=\"async\" src=\"https:\/\/azalas.de\/wp-content\/uploads\/photos\/naxos\/flora\/brassicaceae\/erophila_verna-1.jpg\" alt=\"\"><\/p>\n<h5>Erophila verna<\/h5>\n<\/li>\n<li>\n<p>        <img decoding=\"async\" src=\"https:\/\/azalas.de\/wp-content\/uploads\/photos\/naxos\/flora\/brassicaceae\/erophila_boerhavii-1.jpg\" alt=\"\"><\/p>\n<h5>Erophila boerhavii<\/h5>\n<\/li>\n<li>\n<p>        <img decoding=\"async\" src=\"https:\/\/azalas.de\/wp-content\/uploads\/photos\/naxos\/flora\/brassicaceae\/erophila_praecox-1.jpg\" alt=\"\"><\/p>\n<h5>Erophila praecox<\/h5>\n<\/li>\n<li>\n<p>        <img decoding=\"async\" src=\"https:\/\/azalas.de\/wp-content\/uploads\/photos\/naxos\/flora\/brassicaceae\/erophila_macrocarpa-1.jpg\" alt=\"\"><\/p>\n<h5>Erophila macrocarpa<\/h5>\n<\/li>\n<li>\n<p>        <img decoding=\"async\" src=\"https:\/\/azalas.de\/wp-content\/uploads\/photos\/naxos\/flora\/brassicaceae\/arabidopsis_thaliana-fruit-1.jpg\" alt=\"\"><\/p>\n<h5>Arabidopsis thaliana<\/h5>\n<\/li>\n<li>\n<p>        <img decoding=\"async\" src=\"https:\/\/azalas.de\/wp-content\/uploads\/photos\/naxos\/flora\/brassicaceae\/arabis_verna-1.jpg\" alt=\"\"><\/p>\n<h5>Arabis verna<\/h5>\n<\/li>\n<li>\n<p>        <img decoding=\"async\" src=\"https:\/\/azalas.de\/wp-content\/uploads\/photos\/naxos\/flora\/brassicaceae\/cardamine_hirsuta-1.jpg\" alt=\"\"><\/p>\n<h5>Cardamine hirsuta<\/h5>\n<\/li>\n<li>\n<p>        <img decoding=\"async\" src=\"https:\/\/azalas.de\/wp-content\/uploads\/photos\/naxos\/flora\/brassicaceae\/crambe_hispanica-1.jpg\" alt=\"\"><\/p>\n<h5>Crambe hispanica<\/h5>\n<\/li>\n<li>\n<p>        <img decoding=\"async\" src=\"https:\/\/azalas.de\/wp-content\/uploads\/photos\/naxos\/flora\/brassicaceae\/calepina_irregularis_flower-1.jpg\" alt=\"\"><\/p>\n<h5>Calepina irregularis<\/h5>\n<\/li>\n<li>\n<p>        <img decoding=\"async\" src=\"https:\/\/azalas.de\/wp-content\/uploads\/photos\/naxos\/flora\/brassicaceae\/didesmus_aegypticus_fruit-1.jpg\" alt=\"\"><\/p>\n<h5>Didesmus aegypticus<\/h5>\n<\/li>\n<li>\n<p>        <img decoding=\"async\" src=\"https:\/\/azalas.de\/wp-content\/uploads\/photos\/naxos\/flora\/brassicaceae\/cardaria_draba_detail-1.jpg\" alt=\"\"><\/p>\n<h5>Cardaria draba<\/h5>\n<\/li>\n<li>\n<p>        <img decoding=\"async\" src=\"https:\/\/azalas.de\/wp-content\/uploads\/photos\/naxos\/flora\/brassicaceae\/lepidium_spinosum-1.jpg\" alt=\"\"><\/p>\n<h5>Lepidium spinosum<\/h5>\n<\/li>\n<li>\n<p>        <img decoding=\"async\" src=\"https:\/\/azalas.de\/wp-content\/uploads\/photos\/naxos\/flora\/brassicaceae\/nasturtium_officinale-1.jpg\" alt=\"\"><\/p>\n<h5>Nasturtium officinale<\/h5>\n<\/li>\n<li>\n<p>        <img decoding=\"async\" src=\"https:\/\/azalas.de\/wp-content\/uploads\/photos\/naxos\/flora\/brassicaceae\/malcolmia_chia-1.jpg\" alt=\"\"><\/p>\n<h5>Malcolmia chia<\/h5>\n<\/li>\n<li>\n<p>        <img decoding=\"async\" src=\"https:\/\/azalas.de\/wp-content\/uploads\/photos\/naxos\/flora\/brassicaceae\/malcolmia_flexuosa_naxensis-1.jpg\" alt=\"\"><\/p>\n<h5>Malcolmia flexuosa naxensis<\/h5>\n<\/li>\n<li>\n<p>        <img decoding=\"async\" src=\"https:\/\/azalas.de\/wp-content\/uploads\/photos\/naxos\/flora\/brassicaceae\/malcolmia_flexuosa_naxensis_flower-1.jpg\" alt=\"\"><\/p>\n<h5>Malcolmia flexuosa naxensis<\/h5>\n<\/li>\n<li>\n<p>        <img decoding=\"async\" src=\"https:\/\/azalas.de\/wp-content\/uploads\/photos\/naxos\/flora\/brassicaceae\/matthiola_sinuata-1.jpg\" alt=\"\"><\/p>\n<h5>Matthiola sinuata<\/h5>\n<\/li>\n<li>\n<p>        <img decoding=\"async\" src=\"https:\/\/azalas.de\/wp-content\/uploads\/photos\/naxos\/flora\/brassicaceae\/matthiola_tricuspidata_detail-1.jpg\" alt=\"\"><\/p>\n<h5>Matthiola tricuspidata<\/h5>\n<\/li>\n<li>\n<p>        <img decoding=\"async\" src=\"https:\/\/azalas.de\/wp-content\/uploads\/photos\/naxos\/flora\/brassicaceae\/cakile_maritima-1.jpg\" alt=\"\"><\/p>\n<h5>Cakile maritima<\/h5>\n<\/li>\n<li>\n<p>        <img decoding=\"async\" src=\"https:\/\/azalas.de\/wp-content\/uploads\/photos\/naxos\/flora\/brassicaceae\/alyssum_simplex-1.jpg\" alt=\"\"><\/p>\n<h5>Alyssum simplex<\/h5>\n<\/li>\n<li>\n<p>        <img decoding=\"async\" src=\"https:\/\/azalas.de\/wp-content\/uploads\/photos\/naxos\/flora\/brassicaceae\/biscutella_didyma_fruit-1.jpg\" alt=\"\"><\/p>\n<h5>Biscutella didyma<\/h5>\n<\/li>\n<li>\n<p>        <img decoding=\"async\" src=\"https:\/\/azalas.de\/wp-content\/uploads\/photos\/naxos\/flora\/brassicaceae\/clypeola_jonthlaspi_detail-1.jpg\" alt=\"\"><\/p>\n<h5>Clypeola jonthlaspi<\/h5>\n<\/li>\n<li>\n<p>        <img decoding=\"async\" src=\"https:\/\/azalas.de\/wp-content\/uploads\/photos\/naxos\/flora\/brassicaceae\/hirschfeldia_incana-1.jpg\" alt=\"\"><\/p>\n<h5>Hirschfeldia incana<\/h5>\n<\/li>\n<li>\n<p>        <img decoding=\"async\" src=\"https:\/\/azalas.de\/wp-content\/uploads\/photos\/naxos\/flora\/brassicaceae\/hirschfeldia_incana_fruit-1.jpg\" alt=\"\"><\/p>\n<h5>Hirschfeldia incana<\/h5>\n<\/li>\n<li>\n<p>        <img decoding=\"async\" src=\"https:\/\/azalas.de\/wp-content\/uploads\/photos\/naxos\/flora\/brassicaceae\/eruca_sativa-1.jpg\" alt=\"\"><\/p>\n<h5>Eruca sativa<\/h5>\n<\/li>\n<li>\n<p>        <img decoding=\"async\" src=\"https:\/\/azalas.de\/wp-content\/uploads\/photos\/naxos\/flora\/brassicaceae\/eruca_sativa_fruit-1.jpg\" alt=\"\"><\/p>\n<h5>Eruca sativa<\/h5>\n<\/li>\n<li>\n<p>        <img decoding=\"async\" src=\"https:\/\/azalas.de\/wp-content\/uploads\/photos\/naxos\/flora\/brassicaceae\/bunias_erucago-1.jpg\" alt=\"\"><\/p>\n<h5>Bunias erucago<\/h5>\n<\/li>\n<li>\n<p>        <img decoding=\"async\" src=\"https:\/\/azalas.de\/wp-content\/uploads\/photos\/naxos\/flora\/brassicaceae\/bunias_erucago_fruit-1.jpg\" alt=\"\"><\/p>\n<h5>Bunias erucago<\/h5>\n<\/li>\n<li>\n<p>        <img decoding=\"async\" src=\"https:\/\/azalas.de\/wp-content\/uploads\/photos\/naxos\/flora\/brassicaceae\/raphanus_raphanistrum_detail-1.jpg\" alt=\"\"><\/p>\n<h5>Raphanus raphanistrum<\/h5>\n<\/li>\n<li>\n<p>        <img decoding=\"async\" src=\"https:\/\/azalas.de\/wp-content\/uploads\/photos\/naxos\/flora\/brassicaceae\/sinapis_alba_detail-1.jpg\" alt=\"\"><\/p>\n<h5>Sinapis alba<\/h5>\n<\/li>\n<li>\n<p>        <img decoding=\"async\" src=\"https:\/\/azalas.de\/wp-content\/uploads\/photos\/naxos\/flora\/brassicaceae\/rapistrum_rugosum_detail-1.jpg\" alt=\"\"><\/p>\n<h5>Rapistrum rugosum<\/h5>\n<\/li>\n<li>\n<p>        <img decoding=\"async\" src=\"https:\/\/azalas.de\/wp-content\/uploads\/photos\/naxos\/flora\/brassicaceae\/sisymbrium_officinale-1.jpg\" alt=\"\"><\/p>\n<h5>Sisymbrium officinale<\/h5>\n<\/li>\n<li>\n<p>        <img decoding=\"async\" src=\"https:\/\/azalas.de\/wp-content\/uploads\/photos\/naxos\/flora\/brassicaceae\/sisymbrium_orientale-1.jpg\" alt=\"\"><\/p>\n<h5>Sisymbrium orientale<\/h5>\n<\/li>\n<li>\n<p>        <img decoding=\"async\" src=\"https:\/\/azalas.de\/wp-content\/uploads\/photos\/naxos\/flora\/brassicaceae\/erysimum_naxense-1.jpg\" alt=\"\"><\/p>\n<h5>Erysimum naxense<\/h5>\n<\/li>\n<li>\n<p>        <img decoding=\"async\" src=\"https:\/\/azalas.de\/wp-content\/uploads\/photos\/naxos\/flora\/brassicaceae\/erysimum_naxense_fruit-1.jpg\" alt=\"\"><\/p>\n<h5>Erysimum naxense<\/h5>\n<\/li>\n<li>\n<p>        <img decoding=\"async\" src=\"https:\/\/azalas.de\/wp-content\/uploads\/photos\/naxos\/flora\/brassicaceae\/erysimum_hayekii_detail-1.jpg\" alt=\"\"><\/p>\n<h5>Erysimum hayekii<\/h5>\n<\/li>\n<\/ul>\n<hr>\n<div><a name=\"Links\"><font color=\"#ffffff\">Links<\/font><\/a><\/p>\n<p>Zur ausf\u00fchrlichen Beschreibung der Arten:<\/p>\n<ul>\n<li><a href=\"http:\/\/azalas.de\/kreuzbluetler-1\/\">wei\u00df- und lilabl\u00fchende Kreuzbl\u00fctler<\/a><\/li>\n<li><a href=\"http:\/\/azalas.de\/kreuzbluetler-2\/\">gelbbl\u00fchende Kreuzbl\u00fctler<\/a><\/li>\n<li><a href=\"http:\/\/azalas.de\/reseda\/\">Reseda<\/a><\/li>\n<li><a href=\"http:\/\/azalas.de\/kaper\/\">Kapernstrauch<\/a><\/li>\n<\/ul>\n<\/div>\n<hr>\n<h3>Foto\u00fcbersichten der Pflanzen von Naxos<\/h3>\n<ul>\n<li>\n<p>        <img decoding=\"async\" src=\"https:\/\/azalas.de\/wp-content\/uploads\/photos\/naxos\/flora\/fagaceae\/quercus_pubescens-1.jpg\" alt=\"\"><\/p>\n<h5>B\u00e4ume<\/h5>\n<p><a href=\"https:\/\/azalas.de\/fotouebersicht-baeume\/\"><\/a><\/p>\n<\/li>\n<li>\n<p>        <img decoding=\"async\" src=\"https:\/\/azalas.de\/wp-content\/uploads\/photos\/naxos\/flora\/lichens\/foliose_lichens_on_branch-1.jpg\" alt=\"\"><\/p>\n<h5>Pilze &#038; Flechten<\/h5>\n<p><a href=\"https:\/\/azalas.de\/de\/fotouebersicht-flechten-und-pilze\/\"><\/a><\/p>\n<\/li>\n<li>\n<p>        <img decoding=\"async\" src=\"https:\/\/azalas.de\/wp-content\/uploads\/photos\/naxos\/flora\/ferns\/cheilanthes_acrostica-1.jpg\" alt=\"\"><\/p>\n<h5>Farne u.a.<\/h5>\n<p><a href=\"https:\/\/azalas.de\/fotouebersicht-farne\/\"><\/a><\/p>\n<\/li>\n<li>\n<p>        <img decoding=\"async\" src=\"https:\/\/azalas.de\/wp-content\/uploads\/photos\/naxos\/flora\/iridaceae\/crocus_tournefortii-1.jpg\" alt=\"\"><\/p>\n<h5>Einkeimbl\u00e4ttrige<\/h5>\n<p><a href=\"https:\/\/azalas.de\/fotouebersicht-einkeimblaettrige\/\"><\/a><\/p>\n<\/li>\n<li>\n<p>        <img decoding=\"async\" src=\"https:\/\/azalas.de\/wp-content\/uploads\/photos\/naxos\/flora\/poaceae\/lamarckia_aurea-1.jpg\" alt=\"\"><\/p>\n<h5>Gr\u00e4ser<\/h5>\n<p><a href=\"https:\/\/azalas.de\/fotouebersicht-graeser\/\"><\/a><\/p>\n<\/li>\n<li>\n<p>        <img decoding=\"async\" src=\"https:\/\/azalas.de\/wp-content\/uploads\/photos\/naxos\/flora\/orchidaceae\/anacamptis_papilionacea_flower-1.jpg\" alt=\"\"><\/p>\n<h5>Orchideen<\/h5>\n<p><a href=\"https:\/\/azalas.de\/fotouebersicht-orchideen\/\"><\/a><\/p>\n<\/li>\n<li>\n<p>        <img decoding=\"async\" src=\"https:\/\/azalas.de\/wp-content\/uploads\/photos\/naxos\/flora\/ranunculaceae\/ranunculus_ficaria-1.jpg\" alt=\"\"><\/p>\n<h5>Hahnenfu\u00dfartige u.a.<\/h5>\n<p><a href=\"https:\/\/azalas.de\/fotouebersicht-hahnenfussartige\/\"><\/a><\/p>\n<\/li>\n<li>\n<p>        <img decoding=\"async\" src=\"https:\/\/azalas.de\/wp-content\/uploads\/photos\/naxos\/flora\/hypericaceae\/hypericum_empetrifolium-1.jpg\" alt=\"\"><\/p>\n<h5>Johanniskrautartige u.a.<\/h5>\n<p><a href=\"https:\/\/azalas.de\/fotouebersicht-johanniskraut\/\"><\/a><\/p>\n<\/li>\n<li>\n<p>        <img decoding=\"async\" src=\"https:\/\/azalas.de\/wp-content\/uploads\/photos\/naxos\/flora\/fabaceae\/vicia_villosa_microphylla_detail-1.jpg\" alt=\"\"><\/p>\n<h5>Schmetterlingsbl\u00fctler<\/h5>\n<p><a href=\"https:\/\/azalas.de\/fotouebersicht-schmetterlingsbluetler\/\"><\/a><\/p>\n<\/li>\n<li>\n<p>        <img decoding=\"async\" src=\"https:\/\/azalas.de\/wp-content\/uploads\/photos\/naxos\/flora\/rosaceae\/rubus_sanctus_flower-1.jpg\" alt=\"\"><\/p>\n<h5>Rosenartige u.a.<\/h5>\n<p><a href=\"https:\/\/azalas.de\/fotouebersicht-rosenartige\/\"><\/a><\/p>\n<\/li>\n<li>\n<p>        <img decoding=\"async\" src=\"https:\/\/azalas.de\/wp-content\/uploads\/photos\/naxos\/flora\/brassicaceae\/erophila_verna-1.jpg\" alt=\"\"><\/p>\n<h5>Kreuzbl\u00fctler u.a.<\/h5>\n<p><a href=\"https:\/\/azalas.de\/fotouebersicht-kreuzbluetler\/\"><\/a><\/p>\n<\/li>\n<li>\n<p>        <img decoding=\"async\" src=\"https:\/\/azalas.de\/wp-content\/uploads\/photos\/naxos\/flora\/caryophyllaceae\/silene_colorata_flower-1.jpg\" alt=\"\"><\/p>\n<h5>Nelkengew\u00e4chse<\/h5>\n<p><a href=\"https:\/\/azalas.de\/fotouebersicht-nelkengewaechse\/\"><\/a><\/p>\n<\/li>\n<li>\n<p>        <img decoding=\"async\" src=\"https:\/\/azalas.de\/wp-content\/uploads\/photos\/naxos\/flora\/lamiaceae\/thymbra_capitata_detail-1.jpg\" alt=\"\"><\/p>\n<h5>Lippenbl\u00fctlerartige<\/h5>\n<p><a href=\"https:\/\/azalas.de\/fotouebersicht-lippenbluetlerartige\/\"><\/a><\/p>\n<\/li>\n<li>\n<p>        <img decoding=\"async\" src=\"https:\/\/azalas.de\/wp-content\/uploads\/photos\/naxos\/flora\/asteraceae\/matricaria_chamomilla-1.jpg\" alt=\"\"><\/p>\n<h5>Korbbl\u00fctler u.a.<\/h5>\n<p><a href=\"https:\/\/azalas.de\/fotouebersicht-korbbluetler\/\"><\/a><\/p>\n<\/li>\n<li>\n<p>        <img decoding=\"async\" src=\"https:\/\/azalas.de\/wp-content\/uploads\/photos\/naxos\/flora\/apiaceae\/daucus_carota-1.jpg\" alt=\"\"><\/p>\n<h5>Doldenbl\u00fctler<\/h5>\n<p><a href=\"https:\/\/azalas.de\/fotouebersicht-doldenbluetler\/\"><\/a><\/p>\n<\/li>\n<\/ul>\n<hr>\n<div><a href=\"https:\/\/azalas.de\/flora-von-naxos\/\">Zur Flora von Naxos<\/a><\/p>\n<p><a href=\"https:\/\/azalas.de\/inhaltsverzeichnis\/\">Zum Inhaltsverzeichnis<\/a><\/div>\n<p><!--more--><br \/>\n<!-- {\"type\":\"layout\",\"children\":[{\"type\":\"section\",\"props\":{\"image_position\":\"center-center\",\"padding_remove_bottom\":false,\"style\":\"default\",\"title_breakpoint\":\"xl\",\"title_position\":\"top-left\",\"title_rotation\":\"left\",\"vertical_align\":\"\",\"width\":\"default\"},\"children\":[{\"type\":\"row\",\"props\":{\"margin_remove_bottom\":false},\"children\":[{\"type\":\"column\",\"props\":{\"image_position\":\"center-center\",\"position_sticky_breakpoint\":\"m\"},\"children\":[{\"type\":\"headline\",\"props\":{\"content\":\"Foto\\u00fcbersicht \\\"Kreuzbl\\u00fctlerartige\\\"\",\"content_en_gb\":\"Photo gallery \\\"Brassicales\\\"\",\"title_element\":\"h1\"}}]}]}],\"name\":\"Seitenname\"},{\"type\":\"section\",\"props\":{\"image_position\":\"center-center\",\"style\":\"default\",\"title_breakpoint\":\"xl\",\"title_position\":\"top-left\",\"title_rotation\":\"left\",\"vertical_align\":\"\",\"width\":\"default\"},\"children\":[{\"type\":\"row\",\"children\":[{\"type\":\"column\",\"props\":{\"image_position\":\"center-center\",\"position_sticky_breakpoint\":\"m\"},\"children\":[{\"type\":\"text\",\"props\":{\"column_breakpoint\":\"m\",\"content\":\"<a href=\\\"#Links\\\">Hier geht es direkt zu den Links zu den ausf\\u00fchrlichen Beitr\\u00e4gen (am Seitenende).<\\\/a>\\n\n\n<p>Zum \\u00d6ffnen als Diashow auf die Fotos klicken!<\\\/p>\",\"content_en_gb\":\"<a href=\\\"#Links\\\">Click here to go to the links to the detailed articles (bottom of the page).<\\\/a>\\n\n\n<p>To open as slideshow click on the photos!<\\\/p>\",\"margin\":\"default\"}}]}]}]},{\"type\":\"section\",\"props\":{\"image_position\":\"center-center\",\"padding_remove_bottom\":false,\"padding_remove_top\":true,\"style\":\"default\",\"title_breakpoint\":\"xl\",\"title_position\":\"top-left\",\"title_rotation\":\"left\",\"vertical_align\":\"\",\"width\":\"default\"},\"children\":[{\"type\":\"row\",\"children\":[{\"type\":\"column\",\"props\":{\"image_position\":\"center-center\",\"position_sticky_breakpoint\":\"m\"},\"children\":[{\"type\":\"gallery\",\"props\":{\"filter_align\":\"left\",\"filter_all\":true,\"filter_grid_breakpoint\":\"m\",\"filter_grid_width\":\"auto\",\"filter_position\":\"top\",\"filter_style\":\"tab\",\"grid_column_gap\":\"small\",\"grid_default\":\"1\",\"grid_large\":\"3\",\"grid_medium\":\"2\",\"grid_row_gap\":\"medium\",\"grid_small\":\"1\",\"grid_xlarge\":\"4\",\"image_height\":\"375\",\"image_loading\":true,\"image_width\":\"500\",\"item_animation\":true,\"lightbox\":true,\"lightbox_bg_close\":true,\"link_fullwidth\":true,\"link_margin\":\"remove\",\"link_size\":\"small\",\"link_style\":\"default\",\"link_text\":\"\",\"margin\":\"default\",\"meta_align\":\"below-title\",\"meta_element\":\"div\",\"meta_style\":\"text-meta\",\"overlay_hover\":false,\"overlay_link\":true,\"overlay_mode\":\"caption\",\"overlay_padding\":\"small\",\"overlay_position\":\"bottom\",\"overlay_style\":\"overlay-primary\",\"overlay_transition\":\"fade\",\"show_content\":false,\"show_hover_image\":true,\"show_hover_video\":true,\"show_link\":true,\"show_meta\":false,\"show_title\":true,\"text_align\":\"center\",\"text_color\":\"light\",\"title_element\":\"h5\",\"title_hover_style\":\"reset\",\"title_margin\":\"small\",\"title_style\":\"h5\"},\"children\":[{\"type\":\"gallery_item\",\"props\":{\"image\":\"https:\\\/\\\/azalas.de\\\/wp-content\\\/uploads\\\/photos\\\/naxos\\\/flora\\\/resedaceae\\\/reseda_lutea_detail-1.jpg\",\"title\":\"Reseda lutea\"}},{\"type\":\"gallery_item\",\"props\":{\"image\":\"wp-content\\\/uploads\\\/photos\\\/naxos\\\/flora\\\/resedaceae\\\/reseda_lutea_leaves-1.jpg\",\"title\":\"Reseda lutea\"}},{\"type\":\"gallery_item\",\"props\":{\"image\":\"wp-content\\\/uploads\\\/photos\\\/naxos\\\/flora\\\/resedaceae\\\/reseda_luteola_flower-1.jpg\",\"title\":\"Reseda luteola\"}},{\"type\":\"gallery_item\",\"props\":{\"image\":\"wp-content\\\/uploads\\\/photos\\\/naxos\\\/flora\\\/resedaceae\\\/reseda_luteola_leaves-1.jpg\",\"title\":\"Reseda luteola\"}},{\"type\":\"gallery_item\",\"props\":{\"image\":\"https:\\\/\\\/azalas.de\\\/wp-content\\\/uploads\\\/photos\\\/naxos\\\/flora\\\/capparaceae\\\/capparis_spinosa_detail-1.jpg\",\"title\":\"Capparis spinosa\"}},{\"type\":\"gallery_item\",\"props\":{\"image\":\"https:\\\/\\\/azalas.de\\\/wp-content\\\/uploads\\\/photos\\\/naxos\\\/flora\\\/brassicaceae\\\/aethionema_saxatile-1.jpg\",\"title\":\"Aethionema saxatile\"}},{\"type\":\"gallery_item\",\"props\":{\"image\":\"wp-content\\\/uploads\\\/photos\\\/naxos\\\/flora\\\/brassicaceae\\\/teesdalia_coronopifolia-1.jpg\",\"title\":\"Teesdalia coronopifolia\"}},{\"type\":\"gallery_item\",\"props\":{\"image\":\"https:\\\/\\\/azalas.de\\\/wp-content\\\/uploads\\\/photos\\\/naxos\\\/flora\\\/brassicaceae\\\/capsella_bursa_pastoris_detail-1.jpg\",\"title\":\"Capsella bursa-pastoris\"}},{\"type\":\"gallery_item\",\"props\":{\"image\":\"https:\\\/\\\/azalas.de\\\/wp-content\\\/uploads\\\/photos\\\/naxos\\\/flora\\\/brassicaceae\\\/erophila_verna-1.jpg\",\"title\":\"Erophila verna\"}},{\"type\":\"gallery_item\",\"props\":{\"image\":\"https:\\\/\\\/azalas.de\\\/wp-content\\\/uploads\\\/photos\\\/naxos\\\/flora\\\/brassicaceae\\\/erophila_boerhavii-1.jpg\",\"title\":\"Erophila boerhavii\"}},{\"type\":\"gallery_item\",\"props\":{\"image\":\"https:\\\/\\\/azalas.de\\\/wp-content\\\/uploads\\\/photos\\\/naxos\\\/flora\\\/brassicaceae\\\/erophila_praecox-1.jpg\",\"title\":\"Erophila praecox\"}},{\"type\":\"gallery_item\",\"props\":{\"image\":\"https:\\\/\\\/azalas.de\\\/wp-content\\\/uploads\\\/photos\\\/naxos\\\/flora\\\/brassicaceae\\\/erophila_macrocarpa-1.jpg\",\"title\":\"Erophila macrocarpa\"}},{\"type\":\"gallery_item\",\"props\":{\"image\":\"https:\\\/\\\/azalas.de\\\/wp-content\\\/uploads\\\/photos\\\/naxos\\\/flora\\\/brassicaceae\\\/arabidopsis_thaliana-fruit-1.jpg\",\"title\":\"Arabidopsis thaliana\"}},{\"type\":\"gallery_item\",\"props\":{\"image\":\"https:\\\/\\\/azalas.de\\\/wp-content\\\/uploads\\\/photos\\\/naxos\\\/flora\\\/brassicaceae\\\/arabis_verna-1.jpg\",\"title\":\"Arabis verna\"}},{\"type\":\"gallery_item\",\"props\":{\"image\":\"https:\\\/\\\/azalas.de\\\/wp-content\\\/uploads\\\/photos\\\/naxos\\\/flora\\\/brassicaceae\\\/cardamine_hirsuta-1.jpg\",\"title\":\"Cardamine hirsuta\"}},{\"type\":\"gallery_item\",\"props\":{\"image\":\"https:\\\/\\\/azalas.de\\\/wp-content\\\/uploads\\\/photos\\\/naxos\\\/flora\\\/brassicaceae\\\/crambe_hispanica-1.jpg\",\"title\":\"Crambe hispanica\"}},{\"type\":\"gallery_item\",\"props\":{\"image\":\"https:\\\/\\\/azalas.de\\\/wp-content\\\/uploads\\\/photos\\\/naxos\\\/flora\\\/brassicaceae\\\/calepina_irregularis_flower-1.jpg\",\"title\":\"Calepina irregularis\"}},{\"type\":\"gallery_item\",\"props\":{\"image\":\"https:\\\/\\\/azalas.de\\\/wp-content\\\/uploads\\\/photos\\\/naxos\\\/flora\\\/brassicaceae\\\/didesmus_aegypticus_fruit-1.jpg\",\"title\":\"Didesmus aegypticus\"}},{\"type\":\"gallery_item\",\"props\":{\"image\":\"https:\\\/\\\/azalas.de\\\/wp-content\\\/uploads\\\/photos\\\/naxos\\\/flora\\\/brassicaceae\\\/cardaria_draba_detail-1.jpg\",\"title\":\"Cardaria draba\"}},{\"type\":\"gallery_item\",\"props\":{\"image\":\"https:\\\/\\\/azalas.de\\\/wp-content\\\/uploads\\\/photos\\\/naxos\\\/flora\\\/brassicaceae\\\/lepidium_spinosum-1.jpg\",\"title\":\"Lepidium spinosum\"}},{\"type\":\"gallery_item\",\"props\":{\"image\":\"https:\\\/\\\/azalas.de\\\/wp-content\\\/uploads\\\/photos\\\/naxos\\\/flora\\\/brassicaceae\\\/nasturtium_officinale-1.jpg\",\"title\":\"Nasturtium officinale\"}},{\"type\":\"gallery_item\",\"props\":{\"image\":\"https:\\\/\\\/azalas.de\\\/wp-content\\\/uploads\\\/photos\\\/naxos\\\/flora\\\/brassicaceae\\\/malcolmia_chia-1.jpg\",\"title\":\"Malcolmia chia\"}},{\"type\":\"gallery_item\",\"props\":{\"image\":\"https:\\\/\\\/azalas.de\\\/wp-content\\\/uploads\\\/photos\\\/naxos\\\/flora\\\/brassicaceae\\\/malcolmia_flexuosa_naxensis-1.jpg\",\"title\":\"Malcolmia flexuosa naxensis\"}},{\"type\":\"gallery_item\",\"props\":{\"image\":\"https:\\\/\\\/azalas.de\\\/wp-content\\\/uploads\\\/photos\\\/naxos\\\/flora\\\/brassicaceae\\\/malcolmia_flexuosa_naxensis_flower-1.jpg\",\"title\":\"Malcolmia flexuosa naxensis\"}},{\"type\":\"gallery_item\",\"props\":{\"image\":\"https:\\\/\\\/azalas.de\\\/wp-content\\\/uploads\\\/photos\\\/naxos\\\/flora\\\/brassicaceae\\\/matthiola_sinuata-1.jpg\",\"title\":\"Matthiola sinuata\"}},{\"type\":\"gallery_item\",\"props\":{\"image\":\"https:\\\/\\\/azalas.de\\\/wp-content\\\/uploads\\\/photos\\\/naxos\\\/flora\\\/brassicaceae\\\/matthiola_tricuspidata_detail-1.jpg\",\"title\":\"Matthiola tricuspidata\"}},{\"type\":\"gallery_item\",\"props\":{\"image\":\"https:\\\/\\\/azalas.de\\\/wp-content\\\/uploads\\\/photos\\\/naxos\\\/flora\\\/brassicaceae\\\/cakile_maritima-1.jpg\",\"title\":\"Cakile maritima\"}},{\"type\":\"gallery_item\",\"props\":{\"image\":\"https:\\\/\\\/azalas.de\\\/wp-content\\\/uploads\\\/photos\\\/naxos\\\/flora\\\/brassicaceae\\\/alyssum_simplex-1.jpg\",\"title\":\"Alyssum simplex\"}},{\"type\":\"gallery_item\",\"props\":{\"image\":\"https:\\\/\\\/azalas.de\\\/wp-content\\\/uploads\\\/photos\\\/naxos\\\/flora\\\/brassicaceae\\\/biscutella_didyma_fruit-1.jpg\",\"title\":\"Biscutella didyma\"}},{\"type\":\"gallery_item\",\"props\":{\"image\":\"https:\\\/\\\/azalas.de\\\/wp-content\\\/uploads\\\/photos\\\/naxos\\\/flora\\\/brassicaceae\\\/clypeola_jonthlaspi_detail-1.jpg\",\"title\":\"Clypeola jonthlaspi\"}},{\"type\":\"gallery_item\",\"props\":{\"image\":\"https:\\\/\\\/azalas.de\\\/wp-content\\\/uploads\\\/photos\\\/naxos\\\/flora\\\/brassicaceae\\\/hirschfeldia_incana-1.jpg\",\"title\":\"Hirschfeldia incana\"}},{\"type\":\"gallery_item\",\"props\":{\"image\":\"https:\\\/\\\/azalas.de\\\/wp-content\\\/uploads\\\/photos\\\/naxos\\\/flora\\\/brassicaceae\\\/hirschfeldia_incana_fruit-1.jpg\",\"title\":\"Hirschfeldia incana\"}},{\"type\":\"gallery_item\",\"props\":{\"image\":\"https:\\\/\\\/azalas.de\\\/wp-content\\\/uploads\\\/photos\\\/naxos\\\/flora\\\/brassicaceae\\\/eruca_sativa-1.jpg\",\"title\":\"Eruca sativa\"}},{\"type\":\"gallery_item\",\"props\":{\"image\":\"https:\\\/\\\/azalas.de\\\/wp-content\\\/uploads\\\/photos\\\/naxos\\\/flora\\\/brassicaceae\\\/eruca_sativa_fruit-1.jpg\",\"title\":\"Eruca sativa\"}},{\"type\":\"gallery_item\",\"props\":{\"image\":\"https:\\\/\\\/azalas.de\\\/wp-content\\\/uploads\\\/photos\\\/naxos\\\/flora\\\/brassicaceae\\\/bunias_erucago-1.jpg\",\"title\":\"Bunias erucago\"}},{\"type\":\"gallery_item\",\"props\":{\"image\":\"https:\\\/\\\/azalas.de\\\/wp-content\\\/uploads\\\/photos\\\/naxos\\\/flora\\\/brassicaceae\\\/bunias_erucago_fruit-1.jpg\",\"title\":\"Bunias erucago\"}},{\"type\":\"gallery_item\",\"props\":{\"image\":\"https:\\\/\\\/azalas.de\\\/wp-content\\\/uploads\\\/photos\\\/naxos\\\/flora\\\/brassicaceae\\\/raphanus_raphanistrum_detail-1.jpg\",\"title\":\"Raphanus raphanistrum\"}},{\"type\":\"gallery_item\",\"props\":{\"image\":\"https:\\\/\\\/azalas.de\\\/wp-content\\\/uploads\\\/photos\\\/naxos\\\/flora\\\/brassicaceae\\\/sinapis_alba_detail-1.jpg\",\"title\":\"Sinapis alba\"}},{\"type\":\"gallery_item\",\"props\":{\"image\":\"https:\\\/\\\/azalas.de\\\/wp-content\\\/uploads\\\/photos\\\/naxos\\\/flora\\\/brassicaceae\\\/rapistrum_rugosum_detail-1.jpg\",\"title\":\"Rapistrum rugosum\"}},{\"type\":\"gallery_item\",\"props\":{\"image\":\"https:\\\/\\\/azalas.de\\\/wp-content\\\/uploads\\\/photos\\\/naxos\\\/flora\\\/brassicaceae\\\/sisymbrium_officinale-1.jpg\",\"title\":\"Sisymbrium officinale\"}},{\"type\":\"gallery_item\",\"props\":{\"image\":\"https:\\\/\\\/azalas.de\\\/wp-content\\\/uploads\\\/photos\\\/naxos\\\/flora\\\/brassicaceae\\\/sisymbrium_orientale-1.jpg\",\"title\":\"Sisymbrium orientale\"}},{\"type\":\"gallery_item\",\"props\":{\"image\":\"https:\\\/\\\/azalas.de\\\/wp-content\\\/uploads\\\/photos\\\/naxos\\\/flora\\\/brassicaceae\\\/erysimum_naxense-1.jpg\",\"title\":\"Erysimum naxense\"}},{\"type\":\"gallery_item\",\"props\":{\"image\":\"https:\\\/\\\/azalas.de\\\/wp-content\\\/uploads\\\/photos\\\/naxos\\\/flora\\\/brassicaceae\\\/erysimum_naxense_fruit-1.jpg\",\"title\":\"Erysimum naxense\"}},{\"type\":\"gallery_item\",\"props\":{\"image\":\"https:\\\/\\\/azalas.de\\\/wp-content\\\/uploads\\\/photos\\\/naxos\\\/flora\\\/brassicaceae\\\/erysimum_hayekii_detail-1.jpg\",\"title\":\"Erysimum hayekii\"}}]}]}]}],\"name\":\"Foto\\u00fcbersicht\"},{\"type\":\"section\",\"props\":{\"image_position\":\"center-center\",\"padding\":\"small\",\"style\":\"default\",\"title_breakpoint\":\"xl\",\"title_position\":\"top-left\",\"title_rotation\":\"left\",\"vertical_align\":\"\",\"width\":\"default\"},\"children\":[{\"type\":\"row\",\"children\":[{\"type\":\"column\",\"props\":{\"image_position\":\"center-center\",\"position_sticky_breakpoint\":\"m\"},\"children\":[{\"type\":\"divider\",\"props\":{\"divider_element\":\"hr\"}},{\"type\":\"text\",\"props\":{\"column_breakpoint\":\"m\",\"content\":\"<a name=\\\"Links\\\"><font color=\\\"#ffffff\\\">Links<\\\/font><\\\/a>\\n\n\n<p>Zur ausf\\u00fchrlichen Beschreibung der Arten:<\\\/p>\\n\n\n<ul>\\n\\t\n\n<li><a href=\\\"http:\\\/\\\/azalas.de\\\/kreuzbluetler-1\\\/\\\">wei\\u00df- und lilabl\\u00fchende Kreuzbl\\u00fctler<\\\/a><\\\/li>\\n\\t\n\n<li><a href=\\\"http:\\\/\\\/azalas.de\\\/kreuzbluetler-2\\\/\\\">gelbbl\\u00fchende Kreuzbl\\u00fctler<\\\/a><\\\/li>\\n\\t\n\n<li><a href=\\\"http:\\\/\\\/azalas.de\\\/reseda\\\/\\\">Reseda<\\\/a><\\\/li>\\n\\t\n\n<li><a href=\\\"http:\\\/\\\/azalas.de\\\/kaper\\\/\\\">Kapernstrauch<\\\/a><\\\/li>\\n<\\\/ul>\",\"content_en_gb\":\"<a name=\\\"Links\\\"><font color=\\\"#ffffff\\\">Links<\\\/font><\\\/a>\\n\n\n<p>For details see here (only in german):<\\\/p>\\n\n\n<ul>\\n\\t\n\n<li><a href=\\\"http:\\\/\\\/azalas.de\\\/kreuzbluetler-1\\\/\\\">Brassicaceae with white and mauve flowers<\\\/a><\\\/li>\\n\\t\n\n<li><a href=\\\"http:\\\/\\\/azalas.de\\\/kreuzbluetler-2\\\/\\\">Brassicaceae with yellow flowers<\\\/a><\\\/li>\\n\\t\n\n<li><a href=\\\"http:\\\/\\\/azalas.de\\\/reseda\\\/\\\">Reseda<\\\/a><\\\/li>\\n\\t\n\n<li><a href=\\\"http:\\\/\\\/azalas.de\\\/kaper\\\/\\\">Capparis spinosa<\\\/a><\\\/li>\\n<\\\/ul>\",\"margin\":\"default\"}}]}]}],\"name\":\"Links Foto\\u00fcbersicht\"},{\"type\":\"section\",\"props\":{\"image_position\":\"center-center\",\"style\":\"default\",\"title_breakpoint\":\"xl\",\"title_position\":\"top-left\",\"title_rotation\":\"left\",\"vertical_align\":\"middle\",\"width\":\"default\"},\"children\":[{\"type\":\"row\",\"children\":[{\"type\":\"column\",\"props\":{\"image_position\":\"center-center\",\"position_sticky_breakpoint\":\"m\"},\"children\":[{\"type\":\"divider\",\"props\":{\"divider_element\":\"hr\"}},{\"type\":\"headline\",\"props\":{\"content\":\"Foto\\u00fcbersichten der Pflanzen von Naxos\",\"content_en_gb\":\"Photo galleries of the plants of Naxos\",\"title_element\":\"h3\"}},{\"type\":\"grid\",\"props\":{\"content_column_breakpoint\":\"m\",\"filter_align\":\"left\",\"filter_all\":true,\"filter_grid_breakpoint\":\"m\",\"filter_grid_width\":\"auto\",\"filter_position\":\"top\",\"filter_style\":\"tab\",\"grid_default\":\"2\",\"grid_medium\":\"5\",\"grid_small\":\"3\",\"icon_width\":80,\"image_align\":\"top\",\"image_grid_breakpoint\":\"m\",\"image_grid_width\":\"1-2\",\"image_link\":true,\"image_svg_color\":\"emphasis\",\"item_animation\":true,\"lightbox_bg_close\":true,\"link_style\":\"default\",\"link_text\":\"\",\"margin\":\"default\",\"meta_align\":\"below-title\",\"meta_element\":\"div\",\"meta_style\":\"text-meta\",\"show_content\":true,\"show_hover_image\":true,\"show_hover_video\":true,\"show_image\":true,\"show_link\":true,\"show_meta\":true,\"show_title\":true,\"show_video\":true,\"text_align\":\"center\",\"title_align\":\"top\",\"title_element\":\"h5\",\"title_grid_breakpoint\":\"m\",\"title_grid_width\":\"1-2\",\"title_hover_style\":\"reset\",\"title_link\":true,\"title_margin\":\"small\",\"title_style\":\"text-small\"},\"children\":[{\"type\":\"grid_item\",\"props\":{\"image\":\"https:\\\/\\\/azalas.de\\\/wp-content\\\/uploads\\\/photos\\\/naxos\\\/flora\\\/fagaceae\\\/quercus_pubescens-1.jpg\",\"link\":\"https:\\\/\\\/azalas.de\\\/fotouebersicht-baeume\\\/\",\"title\":\"B\\u00e4ume\",\"title_en_gb\":\"Trees\"}},{\"type\":\"grid_item\",\"props\":{\"image\":\"https:\\\/\\\/azalas.de\\\/wp-content\\\/uploads\\\/photos\\\/naxos\\\/flora\\\/lichens\\\/foliose_lichens_on_branch-1.jpg\",\"link\":\"https:\\\/\\\/azalas.de\\\/de\\\/fotouebersicht-flechten-und-pilze\\\/\",\"link_en_gb\":\"https:\\\/\\\/azalas.de\\\/en\\\/photo-gallery-lichens-and-fungi\\\/\",\"title\":\"Pilze & Flechten\",\"title_en_gb\":\"Fungi & lichens\"}},{\"type\":\"grid_item\",\"props\":{\"image\":\"https:\\\/\\\/azalas.de\\\/wp-content\\\/uploads\\\/photos\\\/naxos\\\/flora\\\/ferns\\\/cheilanthes_acrostica-1.jpg\",\"link\":\"https:\\\/\\\/azalas.de\\\/fotouebersicht-farne\\\/\",\"link_en_gb\":\"https:\\\/\\\/azalas.de\\\/en\\\/photo-gallery-ferns\\\/\",\"title\":\"Farne u.a.\",\"title_en_gb\":\"Ferns et al.\"}},{\"type\":\"grid_item\",\"props\":{\"image\":\"https:\\\/\\\/azalas.de\\\/wp-content\\\/uploads\\\/photos\\\/naxos\\\/flora\\\/iridaceae\\\/crocus_tournefortii-1.jpg\",\"link\":\"https:\\\/\\\/azalas.de\\\/fotouebersicht-einkeimblaettrige\\\/\",\"link_en_gb\":\"https:\\\/\\\/azalas.de\\\/en\\\/photo-gallery-monocotyledones\\\/\",\"title\":\"Einkeimbl\\u00e4ttrige\",\"title_en_gb\":\"Monocotyledones\"}},{\"type\":\"grid_item\",\"props\":{\"image\":\"https:\\\/\\\/azalas.de\\\/wp-content\\\/uploads\\\/photos\\\/naxos\\\/flora\\\/poaceae\\\/lamarckia_aurea-1.jpg\",\"link\":\"https:\\\/\\\/azalas.de\\\/fotouebersicht-graeser\\\/\",\"link_en_gb\":\"https:\\\/\\\/azalas.de\\\/en\\\/photo-gallery-poaceae\\\/\",\"title\":\"Gr\\u00e4ser\",\"title_en_gb\":\"Poaceae\"}},{\"type\":\"grid_item\",\"props\":{\"image\":\"https:\\\/\\\/azalas.de\\\/wp-content\\\/uploads\\\/photos\\\/naxos\\\/flora\\\/orchidaceae\\\/anacamptis_papilionacea_flower-1.jpg\",\"link\":\"https:\\\/\\\/azalas.de\\\/fotouebersicht-orchideen\\\/\",\"link_en_gb\":\"https:\\\/\\\/azalas.de\\\/en\\\/photo-gallery-orchids\\\/\",\"title\":\"Orchideen\",\"title_en_gb\":\"Orchids\"}},{\"type\":\"grid_item\",\"props\":{\"image\":\"https:\\\/\\\/azalas.de\\\/wp-content\\\/uploads\\\/photos\\\/naxos\\\/flora\\\/ranunculaceae\\\/ranunculus_ficaria-1.jpg\",\"link\":\"https:\\\/\\\/azalas.de\\\/fotouebersicht-hahnenfussartige\\\/\",\"link_en_gb\":\"https:\\\/\\\/azalas.de\\\/en\\\/photo-gallery-ranunculales\\\/\",\"title\":\"Hahnenfu\\u00dfartige u.a.\",\"title_en_gb\":\"Ranunculales et al.\"}},{\"type\":\"grid_item\",\"props\":{\"image\":\"https:\\\/\\\/azalas.de\\\/wp-content\\\/uploads\\\/photos\\\/naxos\\\/flora\\\/hypericaceae\\\/hypericum_empetrifolium-1.jpg\",\"link\":\"https:\\\/\\\/azalas.de\\\/fotouebersicht-johanniskraut\\\/\",\"link_en_gb\":\"https:\\\/\\\/azalas.de\\\/en\\\/photo-gallery-hypericaceae\\\/\",\"title\":\"Johanniskrautartige u.a.\",\"title_en_gb\":\"Hypericaceae et al.\"}},{\"type\":\"grid_item\",\"props\":{\"image\":\"https:\\\/\\\/azalas.de\\\/wp-content\\\/uploads\\\/photos\\\/naxos\\\/flora\\\/fabaceae\\\/vicia_villosa_microphylla_detail-1.jpg\",\"link\":\"https:\\\/\\\/azalas.de\\\/fotouebersicht-schmetterlingsbluetler\\\/\",\"link_en_gb\":\"https:\\\/\\\/azalas.de\\\/en\\\/photo-gallery-fabales\\\/\",\"title\":\"Schmetterlingsbl\\u00fctler\",\"title_en_gb\":\"Fabaceae\"}},{\"type\":\"grid_item\",\"props\":{\"image\":\"https:\\\/\\\/azalas.de\\\/wp-content\\\/uploads\\\/photos\\\/naxos\\\/flora\\\/rosaceae\\\/rubus_sanctus_flower-1.jpg\",\"link\":\"https:\\\/\\\/azalas.de\\\/fotouebersicht-rosenartige\\\/\",\"link_en_gb\":\"https:\\\/\\\/azalas.de\\\/en\\\/photo-gallery-rosales\\\/\",\"title\":\"Rosenartige u.a.\",\"title_en_gb\":\"Rosales et al.\"}},{\"type\":\"grid_item\",\"props\":{\"image\":\"https:\\\/\\\/azalas.de\\\/wp-content\\\/uploads\\\/photos\\\/naxos\\\/flora\\\/brassicaceae\\\/erophila_verna-1.jpg\",\"link\":\"https:\\\/\\\/azalas.de\\\/fotouebersicht-kreuzbluetler\\\/\",\"link_en_gb\":\"https:\\\/\\\/azalas.de\\\/en\\\/photo-gallery-brassicaceae\\\/\",\"title\":\"Kreuzbl\\u00fctler u.a.\",\"title_en_gb\":\"Brassicaceae et al.\"}},{\"type\":\"grid_item\",\"props\":{\"image\":\"https:\\\/\\\/azalas.de\\\/wp-content\\\/uploads\\\/photos\\\/naxos\\\/flora\\\/caryophyllaceae\\\/silene_colorata_flower-1.jpg\",\"link\":\"https:\\\/\\\/azalas.de\\\/fotouebersicht-nelkengewaechse\\\/\",\"link_en_gb\":\"https:\\\/\\\/azalas.de\\\/en\\\/photo-gallery-caryophyllales\\\/\",\"title\":\"Nelkengew\\u00e4chse\",\"title_en_gb\":\"Caryophyllales et al.\"}},{\"type\":\"grid_item\",\"props\":{\"image\":\"https:\\\/\\\/azalas.de\\\/wp-content\\\/uploads\\\/photos\\\/naxos\\\/flora\\\/lamiaceae\\\/thymbra_capitata_detail-1.jpg\",\"link\":\"https:\\\/\\\/azalas.de\\\/fotouebersicht-lippenbluetlerartige\\\/\",\"link_en_gb\":\"https:\\\/\\\/azalas.de\\\/en\\\/photo-gallery-lamiales\\\/\",\"title\":\"Lippenbl\\u00fctlerartige\",\"title_en_gb\":\"Lamiales et al.\"}},{\"type\":\"grid_item\",\"props\":{\"image\":\"https:\\\/\\\/azalas.de\\\/wp-content\\\/uploads\\\/photos\\\/naxos\\\/flora\\\/asteraceae\\\/matricaria_chamomilla-1.jpg\",\"link\":\"https:\\\/\\\/azalas.de\\\/fotouebersicht-korbbluetler\\\/\",\"link_en_gb\":\"https:\\\/\\\/azalas.de\\\/en\\\/photo-gallery-asteraceae\\\/\",\"title\":\"Korbbl\\u00fctler u.a.\",\"title_en_gb\":\"Asteraceae et al.\"}},{\"type\":\"grid_item\",\"props\":{\"image\":\"https:\\\/\\\/azalas.de\\\/wp-content\\\/uploads\\\/photos\\\/naxos\\\/flora\\\/apiaceae\\\/daucus_carota-1.jpg\",\"link\":\"https:\\\/\\\/azalas.de\\\/fotouebersicht-doldenbluetler\\\/\",\"link_en_gb\":\"https:\\\/\\\/azalas.de\\\/en\\\/photo-gallery-apiaceae\\\/\",\"title\":\"Doldenbl\\u00fctler\",\"title_en_gb\":\"Apiaceae\"}}]}]}]}],\"name\":\"Links Grid Foto\\u00fcbersichten\"},{\"type\":\"section\",\"props\":{\"image_position\":\"center-center\",\"style\":\"default\",\"title_breakpoint\":\"xl\",\"title_position\":\"top-left\",\"title_rotation\":\"left\",\"vertical_align\":\"\",\"width\":\"default\"},\"children\":[{\"type\":\"row\",\"children\":[{\"type\":\"column\",\"props\":{\"image_position\":\"center-center\",\"position_sticky_breakpoint\":\"m\"},\"children\":[{\"type\":\"divider\",\"props\":{\"divider_element\":\"hr\"}},{\"type\":\"text\",\"props\":{\"column_breakpoint\":\"m\",\"content\":\"<a href=\\\"https:\\\/\\\/azalas.de\\\/flora-von-naxos\\\/\\\">Zur Flora von Naxos<\\\/a>\\n\n\n<p><\\\/p>\\n<a href=\\\"https:\\\/\\\/azalas.de\\\/inhaltsverzeichnis\\\/\\\">Zum Inhaltsverzeichnis<\\\/a>\",\"content_en_gb\":\"<a href=\\\"https:\\\/\\\/azalas.de\\\/flora-of-naxos\\\/\\\">Flora of Naxos<\\\/a>\\n\n\n<p><\\\/p>\\n<a href=\\\"https:\\\/\\\/azalas.de\\\/content\\\/\\\">Web site content<\\\/a>\",\"margin\":\"default\"}}]}]}],\"name\":\"weiterf\\u00fchrende Links Foto\\u00fcbersichten\"}],\"version\":\"4.5.32\",\"yooessentialsVersion\":\"2.4.6\"} --><\/p>\n","protected":false},"excerpt":{"rendered":"<p>Foto\u00fcbersicht &#8222;Kreuzbl\u00fctlerartige&#8220; Hier geht es direkt zu den Links zu den ausf\u00fchrlichen Beitr\u00e4gen (am Seitenende). Zum \u00d6ffnen als Diashow auf die Fotos klicken! Reseda lutea Reseda lutea Reseda luteola Reseda luteola Capparis spinosa Aethionema saxatile Teesdalia coronopifolia Capsella bursa-pastoris Erophila verna Erophila boerhavii Erophila praecox Erophila macrocarpa Arabidopsis thaliana Arabis verna Cardamine hirsuta Crambe hispanica [&hellip;]<\/p>\n","protected":false},"author":4,"featured_media":56454,"comment_status":"closed","ping_status":"closed","sticky":false,"template":"","format":"standard","meta":{"footnotes":""},"categories":[26,1992,11,9,12],"tags":[],"class_list":["post-56478","post","type-post","status-publish","format-standard","has-post-thumbnail","hentry","category-flora-von-naxos","category-fotouebersichten-natur","category-natur","category-naxos","category-pflanzen"],"_links":{"self":[{"href":"https:\/\/azalas.de\/de\/wp-json\/wp\/v2\/posts\/56478","targetHints":{"allow":["GET"]}}],"collection":[{"href":"https:\/\/azalas.de\/de\/wp-json\/wp\/v2\/posts"}],"about":[{"href":"https:\/\/azalas.de\/de\/wp-json\/wp\/v2\/types\/post"}],"author":[{"embeddable":true,"href":"https:\/\/azalas.de\/de\/wp-json\/wp\/v2\/users\/4"}],"replies":[{"embeddable":true,"href":"https:\/\/azalas.de\/de\/wp-json\/wp\/v2\/comments?post=56478"}],"version-history":[{"count":31,"href":"https:\/\/azalas.de\/de\/wp-json\/wp\/v2\/posts\/56478\/revisions"}],"predecessor-version":[{"id":77790,"href":"https:\/\/azalas.de\/de\/wp-json\/wp\/v2\/posts\/56478\/revisions\/77790"}],"wp:featuredmedia":[{"embeddable":true,"href":"https:\/\/azalas.de\/de\/wp-json\/wp\/v2\/media\/56454"}],"wp:attachment":[{"href":"https:\/\/azalas.de\/de\/wp-json\/wp\/v2\/media?parent=56478"}],"wp:term":[{"taxonomy":"category","embeddable":true,"href":"https:\/\/azalas.de\/de\/wp-json\/wp\/v2\/categories?post=56478"},{"taxonomy":"post_tag","embeddable":true,"href":"https:\/\/azalas.de\/de\/wp-json\/wp\/v2\/tags?post=56478"}],"curies":[{"name":"wp","href":"https:\/\/api.w.org\/{rel}","templated":true}]}}