{"id":5204,"date":"2012-01-07T01:52:50","date_gmt":"2012-01-06T23:52:50","guid":{"rendered":"http:\/\/klqewmpxo.cyon.link\/?page_id=5204"},"modified":"2025-06-17T12:04:26","modified_gmt":"2025-06-17T09:04:26","slug":"ulme","status":"publish","type":"post","link":"https:\/\/azalas.de\/de\/ulme\/","title":{"rendered":"Feld-Ulme, Ulmus minor"},"content":{"rendered":"<p><big>D<\/big>as Auftreten der Feld-Ulme in zwei kleinen Best\u00e4nden auf Naxos ist eher \u00fcberraschend; in Anbetracht der Tatsache, dass auch die Schwarzerle und Silberweide auf der Insel auftreten, kann man jedoch davon ausgehen, dass es sich um nat\u00fcrliche Vorkommen handelt (wohl Restbest\u00e4nde aus den feuchteren Perioden der Eiszeiten). Die B\u00e4ume gedeihen jedenfalls gut und vermehren sich bestens.<\/p>\n<p><big>D<\/big>ie etwa 40 Ulmen-Arten geh\u00f6ren zur mit den Brennessel- und den Rosengew\u00e4chsen verwandten Familie der Ulmengew\u00e4chse mit sieben Gattungen (<em>Ulmus, Zelkova<\/em> und weitere), die in den gem\u00e4\u00dfigten, aber auch in den tropischen Regionen vorkommen. In Europa gibt es vier Ulmen-Arten, die allerdings im letzten Jahrhundert wegen des Ulmensterbens, einer vernichtenden Pilzkrankheit, selten geworden sind.<\/p>\n<p><a href=\"https:\/\/azalas.de\/de\/fotouebersicht-baeume\/\">zur Foto-\u00dcbersicht<\/a><\/p>\n<h6>Feld-Ulme, <em>Ulmus minor<\/em>, Mill.<\/h6>\n<p><big>D<\/big>ie Feld-Ulme ist auf Naxos sehr selten und kommt nur an zwei Stellen vor; sie scheint dort aber nat\u00fcrlich zu wachsen.<\/p>\n<p><img decoding=\"async\" src=\"https:\/\/azalas.de\/wp-content\/uploads\/photos\/naxos\/flora\/ulmaceae\/ulmus_minor-1.jpg\" border=\"0\" alt=\"Feld-Ulme, Ulmus minor\"><\/p>\n<p><img decoding=\"async\" src=\"https:\/\/azalas.de\/wp-content\/uploads\/photos\/naxos\/flora\/ulmaceae\/ulmus_minor-2.jpg\" border=\"0\" alt=\"Feld-Ulme, Ulmus minor\"><br \/>\n<small>In der N\u00e4he von Mon\u00ed wachsen eine ganze Reihe an Ulmen, teilweise in einem dichten Bestand.<\/small><\/p>\n<p><img decoding=\"async\" src=\"https:\/\/azalas.de\/wp-content\/uploads\/photos\/naxos\/flora\/ulmaceae\/ulmus_minor-4.jpg\" border=\"0\" alt=\"Feld-Ulme, Ulmus minor\"><br \/>\n<small>Manche B\u00e4ume sind sehr gro\u00df.<\/small><\/p>\n<p><img decoding=\"async\" src=\"https:\/\/azalas.de\/wp-content\/uploads\/photos\/naxos\/flora\/ulmaceae\/ulmus_minor-5.jpg\" border=\"0\" alt=\"Feld-Ulme, Ulmus minor\"><br \/>\n<small>Auf diesem Feld kommt auch Jungwuchs hoch.<\/small><\/p>\n<p><img decoding=\"async\" src=\"https:\/\/azalas.de\/wp-content\/uploads\/photos\/naxos\/flora\/ulmaceae\/ulmus_minor-3.jpg\" border=\"0\" alt=\"Feld-Ulme, Ulmus minor\"><br \/>\n<small>Der zweite Standort liegt bei Potami\u00e1 bei der Kirche \u00c1gios M\u00e1mas, ganz in der N\u00e4he des Auwaldes aus Erle, Platane und Silberweide. Hier ein alter, umgefallener Baum, der aber trotzdem noch gesund und lebenst\u00fcchtig erscheint.<\/small><\/p>\n<p><img decoding=\"async\" src=\"https:\/\/azalas.de\/wp-content\/uploads\/photos\/naxos\/flora\/ulmaceae\/ulmus_minor_leaves-1.jpg\" border=\"0\" alt=\"Feld-Ulme, Ulmus minor\"><br \/>\n<small>Die Ulmen sind am schiefen Ansatz der Blattspreite zu erkennen.<\/small><\/p>\n<p><img decoding=\"async\" src=\"https:\/\/azalas.de\/wp-content\/uploads\/photos\/naxos\/flora\/ulmaceae\/ulmus_minor_fruit-1.jpg\" border=\"0\" alt=\"Feld-Ulme, Ulmus minor\"><br \/>\n<small>Die Frucht ist eine Fl\u00fcgelnuss (&#8222;Samara&#8220;) mit rundumlaufendem, h\u00e4utigem Fl\u00fcgel.<\/small><\/p>\n<p><img decoding=\"async\" src=\"https:\/\/azalas.de\/wp-content\/uploads\/photos\/naxos\/flora\/ulmaceae\/ulmus_minor_galls-1.jpg\" border=\"0\" alt=\"Feld-Ulme, Ulmus minor\"><br \/>\n<small>Oft sind an den Bl\u00e4ttern der Ulmen gro\u00dfe Gallen ausgebildet, die von einer Blattlaus-Art namens Ulmenbeutelgallenlaus <em>(Eriosoma lanuginosum = Schizoneura lanuginosum)<\/em> hervorgerufen werden.<\/small><\/p>\n<p>siehe auch:<\/p>\n<ul>\n<li><a href=\"http:\/\/azalas.de\/auwaelder\/\">Auw\u00e4lder<\/a><\/li>\n<li><a href=\"http:\/\/azalas.de\/baumarten-der-auwaelder\/\">Baumarten der Auw\u00e4lder<\/a><\/li>\n<li><a href=\"http:\/\/azalas.de\/erle\/\">Schwarzerle<\/a><\/li>\n<li><a href=\"http:\/\/azalas.de\/weide\/\">Silber-Weide und Silber-Pappel<\/a><\/li>\n<\/ul>\n<p><a href=\"https:\/\/azalas.de\/flora-von-naxos\/\">Zur Flora von Naxos<\/a><\/p>\n<p><a href=\"https:\/\/azalas.de\/inhaltsverzeichnis\/\">Zum Inhaltsverzeichnis<\/a><\/p>\n","protected":false},"excerpt":{"rendered":"<p>Das Auftreten der Feld-Ulme in zwei kleinen Best\u00e4nden auf Naxos ist eher \u00fcberraschend; in Anbetracht der Tatsache, dass auch die Schwarzerle und Silberweide auf der Insel auftreten, kann man jedoch davon ausgehen, dass es sich um nat\u00fcrliche Vorkommen handelt (wohl Restbest\u00e4nde aus den feuchteren Perioden der Eiszeiten). Die B\u00e4ume gedeihen jedenfalls gut und vermehren sich [&hellip;]<\/p>\n","protected":false},"author":4,"featured_media":58906,"comment_status":"open","ping_status":"open","sticky":false,"template":"","format":"standard","meta":{"footnotes":""},"categories":[26,11,9,12],"tags":[1533,732,729,865,730,495,552],"class_list":["post-5204","post","type-post","status-publish","format-standard","has-post-thumbnail","hentry","category-flora-von-naxos","category-natur","category-naxos","category-pflanzen","tag-feld-ulme","tag-flora-of-naxos","tag-flora-von-naxos","tag-naxos","tag-pflanzen-von-naxos","tag-ulme","tag-ulmus-minor"],"_links":{"self":[{"href":"https:\/\/azalas.de\/de\/wp-json\/wp\/v2\/posts\/5204","targetHints":{"allow":["GET"]}}],"collection":[{"href":"https:\/\/azalas.de\/de\/wp-json\/wp\/v2\/posts"}],"about":[{"href":"https:\/\/azalas.de\/de\/wp-json\/wp\/v2\/types\/post"}],"author":[{"embeddable":true,"href":"https:\/\/azalas.de\/de\/wp-json\/wp\/v2\/users\/4"}],"replies":[{"embeddable":true,"href":"https:\/\/azalas.de\/de\/wp-json\/wp\/v2\/comments?post=5204"}],"version-history":[{"count":11,"href":"https:\/\/azalas.de\/de\/wp-json\/wp\/v2\/posts\/5204\/revisions"}],"predecessor-version":[{"id":76558,"href":"https:\/\/azalas.de\/de\/wp-json\/wp\/v2\/posts\/5204\/revisions\/76558"}],"wp:featuredmedia":[{"embeddable":true,"href":"https:\/\/azalas.de\/de\/wp-json\/wp\/v2\/media\/58906"}],"wp:attachment":[{"href":"https:\/\/azalas.de\/de\/wp-json\/wp\/v2\/media?parent=5204"}],"wp:term":[{"taxonomy":"category","embeddable":true,"href":"https:\/\/azalas.de\/de\/wp-json\/wp\/v2\/categories?post=5204"},{"taxonomy":"post_tag","embeddable":true,"href":"https:\/\/azalas.de\/de\/wp-json\/wp\/v2\/tags?post=5204"}],"curies":[{"name":"wp","href":"https:\/\/api.w.org\/{rel}","templated":true}]}}