{"id":4819,"date":"2011-12-24T19:24:09","date_gmt":"2011-12-24T17:24:09","guid":{"rendered":"http:\/\/klqewmpxo.cyon.link\/?page_id=4819"},"modified":"2025-04-29T20:11:58","modified_gmt":"2025-04-29T17:11:58","slug":"frankenien","status":"publish","type":"post","link":"https:\/\/azalas.de\/de\/frankenien\/","title":{"rendered":"Frankenien, Frankenia"},"content":{"rendered":"<p><big>D<\/big>ie Frankenien oder Seeheiden sind die einzige Gattung ihrer Familie, der <em>Frankeniaceae<\/em>. Sie sind verwandt mit den Tamariskengew\u00e4chsen und geh\u00f6ren zur Ordnung der Nelkenartigen. Die meisten der etwa 90 weltweit in subtropischen und gem\u00e4\u00dfigten Regionen verbreiteten Arten kommen an trockenen, oft salzhaltigen Standorten vor. Sie besitzen meist kleine, schuppenf\u00f6rmige Bl\u00e4tter und radi\u00e4rsymmetrische, vier- bis siebenteilige Bl\u00fcten mit freien, wei\u00dfen oder rosa Bl\u00fctenbl\u00e4ttern. Auf Naxos kommen <em>Frankenia hirsuta<\/em> und <em>F. pulverulenta<\/em> vor.<\/p>\n<p><a href=\"https:\/\/azalas.de\/de\/fotouebersicht-nelkengewaechse\/\">zur Foto-\u00dcbersicht<\/a><\/p>\n<h6>Behaarte Frankenie, <em>Frankenia hirsuta<\/em>, L.<\/h6>\n<p><big>D<\/big>ie Behaarte Frankenie <em>(Frankenia hirsuta)<\/em> w\u00e4chst nur in direkter Strandn\u00e4he; sie ist an salzhaltige und sehr trockene Standorte angepasst. Es handelt sich um eine ausdauernde Pflanze.<\/p>\n<p><img decoding=\"async\" src=\"https:\/\/azalas.de\/wp-content\/uploads\/photos\/naxos\/flora\/frankeniaceae\/frankenia_hirsuta-2.jpg\" border=\"0\" alt=\"Behaarte Frankenie, Frankenia hirsuta\"><br \/>\n<small>Die Behaarte Frankenie besitzt sehr kleine, fleischige Bl\u00e4tter und wei\u00dfe, f\u00fcnfz\u00e4hlige Bl\u00fcten mit lang behaarten Kelchbl\u00e4ttern und sechs Staubbl\u00e4ttern.<\/small><\/p>\n<p><img decoding=\"async\" src=\"https:\/\/azalas.de\/wp-content\/uploads\/photos\/naxos\/flora\/frankeniaceae\/frankenia_hirsuta-3.jpg\" border=\"0\" alt=\"Behaarte Frankenie, Frankenia hirsuta\"><br \/>\n<small>Diese Form mit wei\u00dfen, recht schmalen Kronbl\u00e4ttern und r\u00f6tlichen Staubbl\u00e4ttern kommt beispielsweise am Kap St\u00e1vros vor.<\/small><\/p>\n<p><img decoding=\"async\" src=\"https:\/\/azalas.de\/wp-content\/uploads\/photos\/naxos\/flora\/frankeniaceae\/frankenia_hirsuta-4.jpg\" border=\"0\" alt=\"Behaarte Frankenie, Frankenia hirsuta\"><br \/>\n<small>Die Behaarte Frankenie w\u00e4chst am Boden anliegend und bildet ausdauernde, verholzende St\u00e4ngel.<\/small><\/p>\n<p><img decoding=\"async\" src=\"https:\/\/azalas.de\/wp-content\/uploads\/photos\/naxos\/flora\/frankeniaceae\/frankenia_hirsuta_habitat-1.jpg\" border=\"0\" alt=\"Behaarte Frankenie, Frankenia hirsuta\"><\/p>\n<p><img decoding=\"async\" src=\"https:\/\/azalas.de\/wp-content\/uploads\/photos\/naxos\/flora\/frankeniaceae\/frankenia_hirsuta_flower-1.jpg\" border=\"0\" alt=\"Behaarte Frankenie, Frankenia hirsuta\"><br \/>\n<small>Diese Form mit rosa gef\u00e4rbten, etwas breiteren Kronbl\u00e4ttern und gelben Staubbl\u00e4ttern w\u00e4chst beispielsweise an der Stel\u00edda. Die Kronbl\u00e4tter werden bis einen guten halben Zentimeter lang.<\/small><\/p>\n<p><img decoding=\"async\" src=\"https:\/\/azalas.de\/wp-content\/uploads\/photos\/naxos\/flora\/frankeniaceae\/frankenia_hirsuta-1.jpg\" border=\"0\" alt=\"Behaarte Frankenie, Frankenia hirsuta\"><br \/>\n<small>Die Staubbl\u00e4tter und Narben ragen aus der Krone hervor. Die Kapselfrucht besitzt f\u00fcnf stachelige Rippen.<\/small><\/p>\n<h6>Mehlige Frankenie, <em>Frankenia pulverulenta<\/em>, L.<\/h6>\n<p><big>A<\/big>uch diese Art kommt nur in direkter Meeresn\u00e4he vor, vor allem an lehmigen und sandigen Standorten in Strandn\u00e4he. Sie ist einj\u00e4hrig.<\/p>\n<p><img decoding=\"async\" src=\"https:\/\/azalas.de\/wp-content\/uploads\/photos\/naxos\/flora\/frankeniaceae\/frankenia_pulverulenta_habitat-1.jpg\" border=\"0\" alt=\"Mehlige Frankenie, Frankenia pulverulenta\"><br \/>\n<small>Die kleine, einj\u00e4hrige Mehlige Frankenie kann r\u00f6tliche oder gr\u00fcnliche Bl\u00e4tter haben.<\/small><\/p>\n<p><img decoding=\"async\" src=\"https:\/\/azalas.de\/wp-content\/uploads\/photos\/naxos\/flora\/frankeniaceae\/frankenia_pulverulenta-1.jpg\" border=\"0\" alt=\"Mehlige Frankenie, Frankenia pulverulenta\"><br \/>\n<small>Die Bl\u00fcten sind winzig mit nur wenige Millimeter langen blassrosa Kronbl\u00e4ttern. Die Bl\u00e4tter nehmen bei Trockenheit eine sattelartige Form mit stark nach unten gebogenen R\u00e4ndern an; die Unterseite der Bl\u00e4tter ist dicht behaart.<\/small><\/p>\n<p><img decoding=\"async\" src=\"https:\/\/azalas.de\/wp-content\/uploads\/photos\/naxos\/flora\/frankeniaceae\/frankenia_pulverulenta-2.jpg\" border=\"0\" alt=\"Mehlige Frankenie, Frankenia pulverulenta\"><br \/>\n<small>Bei dieser Art ragen die Staubbl\u00e4tter nicht aus dem inneren, kelchartigen Teil der Bl\u00fcte hervor.<\/small><\/p>\n<p><img decoding=\"async\" src=\"https:\/\/azalas.de\/wp-content\/uploads\/photos\/naxos\/flora\/frankeniaceae\/frankenia_pulverulenta-3.jpg\" border=\"0\" alt=\"Mehlige Frankenie, Frankenia pulverulenta\"><br \/>\n<small>Die kleinen Pfl\u00e4nzchen wachsen oft als dichter Rasen. Die Bl\u00fcten \u00f6ffnen sich nur bei Sonne.<\/small><\/p>\n<p><a href=\"https:\/\/azalas.de\/de\/fotouebersicht-nelkengewaechse\/\">zur Foto-\u00dcbersicht<\/a><\/p>\n<p><siehe auch: \n\n<ul>\n<li><a href=\"http:\/\/azalas.de\/nelkengewaechse-1\/\">Nelkengew\u00e4chse Teil I<\/a><\/li>\n<li><a href=\"http:\/\/azalas.de\/nelkengewaechse-2\/\">Nelkengew\u00e4chse Teil II<\/a><\/li>\n<li><a href=\"http:\/\/azalas.de\/mittagsblumengewaechse\/\">Mittagsblumengew\u00e4chse<\/a><\/li>\n<li><a href=\"http:\/\/azalas.de\/tamarisken\/\">Tamariske<\/a><\/li>\n<li><a href=\"http:\/\/azalas.de\/strandflieder\/\">Strandflieder<\/a><\/li>\n<\/ul>\n<p><a href=\"https:\/\/azalas.de\/flora-von-naxos\/\">Zur Flora von Naxos<\/a><\/p>\n<p><a href=\"https:\/\/azalas.de\/inhaltsverzeichnis\/\">Zum Inhaltsverzeichnis<\/a><\/p>\n","protected":false},"excerpt":{"rendered":"<p>Die Frankenien oder Seeheiden sind die einzige Gattung ihrer Familie, der Frankeniaceae. Sie sind verwandt mit den Tamariskengew\u00e4chsen und geh\u00f6ren zur Ordnung der Nelkenartigen. Die meisten der etwa 90 weltweit in subtropischen und gem\u00e4\u00dfigten Regionen verbreiteten Arten kommen an trockenen, oft salzhaltigen Standorten vor. Sie besitzen meist kleine, schuppenf\u00f6rmige Bl\u00e4tter und radi\u00e4rsymmetrische, vier- bis siebenteilige [&hellip;]<\/p>\n","protected":false},"author":4,"featured_media":63590,"comment_status":"open","ping_status":"open","sticky":false,"template":"","format":"standard","meta":{"footnotes":""},"categories":[26,11,9,12],"tags":[732,729,1599,1598,865,730],"class_list":["post-4819","post","type-post","status-publish","format-standard","has-post-thumbnail","hentry","category-flora-von-naxos","category-natur","category-naxos","category-pflanzen","tag-flora-of-naxos","tag-flora-von-naxos","tag-frankenia","tag-frankenien","tag-naxos","tag-pflanzen-von-naxos"],"_links":{"self":[{"href":"https:\/\/azalas.de\/de\/wp-json\/wp\/v2\/posts\/4819","targetHints":{"allow":["GET"]}}],"collection":[{"href":"https:\/\/azalas.de\/de\/wp-json\/wp\/v2\/posts"}],"about":[{"href":"https:\/\/azalas.de\/de\/wp-json\/wp\/v2\/types\/post"}],"author":[{"embeddable":true,"href":"https:\/\/azalas.de\/de\/wp-json\/wp\/v2\/users\/4"}],"replies":[{"embeddable":true,"href":"https:\/\/azalas.de\/de\/wp-json\/wp\/v2\/comments?post=4819"}],"version-history":[{"count":19,"href":"https:\/\/azalas.de\/de\/wp-json\/wp\/v2\/posts\/4819\/revisions"}],"predecessor-version":[{"id":76074,"href":"https:\/\/azalas.de\/de\/wp-json\/wp\/v2\/posts\/4819\/revisions\/76074"}],"wp:featuredmedia":[{"embeddable":true,"href":"https:\/\/azalas.de\/de\/wp-json\/wp\/v2\/media\/63590"}],"wp:attachment":[{"href":"https:\/\/azalas.de\/de\/wp-json\/wp\/v2\/media?parent=4819"}],"wp:term":[{"taxonomy":"category","embeddable":true,"href":"https:\/\/azalas.de\/de\/wp-json\/wp\/v2\/categories?post=4819"},{"taxonomy":"post_tag","embeddable":true,"href":"https:\/\/azalas.de\/de\/wp-json\/wp\/v2\/tags?post=4819"}],"curies":[{"name":"wp","href":"https:\/\/api.w.org\/{rel}","templated":true}]}}