{"id":3963,"date":"2011-10-12T07:19:51","date_gmt":"2011-10-12T04:19:51","guid":{"rendered":"http:\/\/klqewmpxo.cyon.link\/?page_id=3963"},"modified":"2025-07-30T21:09:01","modified_gmt":"2025-07-30T18:09:01","slug":"spaziergang-fanari-2","status":"publish","type":"post","link":"https:\/\/azalas.de\/de\/spaziergang-fanari-2\/","title":{"rendered":"Auf dem Fanari 2"},"content":{"rendered":"<h3>&#8211; Glockenblumen und Geier<\/h3>\n<p><big>B<\/big>eim Dorf Apiranthos kann man in einer sch\u00f6nen kleinen Wanderung den zwischen dem Zeus-Berg und dem Massiv des Koronos gelegenen 883 Meter hohen Fanari besteigen. Einen <a href=\"http:\/\/azalas.de\/spaziergang-fanari-1\/\">abendlichen Aufstieg auf den Fanari<\/a> habe ich schon an anderer Stelle beschrieben; hier jetzt ein paar Bilder von unserer letzten Besteigung.<\/p>\n<p><img decoding=\"async\" src=\"https:\/\/azalas.de\/wp-content\/uploads\/2011\/10\/P1180119-1_450.jpg\" border=\"0\" alt=\"auf dem Fanari, Apiranthos, Naxos\"><\/p>\n<p><img decoding=\"async\" src=\"https:\/\/azalas.de\/wp-content\/uploads\/2011\/10\/P1180124-1_450.jpg\" border=\"0\" alt=\"auf dem Fanari, Apiranthos, Naxos\"><\/p>\n<p><img decoding=\"async\" src=\"https:\/\/azalas.de\/wp-content\/uploads\/2011\/10\/P1180125-1_450.jpg\" border=\"0\" alt=\"auf dem Fanari, Apiranthos, Naxos\"><br \/>\n<small>der R\u00fcckblick auf das Dorf Apiranthos kurz nach dem Beginn des Aufstiegs<\/small><\/p>\n<p><img decoding=\"async\" src=\"https:\/\/azalas.de\/wp-content\/uploads\/photos\/naxos\/flora\/fabaceae\/ononis_spinosa_detail-1.jpg\" border=\"0\" alt=\"Dornige Hauhechel, Ononis spinosa\"><br \/>\n<small>Auch jetzt, sp\u00e4t im August, gibt es noch vereinzelt bl\u00fchende Pflanzen wie hier der Dornige Hauhechel, <em>Ononis spinosa<\/em>, leicht erkennbar an den sitzenden rosa Bl\u00fcten und den spitzen, hellbraunen Dornen.<\/small><\/p>\n<p><img decoding=\"async\" src=\"https:\/\/azalas.de\/wp-content\/uploads\/photos\/naxos\/flora\/caryophyllaceae\/petrorhagia_armerioides_flower-3.jpg\" border=\"0\" alt=\"Petrorhagia armerioides\"><br \/>\n<small>Wir finden auch ein kleines blassgelbes Nelkengew\u00e4chs, <em>Petrorhagia armerioides<\/em>.<\/small><\/p>\n<p><img decoding=\"async\" src=\"https:\/\/azalas.de\/wp-content\/uploads\/photos\/azalas\/hiking\/fanari-1.jpg\" border=\"0\" alt=\"auf dem Fanari, Apiranthos, Naxos\"><br \/>\n<small>Den gr\u00f6\u00dften Teil der Strecke l\u00e4uft man einen breiten, gepflasterten Weg entlang &#8211; einer der sch\u00f6nsten Wanderwege der Insel.<\/small><\/p>\n<p><img decoding=\"async\" src=\"https:\/\/azalas.de\/wp-content\/uploads\/2011\/10\/P1180213-1_450.jpg\" border=\"0\" alt=\"auf dem Fanari, Apiranthos, Naxos\"><br \/>\n<small>Das letzte steile St\u00fcck bis zum Gipfel muss man eine gewundene Steintreppe hinaufklettern.<\/small><\/p>\n<p><img decoding=\"async\" src=\"https:\/\/azalas.de\/wp-content\/uploads\/2011\/10\/P1180159-1_450.jpg\" border=\"0\" alt=\"auf dem Fanari, Apiranthos, Naxos\"><br \/>\n<small>Und nun der Ausblick: Nach Nordwesten \u00fcber das Dorf Moni&#8230;<\/small><\/p>\n<p><img decoding=\"async\" src=\"https:\/\/azalas.de\/wp-content\/uploads\/2011\/10\/P1180162-1_450.jpg\" border=\"0\" alt=\"auf dem Fanari, Apiranthos, Naxos\"><br \/>\n<small>&#8230;nach S\u00fcdwesten \u00fcber die Traga\u00eda&#8230;<\/small><\/p>\n<p><img decoding=\"async\" src=\"https:\/\/azalas.de\/wp-content\/uploads\/2011\/10\/P1180184-1_450.jpg\" border=\"0\" alt=\"auf dem Fanari, Apiranthos, Naxos\"><br \/>\n<small>&#8230;nach Norden zum wolkenbedeckten Koronos-Massiv&#8230;<\/small><\/p>\n<p><img decoding=\"async\" src=\"https:\/\/azalas.de\/wp-content\/uploads\/2011\/10\/P1180189-1_450.jpg\" border=\"0\" alt=\"auf dem Fanari, Apiranthos, Naxos\"><br \/>\n<small>&#8230;und nach Nordosten \u00fcber das bewaldete Hochtal n\u00f6rdlich von Apiranthos Richtung Azalas.<\/small><\/p>\n<p><img decoding=\"async\" src=\"https:\/\/azalas.de\/wp-content\/uploads\/2011\/10\/P1180202-1_450.jpg\" border=\"0\" alt=\"auf dem Fanari, Apiranthos, Naxos\"><br \/>\n<small>Hier sieht man in der Bildmitte den steilen Granith\u00fcgel, auf dem die venezianische Festung Apano Kastro liegt.<\/small><\/p>\n<p><img decoding=\"async\" src=\"https:\/\/azalas.de\/wp-content\/uploads\/2011\/10\/P1180193-1_450.jpg\" border=\"0\" alt=\"auf dem Fanari, Apiranthos, Naxos\"><br \/>\n<small>Ein sch\u00f6ner Kletterfels steht mitten auf dem Gipfel.<\/small><\/p>\n<p><img decoding=\"async\" src=\"https:\/\/azalas.de\/wp-content\/uploads\/2011\/10\/P1180150-1_450.jpg\" border=\"0\" alt=\"auf dem Fanari, Apiranthos, Naxos\"><br \/>\n<small>In dieser Felswand liegt, \u00fcber einen schmalen Sims zu erreichen, eine kleine H\u00f6hle.<\/small><\/p>\n<p><img decoding=\"async\" src=\"https:\/\/azalas.de\/wp-content\/uploads\/2011\/10\/P1180158-1_450.jpg\" border=\"0\" alt=\"auf dem Fanari, Apiranthos, Naxos\"><br \/>\n<small>Dieser malerische Zickzackpfad klettert Richtung Moni hinab.<\/small><\/p>\n<p><img decoding=\"async\" src=\"https:\/\/azalas.de\/wp-content\/uploads\/photos\/naxos\/flora\/campanulaceae\/campanula_calaminthifolia-1.jpg\" alt=\"Campanula calaminthifolia\" border=\"0\"><br \/>\n<small>Auf dem Gipfel bl\u00fcht eine kleine, mehrj\u00e4hrige Glockenblume, <em>Campanula calaminthifolia<\/em>, eine Art, die nur in der zentralen \u00c4g\u00e4is vorkommt.<\/small><\/p>\n<p><img decoding=\"async\" src=\"https:\/\/azalas.de\/wp-content\/uploads\/photos\/naxos\/flora\/campanulaceae\/campanula_calaminthifolia_flower-2.jpg\" alt=\"Campanula calaminthifolia\" border=\"0\"><br \/>\n<small>Sie besitzt lang zugespitzte Kelchbl\u00e4tter.<\/small><\/p>\n<p><img decoding=\"async\" src=\"https:\/\/azalas.de\/wp-content\/uploads\/photos\/naxos\/flora\/campanulaceae\/campanula_calaminthifolia_flower-1.jpg\" alt=\"Campanula calaminthifolia\" border=\"0\"><br \/>\n<small>Die Bl\u00fcten sind zart behaart.<\/small><\/p>\n<p><img decoding=\"async\" src=\"https:\/\/azalas.de\/wp-content\/uploads\/2011\/10\/P1180198-1_450.jpg\" border=\"0\" alt=\"auf dem Fanari, Apiranthos, Naxos\" width=\"500\"> <img decoding=\"async\" src=\"https:\/\/azalas.de\/wp-content\/uploads\/2011\/10\/P1180199-1_450.jpg\" border=\"0\" alt=\"auf dem Fanari, Apiranthos, Naxos\" width=\"500\"><br \/>\n<small>Ein G\u00e4nsegeier fliegt nah an uns vorbei, einer der etwa 30 Exemplare, die noch auf Naxos \u00fcbrig sind &#8211; eine der gro\u00dfen ornithologischen Besonderheiten der Insel.<\/small><\/p>\n<p><img decoding=\"async\" src=\"https:\/\/azalas.de\/wp-content\/uploads\/2011\/10\/P1180208-1_450.jpg\" border=\"0\" alt=\"auf dem Fanari, Apiranthos, Naxos\"><br \/>\n<small>Und zum Schluss wieder der Abstieg \u00fcber die steile Steintreppe.<\/small><\/p>\n<p>weiter: <a href=\"http:\/\/azalas.de\/wanderung-um-den-fanari\/\">Wanderung um den Fanari<\/a><\/p>\n<p>zur\u00fcck: <a href=\"https:\/\/azalas.de\/wanderungen-und-spaziergaenge\/\">Wanderungen und Spazierg\u00e4nge<\/a><\/p>\n<p>siehe auch:<\/p>\n<ul>\n<li><a href=\"http:\/\/azalas.de\/spaziergang-fanari-1\/\">Auf dem Fanari 1: Panorama mit Sonnenuntergang<\/a><\/li>\n<li><a href=\"http:\/\/azalas.de\/wanderung-koronos-berg\/\">Der Koronos-Berg<\/a><\/li>\n<li><a href=\"http:\/\/azalas.de\/wanderung-zeus-1\/\">Auf dem Zeus-Gipfel 1: Blick in die Ferne<\/a><\/li>\n<li><a href=\"http:\/\/azalas.de\/naxos-tiere\/\">Die Tiere von Naxos<\/a><\/li>\n<li><a href=\"https:\/\/azalas.de\/flora-von-naxos\/\">Die Flora von Naxos<\/a><\/li>\n<li><a href=\"https:\/\/azalas.de\/chasmophyten\/\">Chasmophyten<\/a><\/li>\n<\/ul>\n<p><a href=\"https:\/\/azalas.de\/inhaltsverzeichnis\/\">Zum Inhaltsverzeichnis<\/a><\/p>\n","protected":false},"excerpt":{"rendered":"<p>&#8211; Glockenblumen und Geier Beim Dorf Apiranthos kann man in einer sch\u00f6nen kleinen Wanderung den zwischen dem Zeus-Berg und dem Massiv des Koronos gelegenen 883 Meter hohen Fanari besteigen. Einen abendlichen Aufstieg auf den Fanari habe ich schon an anderer Stelle beschrieben; hier jetzt ein paar Bilder von unserer letzten Besteigung. der R\u00fcckblick auf das [&hellip;]<\/p>\n","protected":false},"author":4,"featured_media":46553,"comment_status":"closed","ping_status":"closed","sticky":false,"template":"","format":"standard","meta":{"footnotes":""},"categories":[1997,11,9,12,22,23,7],"tags":[1030,58,1147,1070,57,938,1723,1722,1724,865,1042,1174,174,1032,47,46],"class_list":["post-3963","post","type-post","status-publish","format-standard","has-post-thumbnail","hentry","category-apiranthos","category-natur","category-naxos","category-pflanzen","category-tiere","category-voegel","category-wandern","tag-aktivitaeten","tag-apiranthos","tag-bird-watching","tag-campanula-calaminthifolia","tag-fanari","tag-gaensegeier","tag-geier","tag-glockenblume","tag-gyps-fulvus","tag-naxos","tag-unternehmungen","tag-voegel-von-naxos","tag-vogelbeobachten","tag-wandern","tag-wandern-auf-naxos","tag-wanderungen"],"_links":{"self":[{"href":"https:\/\/azalas.de\/de\/wp-json\/wp\/v2\/posts\/3963","targetHints":{"allow":["GET"]}}],"collection":[{"href":"https:\/\/azalas.de\/de\/wp-json\/wp\/v2\/posts"}],"about":[{"href":"https:\/\/azalas.de\/de\/wp-json\/wp\/v2\/types\/post"}],"author":[{"embeddable":true,"href":"https:\/\/azalas.de\/de\/wp-json\/wp\/v2\/users\/4"}],"replies":[{"embeddable":true,"href":"https:\/\/azalas.de\/de\/wp-json\/wp\/v2\/comments?post=3963"}],"version-history":[{"count":10,"href":"https:\/\/azalas.de\/de\/wp-json\/wp\/v2\/posts\/3963\/revisions"}],"predecessor-version":[{"id":71598,"href":"https:\/\/azalas.de\/de\/wp-json\/wp\/v2\/posts\/3963\/revisions\/71598"}],"wp:featuredmedia":[{"embeddable":true,"href":"https:\/\/azalas.de\/de\/wp-json\/wp\/v2\/media\/46553"}],"wp:attachment":[{"href":"https:\/\/azalas.de\/de\/wp-json\/wp\/v2\/media?parent=3963"}],"wp:term":[{"taxonomy":"category","embeddable":true,"href":"https:\/\/azalas.de\/de\/wp-json\/wp\/v2\/categories?post=3963"},{"taxonomy":"post_tag","embeddable":true,"href":"https:\/\/azalas.de\/de\/wp-json\/wp\/v2\/tags?post=3963"}],"curies":[{"name":"wp","href":"https:\/\/api.w.org\/{rel}","templated":true}]}}