{"id":2202,"date":"2010-12-12T17:33:58","date_gmt":"2010-12-12T15:33:58","guid":{"rendered":"http:\/\/klqewmpxo.cyon.link\/?page_id=2202"},"modified":"2026-01-22T07:09:12","modified_gmt":"2026-01-22T05:09:12","slug":"eichen","status":"publish","type":"post","link":"https:\/\/azalas.de\/de\/eichen\/","title":{"rendered":"Eichen, Quercus"},"content":{"rendered":"<p><big>D<\/big>ie Eichen sind mit etwa 500 Arten die gr\u00f6\u00dfte der sieben Gattungen der Buchengew\u00e4chse, die vor allem in den gem\u00e4\u00dfigten Regionen der Nordhalbkugel auftreten; die Buchengew\u00e4chse geh\u00f6ren zur Ordnung der Buchenartigen <em>(Fagales)<\/em> mit sieben Familien, die fast nur baum- und strauchf\u00f6rmige Pflanzen umfassen. Auf Naxos kommen vier Eichenarten vor.<\/p>\n<p><img decoding=\"async\" alt=\"\" src=\"https:\/\/azalas.de\/wp-content\/uploads\/photos\/naxos\/flora\/fagaceae\/acorns-1.jpg\" border=\"0\"><br \/>\n<small>Die Eicheln der vier Eichenarten von Naxos: oben von links nach rechts Flaumeiche, Kermeseiche und Steineiche, unten Walloneneiche.<\/small><\/p>\n<p>Hier kann man direkt zu den Arten springen (zur\u00fcck kommt man durch Zur\u00fcckbl\u00e4ttern): <a href=\"#A\">Kermeseiche, <em>Quercus coccifera<\/em><\/a>&nbsp; &#8211; &nbsp;<a href=\"#B\">Steineiche, <em>Quercus ilex<\/em><\/a>&nbsp; &#8211; &nbsp;<a href=\"#C\">Walloneneiche, <em>Quercus ithaburensis ssp. macrolepis<\/em><\/a>&nbsp; &#8211; &nbsp;<a href=\"#D\">Flaumeiche, <em>Quercus pubescens<\/em><\/a><\/p>\n<p><a href=\"https:\/\/azalas.de\/de\/fotouebersicht-baeume\/\">zur Foto-\u00dcbersicht<\/a><\/p>\n<h3>Die Immergr\u00fcnen Eichen<\/h3>\n<p><big>D<\/big>ie immergr\u00fcnen Eichen geh\u00f6ren zu den typischsten und am weitesten verbreiteten Baumarten des Mittelmeergebietes. Auf Naxos treten zwei Arten auf: die Kermeseiche und die Steineiche. Die Steineiche ist eine der Charakterarten der in der Mittelmeer-Klimazone verbreiteten Hartlaubw\u00e4lder. Die immergr\u00fcnen Eichen geh\u00f6ren zu den Hartlaubgew\u00e4chsen und sind gut an die sommerliche Trockenheit im Mittelmeergebiet angepasst.<\/p>\n<h6><a name=\"A\">Kermeseiche, <em>Quercus coccifera<\/em><\/a>, L.<\/h6>\n<p><big>D<\/big>ie Kermeseiche ist wohl die h\u00e4ufigste Baumart von Naxos. Sie ist ein sehr variabler, anpassungsf\u00e4higer Baum, der Trockenheit, Beweidung und sogar Feuer gut zu \u00fcberstehen vermag. Sie kommt fast \u00fcberall auf der Insel vor und fehlt nur in den hei\u00dfesten Regionen der Insel sowie in den Schiefer- und Granitregionen der niedrigeren Lagen, in denen den Sommer \u00fcber nicht ausreichend Wasser zur Verf\u00fcgung steht.<\/p>\n<p><img decoding=\"async\" alt=\"Kermeseiche, Quercus coccifera\" src=\"http:\/\/azalas.de\/wp-content\/uploads\/photos\/naxos\/flora\/fagaceae\/quercus_coccifera-4.jpg\" border=\"0\"><br \/>\n<small>Kermeseiche<\/small><\/p>\n<p><img decoding=\"async\" alt=\"Kermeseiche, Quercus coccifera\" src=\"https:\/\/azalas.de\/wp-content\/uploads\/photos\/naxos\/flora\/fagaceae\/quercus_coccifera-3.jpg\" border=\"0\"><br \/>\n<small>Kermeseichen am K\u00e1stro Apal\u00edrou<\/small><\/p>\n<p><img decoding=\"async\" alt=\"Kermeseiche, Quercus coccifera\" src=\"https:\/\/azalas.de\/wp-content\/uploads\/photos\/naxos\/flora\/fagaceae\/quercus_coccifera_detail-1.jpg\" border=\"0\"><br \/>\n<small>Die Kermeseichen besitzen eher kleine, leicht gez\u00e4hnte oder stachelige Bl\u00e4tter.<\/small><\/p>\n<p><img decoding=\"async\" alt=\"Kermeseiche, Quercus coccifera\" src=\"https:\/\/azalas.de\/wp-content\/uploads\/photos\/naxos\/flora\/fagaceae\/quercus_coccifera_leaves-1.jpg\" border=\"0\"><br \/>\n<small>Die Bl\u00e4tter der verbissenen Form sind sehr stachelig.<\/small><\/p>\n<p><img decoding=\"async\" alt=\"Kermeseiche, Quercus coccifera\" src=\"https:\/\/azalas.de\/wp-content\/uploads\/photos\/naxos\/flora\/fagaceae\/quercus_coccifera_fruit-2.jpg\" border=\"0\"><br \/>\n<small>Die Fruchtbecher der Eicheln besitzen viele leicht abstehende, spitze Schuppen.<\/small><\/p>\n<p><img decoding=\"async\" alt=\"Kermeseiche, Quercus coccifera\" src=\"https:\/\/azalas.de\/wp-content\/uploads\/photos\/naxos\/flora\/fagaceae\/quercus_coccifera_fruit-1.jpg\" border=\"0\"><\/p>\n<p><img decoding=\"async\" alt=\"Kermeseiche, Quercus coccifera\" src=\"http:\/\/azalas.de\/wp-content\/uploads\/photos\/naxos\/flora\/fagaceae\/quercus_coccifera_flower-1.jpg\" border=\"0\"><br \/>\n<small>bl\u00fchende Kermeseiche<\/small><\/p>\n<p><big>A<\/big>uf Naxos w\u00e4chst die Kermeseiche in den niedrigen Lagen meist als niedriger Baum oder verbissener Strauch; h\u00e4ufig bildet sie niedrige, mehrst\u00e4mmige Baumgruppen. In den mittleren und h\u00f6heren Lagen w\u00e4chst sie an g\u00fcnstigen Standorten als hoher Baum und kann dichte W\u00e4lder bilden; in einzelnen Exemplaren erreicht sie fast die Gr\u00f6\u00dfe der anderen Eichenarten. Bemerkenswert ist die ausgepr\u00e4gte F\u00e4higkeit der Kermeseiche, bei starkem Verbiss durch Ziegen als Busch oder niedriges Polster aus einem dichten Geflecht von fast undurchdringlichen Zweigen mit kleinen stacheligen Bl\u00e4ttern zu wachsen. Br\u00e4nde \u00fcbersteht sie gut und ist in der Lage, innerhalb kurzer Zeit aus den Wurzelst\u00f6cken wieder auszuschlagen und (sofern sie nicht durch Ziegen beweidet wird) schnell in die H\u00f6he zu wachsen.<\/p>\n<p><img decoding=\"async\" alt=\"Kermeseiche, Quercus coccifera\" src=\"https:\/\/azalas.de\/wp-content\/uploads\/photos\/naxos\/flora\/fagaceae\/quercus_coccifera_browsed-1.jpg\" border=\"0\"><br \/>\n<small>niedrige, von Ziegen verbissene Zwergform der Kermeseiche<\/small><\/p>\n<p><img decoding=\"async\" alt=\"Kermeseiche, Quercus coccifera\" src=\"https:\/\/azalas.de\/wp-content\/uploads\/photos\/naxos\/flora\/fagaceae\/quercus_coccifera_browsed-2.jpg\" border=\"0\"><br \/>\n<small>Garrigue aus verbissenen Kermeseichen<\/small><\/p>\n<p><img decoding=\"async\" alt=\"Kermeseiche, Quercus coccifera\" src=\"https:\/\/azalas.de\/wp-content\/uploads\/photos\/naxos\/flora\/fagaceae\/quercus_coccifera_browsed-3.jpg\" border=\"0\"><br \/>\n<small>Auch bei starkem Verbiss bilden die Str\u00e4uchlein nach und nach immer dichtere Gestr\u00fcppe.<\/small><\/p>\n<p><img decoding=\"async\" alt=\"Kermeseiche, Quercus coccifera\" src=\"https:\/\/azalas.de\/wp-content\/uploads\/photos\/naxos\/flora\/fagaceae\/quercus_coccifera-5.jpg\" border=\"0\"><br \/>\n<small>Wenn die Mitte des Gestr\u00fcpps f\u00fcr Ziegen unerreichbar wird, k\u00f6nnen die Zweige der verbissenen B\u00fcsche in die H\u00f6he wachsen. So entstehen kleine, vielst\u00e4mmige Baumgruppen dieser Art.<\/small><\/p>\n<p><img decoding=\"async\" alt=\"Kermeseiche, Quercus coccifera\" src=\"https:\/\/azalas.de\/wp-content\/uploads\/photos\/naxos\/flora\/fagaceae\/quercus_coccifera_group-1.jpg\" border=\"0\"><br \/>\n<small>Hier eine gro\u00dfe Kermeseichen-Gruppe, die vielleicht auf dieselbe Art entstanden ist.<\/small><\/p>\n<p><img decoding=\"async\" alt=\"Kermeseiche, Quercus coccifera\" src=\"https:\/\/azalas.de\/wp-content\/uploads\/photos\/naxos\/flora\/fagaceae\/quercus_coccifera-6.jpg\" border=\"0\"><br \/>\n<small>Die Kermeseiche kann zu einem gro\u00dfen Baum heranwachsen.<\/small><\/p>\n<p><img decoding=\"async\" alt=\"Kermeseiche, Quercus coccifera\" src=\"https:\/\/azalas.de\/wp-content\/uploads\/photos\/naxos\/flora\/fagaceae\/quercus_coccifera-2.jpg\" border=\"0\"><br \/>\n<small>Um Ap\u00edranthos wachsen an mehreren Stellen besonders gro\u00dfe Kermeseichen.<\/small><\/p>\n<p><img decoding=\"async\" alt=\"Kermeseiche, Quercus coccifera\" src=\"https:\/\/azalas.de\/wp-content\/uploads\/photos\/naxos\/flora\/fagaceae\/quercus_coccifera-7.jpg\" border=\"0\"><br \/>\n<small>gro\u00dfe Kermeseiche im Flusstal bei Chalk\u00ed<\/small><\/p>\n<p><img decoding=\"async\" alt=\"Kermeseiche, Quercus coccifera\" src=\"https:\/\/azalas.de\/wp-content\/uploads\/photos\/naxos\/flora\/fagaceae\/quercus_coccifera_old-1.jpg\" border=\"0\"><br \/>\n<small>Dieses sind die \u00e4ltesten Kermeseichen, die ich auf Naxos kenne; sie stehen im Tal Lakkom\u00e9rsina zwischen Ap\u00edranthos und Danak\u00f3s.<\/small><\/p>\n<p><img decoding=\"async\" alt=\"Kermeseiche, Quercus coccifera\" src=\"https:\/\/azalas.de\/wp-content\/uploads\/photos\/naxos\/flora\/fagaceae\/quercus_coccifera_old-2.jpg\" border=\"0\"><br \/>\n<small>Hier ein Blick hinauf in die Krone.<\/small><\/p>\n<p><big>I<\/big>n den niedrigeren Lagen der Insel bildet die Kermeseiche h\u00e4ufig niedrige W\u00e4lder, oft gemeinsam mit der Steinlinde und der Wilden Olive. Auch in den h\u00f6heren Lagen der Insel ist sie ein wichtiger Bestandteil der W\u00e4lder, hier meist gemeinsam mit dem Kretischen Ahorn.<\/p>\n<p><img decoding=\"async\" alt=\"Kermeseiche, Quercus coccifera\" src=\"https:\/\/azalas.de\/wp-content\/uploads\/photos\/naxos\/flora\/fagaceae\/quercus_coccifera_wood-1.jpg\" border=\"0\"><br \/>\n<small>typisches Kermeseichen-W\u00e4ldchen der niedrigen Lagen<\/small><\/p>\n<p><img decoding=\"async\" alt=\"Kermeseiche, Quercus coccifera\" src=\"https:\/\/azalas.de\/wp-content\/uploads\/photos\/naxos\/flora\/fagaceae\/quercus_coccifera_wood-2.jpg\" border=\"0\"><small>ebenso<\/small><\/p>\n<p><img decoding=\"async\" alt=\"Kermeseiche, Quercus coccifera\" src=\"http:\/\/azalas.de\/wp-content\/uploads\/photos\/naxos\/vegetation\/mountain_wood-1.jpg\" border=\"0\"><br \/>\n<small>Wald mit Kermeseichen und Kretischem Ahorn beim Stavr\u00f3s Keramot\u00eds<\/small><\/p>\n<p><img decoding=\"async\" alt=\"Kermeseiche, Quercus coccifera\" src=\"http:\/\/azalas.de\/wp-content\/uploads\/photos\/naxos\/vegetation\/kermes_oak_wood-1.jpg\" border=\"0\"><br \/>\n<small>Kermeseichenwald zwischen Ap\u00edranthos und Keram\u00ed<\/small><\/p>\n<h6><a name=\"B\">Steineiche, <em>Quercus ilex<\/em><\/a>, L.<\/h6>\n<p><big>D<\/big>ie Steineiche ist einer der Charakterb\u00e4ume der Waldgesellschaften der Mittelmeergebietes. Sie war fr\u00fcher im gesamten Mittelmeergebiet weit verbreitet, ist aber seit der intensiveren menschlichen Nutzung stark zur\u00fcckgegangen. Heute sind die Steineichenw\u00e4lder in den meisten Regionen verschwunden oder nur noch in kleinen Restbest\u00e4nden erhalten.<\/p>\n<p><img decoding=\"async\" alt=\"Steineiche, Quercus ilex\" src=\"https:\/\/azalas.de\/wp-content\/uploads\/photos\/naxos\/flora\/fagaceae\/quercus_ilex-2.jpg\" border=\"0\"><br \/>\n<small>gro\u00dfe Steineiche<\/small><\/p>\n<p><img decoding=\"async\" alt=\"Steineiche, Quercus ilex\" src=\"https:\/\/azalas.de\/wp-content\/uploads\/photos\/naxos\/flora\/fagaceae\/quercus_ilex_detail-1.jpg\" border=\"0\"><br \/>\n<small>Die Bl\u00e4tter der ausgewachsenen Steineichen sind schmal l\u00e4nglich und weitgehend ungez\u00e4hnt.<\/small><\/p>\n<p><img decoding=\"async\" alt=\"Steineiche, Quercus ilex\" src=\"https:\/\/azalas.de\/wp-content\/uploads\/photos\/naxos\/flora\/fagaceae\/quercus_ilex_leaves-1.jpg\" border=\"0\"><br \/>\n<small>Die Bl\u00e4tter der jungen B\u00e4ume sind viel breiter und leicht gez\u00e4hnt.<\/small><\/p>\n<p><img decoding=\"async\" alt=\"Steineiche, Quercus ilex\" src=\"https:\/\/azalas.de\/wp-content\/uploads\/photos\/naxos\/flora\/fagaceae\/quercus_ilex_fruit-2.jpg\" border=\"0\"><br \/>\n<small>Die Fruchtbecher der Steineiche besitzen winzige, anliegende Schuppen.<\/small><\/p>\n<p><big>E<\/big>s ist anzunehmen, dass die Steineiche fr\u00fcher auf Naxos zumindest in den h\u00f6heren Lagen weit verbreitet war. Sie ist viel empfindlicher gegen Feuer und Beweidung als die anderen Eichenarten und nicht imstande, eine gegen Verbiss resistente Zwergform auszubilden. Dadurch ist sie im Laufe der Jahrtausende menschlicher Nutzung der Insel allm\u00e4hlich zur\u00fcckgedr\u00e4ngt worden. Heute w\u00e4chst ein lockerer Bestand im schwer zug\u00e4nglichen und vom Feuer nicht erreichbaren Steilhang des Zeus-Berges, an einem vor Beweidung gesch\u00fctzten Hain bei Kin\u00eddaros und an einem Hang am Fluss n\u00f6rdlich von Kin\u00eddaros; au\u00dferdem kommt sie in einzelnen Exemplaren in S\u00edfones, Skep\u00f3ni und am K\u00f3ronos-Berg vor.<\/p>\n<p><img decoding=\"async\" alt=\"Steineiche, Quercus ilex\" src=\"https:\/\/azalas.de\/wp-content\/uploads\/photos\/naxos\/flora\/fagaceae\/quercus_ilex_habitat-1.jpg\" border=\"0\"><br \/>\n<small>Steineichenwald bei Kin\u00eddaros<\/small><\/p>\n<p><img decoding=\"async\" alt=\"Steineiche, Quercus ilex\" src=\"https:\/\/azalas.de\/wp-content\/uploads\/photos\/naxos\/flora\/fagaceae\/quercus_ilex_habitat-2.jpg\" border=\"0\"><br \/>\n<small>Steineichen in einem gemischten Wald mit Kermeseichen, Platanen, Schwarzerlen, Storaxbaum und Myrte an einem feuchten Hang im Tal n\u00f6rdlich von Kin\u00eddaros.<\/small><\/p>\n<p><img decoding=\"async\" alt=\"Steineiche, Quercus ilex\" src=\"https:\/\/azalas.de\/wp-content\/uploads\/photos\/naxos\/flora\/fagaceae\/quercus_ilex_zeus_forest-1.jpg\" border=\"0\"><br \/>\n<small>Steineichenwald im Steilhang des Zeus-Berges<\/small><\/p>\n<p><img decoding=\"async\" alt=\"Steineiche, Quercus ilex\" src=\"https:\/\/azalas.de\/wp-content\/uploads\/photos\/naxos\/flora\/fagaceae\/quercus_ilex_zeus-3.jpg\" border=\"0\"><br \/>\n<small>Im Steilhang des Zeus-Berges steht dieser Methusalem unter den Steineichen.<\/small><\/p>\n<p><img decoding=\"async\" alt=\"Steineiche, Quercus ilex\" src=\"https:\/\/azalas.de\/wp-content\/uploads\/photos\/naxos\/flora\/fagaceae\/quercus_ilex_methusalem.jpg\" border=\"0\"><br \/>\n<small>Der gelbe Ma\u00dfstab ist 2 Meter lang!<\/small><\/p>\n<h3>Die Sommergr\u00fcnen Eichen<\/h3>\n<p><big>S<\/big>ommergr\u00fcne Eichen z\u00e4hlen eigentlich nicht zur typisch mediterranen Vegetation, sondern geh\u00f6ren der sub- bzw. supramediterranen Klima- und Vegetationszone an, die sich in Europa n\u00f6rdlich an die Mediterrane Zone anschlie\u00dft bzw. in den Bergen oberhalb dieser liegt. Die beiden sommergr\u00fcnen Eichenarten von Naxos, die Flaumeiche und die Walloneneiche, kommen auf der Insel vor allem in offensichtlich angepflanzten Hainen in der Kulturlandschaft vor. Diese bestehen meist aus sehr gro\u00dfen, schon viele Hundert Jahre alten Exemplaren, die noch aus der Zeit stammen, als die Eichen wegen der Nutzung der Eicheln f\u00fcr die Schweinemast sowie zum F\u00e4rben und Gerben kultiviert wurden. Die Flaumeiche bildet im Norden der Insel jedoch auch offenbar nat\u00fcrliche Waldbest\u00e4nde, und auch die Walloneneiche verj\u00fcngt sich an g\u00fcnstigen Standorten.<\/p>\n<h6><a name=\"C\">Walloneneiche, <em>Quercus ithaburensis ssp. macrolepis<\/em><\/a>, (Kotschy) Hedge &amp; Yalt.<\/h6>\n<p><big>D<\/big>ie Walloneneiche muss man eigentlich als halbimmergr\u00fcn bezeichnen, da sie ihre alten Bl\u00e4tter meist erst im Fr\u00fchjahr abwirft, wenn die neuen austreiben. Sie kommt in S\u00fcdosteuropa vor.<\/p>\n<p><img decoding=\"async\" alt=\"Walloneneiche, Quercus ithaburensis ssp. macrolepis\" src=\"https:\/\/azalas.de\/wp-content\/uploads\/photos\/naxos\/flora\/fagaceae\/quercus_macrolepis-1.jpg\" border=\"0\"><br \/>\n<small>riesige Walloneneiche<\/small><\/p>\n<p><img decoding=\"async\" alt=\"Walloneneiche, Quercus ithaburensis ssp. macrolepis\" src=\"https:\/\/azalas.de\/wp-content\/uploads\/photos\/naxos\/flora\/fagaceae\/quercus_macrolepis-4.jpg\" border=\"0\"><br \/>\n<small>ebenso<\/small><\/p>\n<p><img decoding=\"async\" alt=\"Walloneneiche, Quercus ithaburensis ssp. macrolepis\" src=\"https:\/\/azalas.de\/wp-content\/uploads\/photos\/naxos\/flora\/fagaceae\/quercus_macrolepis_detail-1.jpg\" border=\"0\"><br \/>\n<small>Von Astspitze zu Astspitze misst dieser Baum 30 Meter.<\/small><\/p>\n<p><img decoding=\"async\" alt=\"Walloneneiche, Quercus ithaburensis ssp. macrolepis\" src=\"https:\/\/azalas.de\/wp-content\/uploads\/photos\/naxos\/flora\/fagaceae\/quercus_macrolepis_leaves-1.jpg\" border=\"0\"><br \/>\n<small>Die Bl\u00e4tter sind charakteristisch gez\u00e4hnt.<\/small><\/p>\n<p><img decoding=\"async\" alt=\"Walloneneiche, Quercus ithaburensis ssp. macrolepis\" src=\"https:\/\/azalas.de\/wp-content\/uploads\/photos\/naxos\/flora\/fagaceae\/quercus_macrolepis_fruit-1.jpg\" border=\"0\"><br \/>\n<small>Die gro\u00dfen Fruchtbecher der Walloneneiche zeichnen sich durch ihre langen, abstehenden Schuppen aus.<\/small><\/p>\n<p><img decoding=\"async\" alt=\"Walloneneiche, Quercus ithaburensis ssp. macrolepis\" src=\"https:\/\/azalas.de\/wp-content\/uploads\/photos\/naxos\/flora\/fagaceae\/quercus_macrolepis_fruit-2.jpg\" border=\"0\"><br \/>\n<small>Frucht der Walloneneiche<\/small><\/p>\n<p><big>D<\/big>ie Walloneneiche ist auf Naxos eher selten und w\u00e4chst fast nur in angepflanzt wirkenden, gr\u00f6\u00dftenteils sehr gro\u00dfen, alten Exemplaren vor allem in der Gegend um Ap\u00edranthos und Danak\u00f3s; an manchen Standorten verj\u00fcngt sie sich auch.<\/p>\n<p><img decoding=\"async\" alt=\"Walloneneiche, Quercus ithaburensis ssp. macrolepis\" src=\"https:\/\/azalas.de\/wp-content\/uploads\/photos\/naxos\/flora\/fagaceae\/quercus_macrolepis-2.jpg\" border=\"0\"><br \/>\n<small>Walloneneichen-Hain bei Ap\u00edranthos<\/small><\/p>\n<h6><a name=\"D\">Flaumeiche, <em>Quercus pubescens<\/em><\/a>, Willd.<\/h6>\n<p><big>D<\/big>ie Flaumeiche ist eine der Charakterarten der submediterranen Laubw\u00e4lder, die in S\u00fcdeuropa weitverbreitet sind; sie kommt auch in den w\u00e4rmeren Regionen von Deutschland wild vor. Sie sieht auf den ersten Blick der Walloneneiche \u00e4hnlich und w\u00e4chst wie diese zu gro\u00dfen Exemplaren heran.<\/p>\n<p><img decoding=\"async\" alt=\"Flaumeiche, Quercus pubescens\" src=\"https:\/\/azalas.de\/wp-content\/uploads\/photos\/naxos\/flora\/fagaceae\/quercus_pubescens-2.jpg\" border=\"0\"><br \/>\n<small>Flaumeichen bei Kin\u00eddaros<\/small><\/p>\n<p><img decoding=\"async\" alt=\"Flaumeiche, Quercus pubescens\" src=\"https:\/\/azalas.de\/wp-content\/uploads\/photos\/naxos\/flora\/fagaceae\/quercus_pubescens-1.jpg\" border=\"0\"><br \/>\n<small>Auch die Flaumeichen bilden weit ausladende Exemplare mit oft krumm wachsenden \u00c4sten.<\/small><\/p>\n<p><big>D<\/big>ie Flaumeiche ist der Walloneneiche auf den ersten Blick \u00e4hnlich. Oft kann man sie schon von weitem an den gro\u00dfen, auff\u00e4lligen Gallen erkennen, die durch eine Gallwespen-Art <em>(Andricus quercustozae)<\/em> hervorgerufen werden. Fr\u00fcher wurden die Gallen ebenso wie Borke und Fruchtbecher zum Gerben verwendet.<\/p>\n<p><img decoding=\"async\" alt=\"Flaumeiche, Quercus pubescens\" src=\"http:\/\/azalas.de\/wp-content\/uploads\/photos\/naxos\/flora\/fagaceae\/quercus_pubescens-3.jpg\" border=\"0\"><br \/>\n<small>Flaumeiche bei Komiak\u00ed<\/small><\/p>\n<p><img decoding=\"async\" alt=\"Flaumeiche, Quercus pubescens\" src=\"http:\/\/azalas.de\/wp-content\/uploads\/photos\/naxos\/flora\/fagaceae\/quercus_pubescens_detail-2.jpg\" border=\"0\"><br \/>\n<small>H\u00e4ufig bilden sich an den Flaumeichen derartige gro\u00dfe Gallen.<\/small><\/p>\n<p><img decoding=\"async\" alt=\"Flaumeiche, Quercus pubescens\" src=\"https:\/\/azalas.de\/wp-content\/uploads\/photos\/naxos\/flora\/fagaceae\/quercus_pubescens_detail-3.jpg\" border=\"0\"><br \/>\n<small>Die Bl\u00e4tter der Flaumeiche sind gebuchtet; die Frucht besitzt einen kleinen Fruchtbecher.<\/small><\/p>\n<p><img decoding=\"async\" alt=\"Flaumeiche, Quercus pubescens\" src=\"https:\/\/azalas.de\/wp-content\/uploads\/photos\/naxos\/flora\/fagaceae\/quercus_pubescens_flower-1.jpg\" border=\"0\"><br \/>\n<small>bl\u00fchende Flaumeiche<\/small><\/p>\n<p><big>W<\/big>ie die Walloneneiche w\u00e4chst auch die Flaumeiche auf Naxos gr\u00f6\u00dftenteils in offensichtlich angepflanzten Hainen. In der N\u00e4he von Komiak\u00ed, in einer der k\u00fchlsten und feuchtesten Regionen der Insel, bildet sie jedoch einen nat\u00fcrlichen Wald, in dem auch Jungwuchs hochkommt; es handelt sich also vermutlich um einen nat\u00fcrlichen Bestand.<\/p>\n<p><img decoding=\"async\" alt=\"Flaumeiche, Quercus pubescens\" src=\"http:\/\/azalas.de\/wp-content\/uploads\/photos\/naxos\/flora\/fagaceae\/quercus_pubescens_wood-1.jpg\" border=\"0\"><br \/>\n<small>Bei Komiak\u00ed gedeiht ein kleiner Wald, der vor allem aus Flaumeichen besteht.<\/small><\/p>\n<p><img decoding=\"async\" alt=\"Flaumeiche, Quercus pubescens\" src=\"https:\/\/azalas.de\/wp-content\/uploads\/photos\/naxos\/flora\/fagaceae\/quercus_pubescens_habitat-1.jpg\" border=\"0\"><br \/>\n<small>der Flaumeichenwald aus der Ferne<\/small><\/p>\n<p><img decoding=\"async\" alt=\"Flaumeiche, Quercus pubescens\" src=\"https:\/\/azalas.de\/wp-content\/uploads\/photos\/naxos\/flora\/fagaceae\/quercus_pubescens_saplings-1.jpg\" border=\"0\"><br \/>\n<small>junge Flaumeichen<\/small><\/p>\n<p><a href=\"https:\/\/azalas.de\/de\/fotouebersicht-baeume\/\">zur Foto-\u00dcbersicht<\/a><\/p>\n<p>siehe auch:<\/p>\n<ul>\n<li><a href=\"http:\/\/azalas.de\/phanerophyten\/\">Die Phanerophyten<\/a><\/li>\n<li><a href=\"http:\/\/azalas.de\/hartlaubvegetation\/\">Die Hartlaubvegetation<\/a><\/li>\n<li><a href=\"http:\/\/azalas.de\/waelder\/\">W\u00e4lder<\/a><\/li>\n<li><a href=\"http:\/\/azalas.de\/naxos-steineichen-kinidaros\/\">Die Steineichen von Kinidaros<\/a><\/li>\n<li><a href=\"http:\/\/azalas.de\/naxos-walloneneichen-karkos\/\">Der Walloneneichen-Hain bei Apiranthos<\/a><\/li>\n<\/ul>\n<p><a href=\"https:\/\/azalas.de\/flora-von-naxos\/\">Zur Flora von Naxos<\/a><\/p>\n<p><a href=\"https:\/\/azalas.de\/inhaltsverzeichnis\/\">Zum Inhaltsverzeichnis<\/a><\/p>\n","protected":false},"excerpt":{"rendered":"<p>Die Eichen sind mit etwa 500 Arten die gr\u00f6\u00dfte der sieben Gattungen der Buchengew\u00e4chse, die vor allem in den gem\u00e4\u00dfigten Regionen der Nordhalbkugel auftreten; die Buchengew\u00e4chse geh\u00f6ren zur Ordnung der Buchenartigen (Fagales) mit sieben Familien, die fast nur baum- und strauchf\u00f6rmige Pflanzen umfassen. Auf Naxos kommen vier Eichenarten vor. Die Eicheln der vier Eichenarten von [&hellip;]<\/p>\n","protected":false},"author":4,"featured_media":54541,"comment_status":"open","ping_status":"open","sticky":false,"template":"","format":"standard","meta":{"footnotes":""},"categories":[26,11,9,12],"tags":[356,420,225,732,729,299,865,730,1773,67,421],"class_list":["post-2202","post","type-post","status-publish","format-standard","has-post-thumbnail","hentry","category-flora-von-naxos","category-natur","category-naxos","category-pflanzen","tag-eiche","tag-eichen","tag-flaumeiche","tag-flora-of-naxos","tag-flora-von-naxos","tag-kermeseiche","tag-naxos","tag-pflanzen-von-naxos","tag-quercus","tag-steineiche","tag-walloneneiche"],"_links":{"self":[{"href":"https:\/\/azalas.de\/de\/wp-json\/wp\/v2\/posts\/2202","targetHints":{"allow":["GET"]}}],"collection":[{"href":"https:\/\/azalas.de\/de\/wp-json\/wp\/v2\/posts"}],"about":[{"href":"https:\/\/azalas.de\/de\/wp-json\/wp\/v2\/types\/post"}],"author":[{"embeddable":true,"href":"https:\/\/azalas.de\/de\/wp-json\/wp\/v2\/users\/4"}],"replies":[{"embeddable":true,"href":"https:\/\/azalas.de\/de\/wp-json\/wp\/v2\/comments?post=2202"}],"version-history":[{"count":23,"href":"https:\/\/azalas.de\/de\/wp-json\/wp\/v2\/posts\/2202\/revisions"}],"predecessor-version":[{"id":77494,"href":"https:\/\/azalas.de\/de\/wp-json\/wp\/v2\/posts\/2202\/revisions\/77494"}],"wp:featuredmedia":[{"embeddable":true,"href":"https:\/\/azalas.de\/de\/wp-json\/wp\/v2\/media\/54541"}],"wp:attachment":[{"href":"https:\/\/azalas.de\/de\/wp-json\/wp\/v2\/media?parent=2202"}],"wp:term":[{"taxonomy":"category","embeddable":true,"href":"https:\/\/azalas.de\/de\/wp-json\/wp\/v2\/categories?post=2202"},{"taxonomy":"post_tag","embeddable":true,"href":"https:\/\/azalas.de\/de\/wp-json\/wp\/v2\/tags?post=2202"}],"curies":[{"name":"wp","href":"https:\/\/api.w.org\/{rel}","templated":true}]}}