{"id":13970,"date":"2021-09-08T00:10:03","date_gmt":"2021-09-07T21:10:03","guid":{"rendered":"http:\/\/klqewmpxo.cyon.link\/?page_id=13970"},"modified":"2024-10-21T21:17:50","modified_gmt":"2024-10-21T18:17:50","slug":"wanderung-apiranthos-chalki","status":"publish","type":"post","link":"https:\/\/azalas.de\/de\/wanderung-apiranthos-chalki\/","title":{"rendered":"Von Apiranthos nach Chalki"},"content":{"rendered":"<p><big>A<\/big>nfang August wagen wir uns trotz der Hitze an eine kleine Wanderung: Wir laufen von Ap\u00edranthos \u00fcber die alten Fu\u00dfwege nach Mon\u00ed und Chalk\u00ed. Wir gehen ganz fr\u00fch los, so dass es beim Aufstieg auf den Fan\u00e1ri noch nicht zu warm ist. Nach dem Aufstieg geht es steil ins Tal der Traga\u00eda hinunter. Der nach Westen gerichtete Berghang liegt noch v\u00f6llig im Schatten, so dass man angenehm laufen kann. Auch danach wandern wir viel im Schatten: Es geht durch die kleinen W\u00e4ldchen am Rand der bewirtschafteten Ebene oder unter den unz\u00e4hligen \u00d6lb\u00e4umen und Eichen der Traga\u00eda entlang &#8211; eine Wanderung, die auch f\u00fcr den Sommer gut geeignet ist!<\/p>\n<p><big>E<\/big>rst f\u00fchrt uns der Wanderweg &#8211; auf der ganzen Strecke hervorragend mit roten Punkten markiert &#8211; \u00fcber den Fan\u00e1ri bis in die N\u00e4he von Mon\u00ed; dann biegen wir nach S\u00fcden ab und laufen nach Kal\u00f3xylos und Chalk\u00ed. Auf der Wanderkarte des Anavasi-Verlags entspricht die Wanderung erst dem Wanderweg 8; nachdem wir die Traga\u00eda erreicht haben folgen wir einem auf der Karte nicht als Wanderweg gekennzeichneten Pfad ganz am Ostrand der Ebene, bei Mon\u00ed biegen wir wieder in den Wanderweg 8 ein und folgen schlie\u00dflich Wanderweg 4 bis Kal\u00f3xylos und Chalk\u00ed.<\/p>\n<p><img decoding=\"async\" src=\"https:\/\/azalas.de\/wp-content\/uploads\/2021\/09\/P1130313-1_450.jpg\" alt=\"Wanderweg von Apiranthos nach Chalki, Apiranthos\" border=\"0\"><br \/>\n<small>In Ap\u00edranthos f\u00fchrt der Weg steil die Gassen hinan durchs Dorf, dann geht es den Hang des Fan\u00e1ri hinauf (derselbe Weg, der auch zur Spitze des Fan\u00e1ri mit der kleinen Kapelle Panag\u00eda Fanari\u00f3tissa f\u00fchrt). Die Sonne steht noch sehr niedrig, und die Aussicht auf das Dorf und die Inseln im Hintergrund ist herrlich.<\/small><\/p>\n<p><img decoding=\"async\" src=\"https:\/\/azalas.de\/wp-content\/uploads\/2021\/09\/P1130314-1_450.jpg\" alt=\"Wanderweg von Apiranthos nach Chalki\" border=\"0\"><br \/>\n<small>Hier der Blick nach S\u00fcden auf den Zeus-Berg.<\/small><\/p>\n<p><img decoding=\"async\" src=\"https:\/\/azalas.de\/wp-content\/uploads\/2021\/09\/P1130317-1_450.jpg\" alt=\"Wanderweg von Apiranthos nach Chalki\" border=\"0\"><br \/>\n<small>Teilweise ist der alte Maultierpfad wunderbar mit Steinplatten ausgelegt.<\/small><\/p>\n<p><img decoding=\"async\" src=\"https:\/\/azalas.de\/wp-content\/uploads\/2021\/09\/P1130327-1_450.jpg\" alt=\"Wanderweg von Apiranthos nach Chalki\" border=\"0\"><br \/>\n<small>Nachdem wir knapp s\u00fcdlich von der Spitze des Fan\u00e1ri die Passh\u00f6he \u00fcberwunden haben, \u00f6ffnet sich der Blick auf die Traga\u00eda und die weiter s\u00fcdlich gelegenen H\u00fcgel. Hier sieht man den Zeus-Berg ganz am linken Rand, etwa in der Bildmitte liegt Fil\u00f3ti und weiter rechts sieht man Damari\u00f3nas.<\/small><\/p>\n<p><img decoding=\"async\" src=\"https:\/\/azalas.de\/wp-content\/uploads\/2021\/09\/P1130328-1_450.jpg\" alt=\"Wanderweg von Apiranthos nach Chalki\" border=\"0\"><br \/>\n<small>Nach Norden schauen wir den steilen Hang des Fan\u00e1ri entlang bis zum K\u00f3ronos-Berg im Hintergrund.<\/small><\/p>\n<p><img decoding=\"async\" src=\"https:\/\/azalas.de\/wp-content\/uploads\/2021\/09\/P1130346-1_450.jpg\" alt=\"Wanderweg von Apiranthos nach Chalki\" border=\"0\"><br \/>\n<small>Der malerische Pfad schl\u00e4ngelt sich in vielen Serpentinen den steilen Hang hinunter.<\/small><\/p>\n<p><img decoding=\"async\" src=\"https:\/\/azalas.de\/wp-content\/uploads\/2021\/09\/P1130356-1_450.jpg\" alt=\"Wanderweg von Apiranthos nach Chalki, altes Steinhaus\" border=\"0\"><br \/>\n<small>Nun kommen wir wieder in bewirtschaftetes Gel\u00e4nde. Der Weg f\u00fchrt an diesem winzigen Steinh\u00e4uschen vorbei, links von einem gro\u00dfen Feigenbaum \u00fcberschattet. Vorm H\u00e4uschen steht ein abgestorbener Maulbeerbaum, der von einem Weinstock \u00fcberwuchert ist, so dass er jetzt wieder Bl\u00e4tter hat.<\/small><\/p>\n<p><img decoding=\"async\" src=\"https:\/\/azalas.de\/wp-content\/uploads\/2021\/09\/P1130369-1_450.jpg\" alt=\"Wanderweg von Apiranthos nach Chalki, altes Steinhaus\" border=\"0\"><br \/>\n<small>noch ein sch\u00f6nes altes Steinhaus<\/small><\/p>\n<p><img decoding=\"async\" src=\"https:\/\/azalas.de\/wp-content\/uploads\/2021\/09\/P1130376-1_450.jpg\" alt=\"Wanderweg von Apiranthos nach Chalki\" border=\"0\"><br \/>\n<small>Wir kommen an Olivenhainen und vielen Eichen vorbei, so dass der Weg weiterhin oft im Schatten verl\u00e4uft.<\/small><\/p>\n<p><img decoding=\"async\" src=\"https:\/\/azalas.de\/wp-content\/uploads\/2021\/09\/P1130377-1_450.jpg\" alt=\"Wanderweg von Apiranthos nach Chalki\" border=\"0\"><br \/>\n<small>Nach jeder Kurve \u00e4ndert sich die Landschaft ein wenig, und jedes St\u00fcckchen des Wegs hat seinen eigenen Reiz.<\/small><\/p>\n<p><img decoding=\"async\" src=\"https:\/\/azalas.de\/wp-content\/uploads\/2021\/09\/P1130381-1_450.jpg\" alt=\"Wanderweg von Apiranthos nach Chalki\" border=\"0\"><br \/>\n<small>Weiterhin haben wir einen wundersch\u00f6nen Ausblick \u00fcber die T\u00e4ler und H\u00fcgel von Naxos und auf die Insel Paros im Hintergrund.<\/small><\/p>\n<p><img decoding=\"async\" src=\"https:\/\/azalas.de\/wp-content\/uploads\/2021\/09\/P1130388-1_450.jpg\" alt=\"Wanderweg von Apiranthos nach Chalki\" border=\"0\"><br \/>\n<small>An einer kleinen Felswand wachsen gigantische Efeu-&#8222;B\u00e4ume&#8220;.<\/small><\/p>\n<p><img decoding=\"async\" src=\"https:\/\/azalas.de\/wp-content\/uploads\/2021\/09\/P1130396-1_450.jpg\" alt=\"Wanderweg von Apiranthos nach Chalki\" border=\"0\"><br \/>\n<small>Wir kommen an einer riesigen Agave vorbei.<\/small><\/p>\n<p><img decoding=\"async\" src=\"https:\/\/azalas.de\/wp-content\/uploads\/2021\/09\/P1130404-1_450.jpg\" alt=\"Wanderweg von Apiranthos nach Chalki\" border=\"0\"><br \/>\n<small>Und noch ein sch\u00f6ner Blick&#8230;<\/small><\/p>\n<p><img decoding=\"async\" src=\"https:\/\/azalas.de\/wp-content\/uploads\/2021\/09\/P1130407-1_450.jpg\" alt=\"Wanderweg von Apiranthos nach Chalki\" border=\"0\"><br \/>\n<small>Der Weg f\u00fchrt uns weit nach Norden fast bis Mon\u00ed. Hier kommen wir &#8211; etwas oberhalb der bewirtschafteten Gegend &#8211; durch kleine, lockere Kermeseichenw\u00e4lder.<\/small><\/p>\n<p><big>K<\/big>urz vor Mon\u00ed ist der Akku meines Fotoapparats leer; aber den Weg von Mon\u00ed nach Kal\u00f3xylos haben wir ja schon anderswo beschrieben.<\/p>\n<p>weiter: <a href=\"http:\/\/azalas.de\/wanderung-apiranthos-moni\/\">Von Apiranthos nach Moni<\/a><\/p>\n<p>zur\u00fcck: <a href=\"https:\/\/azalas.de\/wanderungen-und-spaziergaenge\/\">Wanderungen und Spazierg\u00e4nge<\/a><\/p>\n<p>siehe auch:<\/p>\n<ul>\n<li><a href=\"http:\/\/azalas.de\/wanderung-tragaia\/\">Durch die Tragaia: Von Kaloxylos nach Moni<\/a><\/li>\n<li><a href=\"http:\/\/azalas.de\/spaziergang-fanari-1\/\">Auf dem Fanari &#8211; Panorama mit Sonnenuntergang<\/a><\/li>\n<\/ul>\n<p><a href=\"https:\/\/azalas.de\/inhaltsverzeichnis\/\">Zum Inhaltsverzeichnis<\/a><\/p>\n","protected":false},"excerpt":{"rendered":"<p>Anfang August wagen wir uns trotz der Hitze an eine kleine Wanderung: Wir laufen von Ap\u00edranthos \u00fcber die alten Fu\u00dfwege nach Mon\u00ed und Chalk\u00ed. Wir gehen ganz fr\u00fch los, so dass es beim Aufstieg auf den Fan\u00e1ri noch nicht zu warm ist. Nach dem Aufstieg geht es steil ins Tal der Traga\u00eda hinunter. Der nach [&hellip;]<\/p>\n","protected":false},"author":4,"featured_media":51862,"comment_status":"closed","ping_status":"closed","sticky":false,"template":"","format":"standard","meta":{"footnotes":""},"categories":[1997,9,7],"tags":[58,1015,57,32,1039,865,485,33,47,1040],"class_list":["post-13970","post","type-post","status-publish","format-standard","has-post-thumbnail","hentry","category-apiranthos","category-naxos","category-wandern","tag-apiranthos","tag-chalki","tag-fanari","tag-ferien","tag-maultierpfade","tag-naxos","tag-sifones","tag-urlaub","tag-wandern-auf-naxos","tag-wanderurlaub"],"_links":{"self":[{"href":"https:\/\/azalas.de\/de\/wp-json\/wp\/v2\/posts\/13970","targetHints":{"allow":["GET"]}}],"collection":[{"href":"https:\/\/azalas.de\/de\/wp-json\/wp\/v2\/posts"}],"about":[{"href":"https:\/\/azalas.de\/de\/wp-json\/wp\/v2\/types\/post"}],"author":[{"embeddable":true,"href":"https:\/\/azalas.de\/de\/wp-json\/wp\/v2\/users\/4"}],"replies":[{"embeddable":true,"href":"https:\/\/azalas.de\/de\/wp-json\/wp\/v2\/comments?post=13970"}],"version-history":[{"count":5,"href":"https:\/\/azalas.de\/de\/wp-json\/wp\/v2\/posts\/13970\/revisions"}],"predecessor-version":[{"id":71604,"href":"https:\/\/azalas.de\/de\/wp-json\/wp\/v2\/posts\/13970\/revisions\/71604"}],"wp:featuredmedia":[{"embeddable":true,"href":"https:\/\/azalas.de\/de\/wp-json\/wp\/v2\/media\/51862"}],"wp:attachment":[{"href":"https:\/\/azalas.de\/de\/wp-json\/wp\/v2\/media?parent=13970"}],"wp:term":[{"taxonomy":"category","embeddable":true,"href":"https:\/\/azalas.de\/de\/wp-json\/wp\/v2\/categories?post=13970"},{"taxonomy":"post_tag","embeddable":true,"href":"https:\/\/azalas.de\/de\/wp-json\/wp\/v2\/tags?post=13970"}],"curies":[{"name":"wp","href":"https:\/\/api.w.org\/{rel}","templated":true}]}}