{"id":133,"date":"2009-02-23T01:53:28","date_gmt":"2009-02-22T23:53:28","guid":{"rendered":"http:\/\/klqewmpxo.cyon.link\/?page_id=133"},"modified":"2024-09-08T05:49:37","modified_gmt":"2024-09-08T02:49:37","slug":"regen-hagel-gewitter","status":"publish","type":"post","link":"https:\/\/azalas.de\/de\/regen-hagel-gewitter\/","title":{"rendered":"Regen, Hagel und Gewitter"},"content":{"rendered":"<p><img decoding=\"async\" src=\"\/wp-content\/uploads\/photos\/naxos\/weather\/rain_and_rainbow-1.jpg\" alt=\"\"><\/p>\n<h1>Regen, Hagel und Gewitter<\/h1>\n<h3>Regen und Hagel<\/h3>\n<div>Wenn Wolken eine gro\u00dfe vertikale Ausdehnung erreichen (<em>Cumulonimbus<\/em>&#8211; und <em>Nimbostratus<\/em>-Wolken), dann beginnt es aus ihnen zu regnen. In reinen Wasserwolken k\u00f6nnen die Regentropfen nur so weit anwachsen, dass es zu einem leichten Spr\u00fchregen kommt. Damit gro\u00dftropfiger Regen fallen kann, muss die Wolke zumindest in ihren obersten Teilen vereist sein: Nur Hagelk\u00f6rner k\u00f6nnen in der Wolke soweit anwachsen, dass sie (wieder geschmolzen) als gro\u00dfe Regentropfen auf die Erde fallen. Die vereisten Teile der <em>Cumulus<\/em>-Wolken haben keine Blumenkohl-artige Struktur, sondern sind entweder glatt oder faserig strukturiert.<\/div>\n<ul>\n<li>\n<p>        <img decoding=\"async\" src=\"\/wp-content\/uploads\/2009\/02\/DSCN6802-1_450.jpg\" alt=\"aufziehende Regenwolke, Naxos\"><\/p>\n<div>Wolken aus Wassertropfen (unten) und Eiskristallen (oben)<\/div>\n<\/li>\n<li>\n<p>        <img decoding=\"async\" src=\"\/wp-content\/uploads\/2009\/02\/DSCN6798-1_450.jpg\" alt=\"im oberen Teil vereiste Regenwolke, Naxos\"><\/p>\n<div>Im oberen Teil vereiste <em>Cumulonimbus<\/em>-Wolke<\/div>\n<\/li>\n<\/ul>\n<div>\n<p>Hoch aufget\u00fcrmte <em>Cumulonimbus<\/em>&#8211; und <em>Nimbostratus<\/em>-Wolken, die viel Regen bringen, k\u00f6nnen sich nur dann bilden, wenn g\u00fcnstige Bedingungen f\u00fcr hohes Aufquellen der Luftmassen herrschen. Solche Bedingungen bestehen beispielsweise an der Warmfront eines Tiefdruckgebietes, wo die Warmluft auf die Kaltluft aufgleitet, oder kurz vor der Kaltfront, wo die Kaltluft- und die Warmluftmassen aufeinander zu str\u00f6men, was zu starken Aufwinden f\u00fchrt, die die Warmluft in die H\u00f6he treiben. Au\u00dferdem treten sie auf, wenn \u00fcber aufgeheizten Landfl\u00e4chen Luftblasen durch Konvektion in die H\u00f6he steigen. F\u00fcr ein hohes Aufquellen von Warmluftblasen ist eine labile, das hei\u00dft \u00fcberadiabatische Temperaturschichtung der Atmosph\u00e4re (starke Temperaturabnahme mit der H\u00f6he) erforderlich (siehe auch: <a href=\"https:\/\/azalas.de\/wetter-1\/\">Atmosph\u00e4re und Kondensation<\/a>\u00a0und <a href=\"https:\/\/azalas.de\/winterwetter\/\">Winterwetter<\/a>).<\/p>\n<\/div>\n<div>\n<p>    <img decoding=\"async\" src=\"\/wp-content\/uploads\/photos\/naxos\/weather\/thundercloud-1.jpg\" alt=\"hoch aufgequollene <em>Cumulonimbus-<\/em>Wolke&#8220;><\/p>\n<div>hoch aufgequollene <em>Cumulonimbus-<\/em>Wolke<\/div>\n<\/div>\n<div>Der Regen in der <em>Cumulonimbus<\/em>-Wolke bildet sich in Form von Hagelk\u00f6rnern. In hoch entwickelten Wolken herrschen starke Aufwinde, die die zu Boden fallenden Hagelk\u00f6rner wieder in die H\u00f6he tragen. Je l\u00e4nger die Hagelk\u00f6rner in der Wolke auf- und abgeweht werden, ehe sie zu Boden fallen, desto gr\u00f6\u00dfer wachsen sie durch Sublimation von Luftfeuchtigkeit sowie durch das Anfrieren von anderen Hagelk\u00f6rnern an. Normalerweise schmelzen die Hagelk\u00f6rner, bevor sie den Boden erreichen und fallen als gro\u00dftropfiger Regen auf die Erde.<\/div>\n<ul>\n<li>\n<p>        <img decoding=\"async\" src=\"https:\/\/azalas.de\/wp-content\/uploads\/2009\/02\/DSCN7095-1_450.jpg\" alt=\"Regenfall aus einer gro\u00dfen Cumulonimbus-Wolke, Naxos\"\"><\/p>\n<div>gro\u00dftropfiger Regen<\/div>\n<\/li>\n<li>\n<p>        <img decoding=\"async\" src=\"\/wp-content\/uploads\/photos\/naxos\/weather\/rain_and_hail-1.jpg\" alt=\"Hagel\"><\/p>\n<div>Hagelfall kommt auf Naxos eher selten vor.<\/div>\n<\/li>\n<\/ul>\n<div>Ab einer gewissen Gr\u00f6\u00dfe schmelzen die Hagelk\u00f6rner nicht mehr vollst\u00e4ndig weg, bevor sie den Boden erreichen: es hagelt. Richtiger Hagel kommt auf Naxos recht selten vor; meistens ist es zu warm oder zu windig, so dass die Wolken die daf\u00fcr erforderliche H\u00f6he oder Gr\u00f6\u00dfe nicht erreichen k\u00f6nnen.<\/div>\n<ul>\n<li>\n<p>        <img decoding=\"async\" src=\"https:\/\/azalas.de\/wp-content\/uploads\/2010\/11\/P1050673-1_450.jpg\" alt=\"heftiger Regenfall in Azal\u00e1s, Naxos\"><\/p>\n<div>heftiger Regenfall in Azal\u00e1s<\/div>\n<\/li>\n<li>\n<p>        <img decoding=\"async\" src=\"\/wp-content\/uploads\/photos\/naxos\/weather\/rain_river-1.jpg\" alt=\"bei starken Regenfall ins Meer geschwemmte Erde\"><\/p>\n<div>Bei starkem Regen beginnt der Fluss zu flie\u00dfen und viel Erde wird ins Meer geschwemmt.<\/div>\n<\/li>\n<\/ul>\n<div>\n<h5>Fotos von starkem Unwetter in \u00c1gios Dim\u00edtris und Moutso\u00fana, 8.12.2022<\/h5>\n<\/div>\n<ul>\n<li>\n<p>        <img decoding=\"async\" src=\"\/wp-content\/uploads\/photos\/naxos\/weather\/strong_rain_agios_dimitris-1.jpg\" alt=\"\"><\/p>\n<div>Das Unwetter zieht ab.<\/div>\n<\/li>\n<li>\n<p>        <img decoding=\"async\" src=\"\/wp-content\/uploads\/photos\/naxos\/weather\/strong_rain_agios_dimitris-2.jpg\" alt=\"\"><\/p>\n<div>Sogar an unserem Strand ist viel Wasser heruntergeflossen.<\/div>\n<\/li>\n<li>\n<p>        <img decoding=\"async\" src=\"\/wp-content\/uploads\/photos\/naxos\/weather\/strong_rain_agios_dimitris-3.jpg\" alt=\"\"><\/p>\n<div>Unsere Stra\u00dfe sieht nun so aus.<\/div>\n<\/li>\n<li>\n<p>        <img decoding=\"async\" src=\"\/wp-content\/uploads\/photos\/naxos\/weather\/strong_rain_agios_dimitris-4.jpg\" alt=\"\"><\/p>\n<div>Und so der Fluss.<\/div>\n<\/li>\n<li>\n<p>        <img decoding=\"async\" src=\"\/wp-content\/uploads\/photos\/naxos\/weather\/strong_rain_moutsouna-1.jpg\" alt=\"\"><\/p>\n<div>In Moutso\u00fana hat das Unwetter einigen Schaden angerichtet.<\/div>\n<\/li>\n<li>\n<p>        <img decoding=\"async\" src=\"\/wp-content\/uploads\/photos\/naxos\/weather\/strong_rain_moutsouna-2.jpg\" alt=\"\"><\/p>\n<div>Direkt neben der Mole m\u00fcndet, unter Beton, der Fluss.<\/div>\n<\/li>\n<li>\n<p>        <img decoding=\"async\" src=\"\/wp-content\/uploads\/photos\/naxos\/weather\/strong_rain_moutsouna-4.jpg\" alt=\"\"><\/p>\n<div>Oberhalb davon hat der Fluss seine Betondecke weggedr\u00fcckt.<\/div>\n<\/li>\n<li>\n<p>        <img decoding=\"async\" src=\"\/wp-content\/uploads\/photos\/naxos\/weather\/strong_rain_moutsouna-3.jpg\" alt=\"\"><\/p>\n<div>Die Stra\u00dfe nach S\u00fcden ist besch\u00e4digt, zwei Autos wurden ins Meer geschwemmt.<\/div>\n<\/li>\n<\/ul>\n<h3>Gewitter<\/h3>\n<div>Die Luftmassen in einer <em>Cumulonimbus<\/em>-Wolke k\u00f6nnen nur solange in die H\u00f6he steigen, wie sie w\u00e4rmer (bzw. leichter) sind als die Umgebungsluft. Sie werden also sp\u00e4testens an der Tropopause an der die Lufttemperatur deutlich ansteigt in ihrer vertikalen Entwicklung gestoppt. Hier m\u00fcssen die Luftmassen nun seitlich ausweichen, so dass die Wolke die f\u00fcr Gewitter typische Amboss-Form annimmt <em>(Cumulonimbus incus)<\/em>. Der Amboss der Wolke besitzt normalerweise eine glatte oder faserige Struktur, da er \u00fcberwiegend aus Eiskristallen besteht.<\/div>\n<div>\n<h5>Gewitterwolken mit Amboss <em>(Cumulonimbus incus)<\/em><\/h5>\n<\/div>\n<ul>\n<li>\n<p>        <img decoding=\"async\" src=\"https:\/\/azalas.de\/wp-content\/uploads\/2009\/02\/DSCN3663-1_450.jpg\" alt=\"Gewitterwolke mit Amboss <em>(Cumulonimbus incus)<\/em>&#8222;><\/p>\n<\/li>\n<li>\n<p>        <img decoding=\"async\" src=\"https:\/\/azalas.de\/wp-content\/uploads\/2009\/02\/DSCN6788-1_450.jpg\" alt=\"Gewitterwolke mit Amboss <em>(Cumulonimbus incus)<\/em>&#8222;><\/p>\n<\/li>\n<\/ul>\n<div>\n<h5>Gewitterwolken mit Regens\u00e4cken <em>(Cumulonimbus mamma)<\/em><\/h5>\n<\/div>\n<ul>\n<li>\n<p>        <img decoding=\"async\" src=\"\/wp-content\/uploads\/photos\/naxos\/weather\/thundercloud-2.jpg\" alt=\"Gewitterwolke mit Regens\u00e4cken <em>(Cumulonimbus mammatus)<\/em>&#8222;><\/p>\n<\/li>\n<li>\n<p>        <img decoding=\"async\" src=\"https:\/\/azalas.de\/wp-content\/uploads\/2009\/02\/DSCN2457-1_450.jpg\" alt=\"\"><\/p>\n<\/li>\n<li>\n<p>        <img decoding=\"async\" src=\"\/wp-content\/uploads\/photos\/naxos\/weather\/cumulonimbus_mamma-2.jpg\" alt=\"Gewitterwolke mit Regens\u00e4cken <em>(Cumulonimbus mammatus)<\/em>&#8222;><\/p>\n<\/li>\n<li>\n<p>        <img decoding=\"async\" src=\"\/wp-content\/uploads\/photos\/naxos\/weather\/cumulonimbus_mamma-1.jpg\" alt=\"Gewitterwolke mit Regens\u00e4cken <em>(Cumulonimbus mammatus)<\/em>&#8222;><\/p>\n<\/li>\n<\/ul>\n<div>\n<p><small>Gewitterwolke mit sogenannten Regens\u00e4cken <em>(Cumulonimbus mamma)<\/em>. Diese k\u00f6nnen auf der R\u00fcckseite einer gro\u00dfen Regenwolke entstehen, wenn die darunterliegende Luft sehr trocken ist. Diese Wolkenform ist zwar selten zu sehen, aber besonders beeindruckend.<\/small><\/p>\n<\/div>\n<div>\n<h5>B\u00f6enwalze vor Gewitterwolke<\/h5>\n<\/div>\n<ul>\n<li>\n<p>        <img decoding=\"async\" src=\"\/wp-content\/uploads\/photos\/naxos\/weather\/gust_roller-2.jpg\" alt=\"gust_roller-1\"><\/p>\n<\/li>\n<li>\n<p>        <img decoding=\"async\" src=\"\/wp-content\/uploads\/photos\/naxos\/weather\/gust_roller-1.jpg\" alt=\"B\u00f6enwalze vor Gewitterwolke\"><\/p>\n<\/li>\n<\/ul>\n<div>\n<p><small>Am Vorderrand einer Gewitter- oder Regenwolke bildet sich manchmal durch die starken Auf- und Abwinde eine sogenannte B\u00f6enwalze aus.<\/small><\/p>\n<\/div>\n<div>\n<h5>Entwicklung einer Gewitterwolke mit Amboss <em>(Cumulonimbus incus)<\/em><\/h5>\n<\/div>\n<ul>\n<li>\n<p>        <img decoding=\"async\" src=\"\/wp-content\/uploads\/photos\/naxos\/weather\/thundercloud_development-4.jpg\" alt=\"Entwicklung einer Gewitterwolke <em>(Cumulonimbus incus)<\/em>&#8222;><\/p>\n<\/li>\n<li>\n<p>        <img decoding=\"async\" src=\"\/wp-content\/uploads\/photos\/naxos\/weather\/thundercloud_development-2.jpg\" alt=\"Gewitterwolke mit Amboss <em>(Cumulonimbus incus)<\/em>&#8222;><\/p>\n<\/li>\n<li>\n<p>        <img decoding=\"async\" src=\"\/wp-content\/uploads\/photos\/naxos\/weather\/thundercloud_development-3.jpg\" alt=\"Entwicklung einer Gewitterwolke <em>(Cumulonimbus incus)<\/em>&#8222;><\/p>\n<\/li>\n<\/ul>\n<ul>\n<li>\n<p>        <img decoding=\"async\" src=\"https:\/\/azalas.de\/wp-content\/uploads\/2020\/11\/P1030741-1_450.jpg\" alt=\"\"><\/p>\n<\/li>\n<li>\n<p>        <img decoding=\"async\" src=\"https:\/\/azalas.de\/wp-content\/uploads\/2020\/11\/P1030817-1_450.jpg\" alt=\"\"><\/p>\n<div>Gewitter-Panorama<\/div>\n<\/li>\n<\/ul>\n<h3>Blitz<\/h3>\n<div>\n<p>In einer Gewitterwolke kommt es zu hohen elektrischen Spannungen. Diese entstehen dadurch, dass die von den starken Auf- und Abwinden hin- und hergerissenen feinen Eiskristalle bei ihren Kollisionen unterschiedliche Ladungen annehmen. Die positiv geladenen K\u00f6rner sammeln sich im oberen Teil der Wolke und die schwereren negativ geladenen Eissplitter in den unteren Wolkenregionen. Auf diese Weise l\u00e4dt sich der obere Teil der Wolke positiv und der untere negativ auf; die Erdoberfl\u00e4che tr\u00e4gt wiederum eine positive Ladung. Diese Spannungen von 20 Millionen bis Milliarden Volt entladen sich durch heftige Stromst\u00f6\u00dfe. Die dabei transportierten freien Elektronen regen die benachbarten Luftmolek\u00fcle zu einem starken Leuchten an: es erscheint ein Blitz. Die Luft wird im Blitzkanal auf bis zu 30.000\u00b0C erhitzt, was eine starke pl\u00f6tzliche Ausdehnung zu Folge hat. Die dadurch entstehende Druckwelle ist als Donner h\u00f6rbar.<\/p>\n<\/div>\n<ul>\n<li>\n<p>        <img decoding=\"async\" src=\"\/wp-content\/uploads\/photos\/naxos\/weather\/lightning-1.jpg\" alt=\"Blitz, auf Naxos\"><\/p>\n<\/li>\n<li>\n<p>        <img decoding=\"async\" src=\"http:\/\/azalas.de\/wp-content\/uploads\/2009\/02\/P1410862_450.jpg\" alt=\"\"><\/p>\n<div>n\u00e4chtlicher Blitz<\/div>\n<\/li>\n<\/ul>\n<ul>\n<li>\n<p>        <img decoding=\"async\" src=\"\/wp-content\/uploads\/photos\/naxos\/weather\/lightning-2-1.jpg\" alt=\"Blitz auf den M\u00e1kares-Inseln, Naxos\"><\/p>\n<\/li>\n<li>\n<p>        <img decoding=\"async\" src=\"\/wp-content\/uploads\/photos\/naxos\/weather\/lightning-2-2.jpg\" alt=\"Blitz auf den M\u00e1kares-Inseln, Naxos\"><\/p>\n<\/li>\n<li>\n<p>        <img decoding=\"async\" src=\"\/wp-content\/uploads\/photos\/naxos\/weather\/lightning-2-3.jpg\" alt=\"Blitz auf den M\u00e1kares-Inseln, Naxos\"><\/p>\n<\/li>\n<\/ul>\n<div>\n<p style=\"text-align: center;\"><small>Blitz \u00fcber den M\u00e1kares-Inseln<\/small><\/p>\n<\/div>\n<ul>\n<li>\n<p>        <img decoding=\"async\" src=\"\/wp-content\/uploads\/photos\/naxos\/weather\/lightning-1-1.jpg\" alt=\"Blitz \u00fcber Kap Stavros, Naxos\"><\/p>\n<\/li>\n<li>\n<p>        <img decoding=\"async\" src=\"\/wp-content\/uploads\/photos\/naxos\/weather\/lightning-1-2.jpg\" alt=\"Blitz \u00fcber Kap Stavros, Naxos\"><\/p>\n<\/li>\n<li>\n<p>        <img decoding=\"async\" src=\"\/wp-content\/uploads\/photos\/naxos\/weather\/lightning-1-3.jpg\" alt=\"Blitz \u00fcber Kap Stavros, Naxos\"><\/p>\n<\/li>\n<li>\n<p>        <img decoding=\"async\" src=\"\/wp-content\/uploads\/photos\/naxos\/weather\/lightning-1-4.jpg\" alt=\"Blitz \u00fcber Kap Stavros, Naxos\"><\/p>\n<\/li>\n<\/ul>\n<div>\n<p style=\"text-align: center;\"><small>Hier vier Aufnahmen vom selben Blitz am Kap Stavr\u00f3s, aus einer Filmaufnahme. Erstaunlich die &#8222;Lichtexplosion&#8220; auf dem ersten Bild.<\/small><\/p>\n<\/div>\n<div>Gewitter kommen auf Naxos im Sommer fast nie vor. Das h\u00e4ngt damit zusammen, dass die Landfl\u00e4che von Naxos nicht f\u00fcr die Bildung ausreichend gro\u00dfer Wolken per Konvektion ausreicht. In der k\u00fchleren Jahreszeit kommt Naxos dagegen in den Einflussbereich der Tiefdruckgebiete, die entlang der Polarfront \u00fcber Europa hinweg ziehen. Dann treten Gewitter sowohl bei s\u00fcd\u00f6stlichen oder s\u00fcdlichen Wetterlagen (an der Warmfront) als auch bei s\u00fcdwestlichen oder seltener nordwestlichen oder n\u00f6rdlichen Wetterlagen (an und nach der Kaltfront) auf. Die Gewitter aus s\u00fcd\u00f6stlichen Richtungen stauen sich auf der Ostseite der Berge; dann kann es auch in Azalas heftig gewittern. Trotz der Lage auf Meeresh\u00f6he schl\u00e4gt es bei diesen Gewittern in unserer Gegend h\u00e4ufig ein, weswegen es ratsam ist, sich bei Gewitter nicht im Freien aufzuhalten.<\/div>\n<ul>\n<li>\n<p>        <img decoding=\"async\" src=\"https:\/\/azalas.de\/wp-content\/uploads\/2020\/11\/P1250914-1_450.jpg\" alt=\"abziehendes Gewitter, Naxos\"><\/p>\n<\/li>\n<li>\n<p>        <img decoding=\"async\" src=\"http:\/\/azalas.de\/wp-content\/uploads\/2009\/02\/DSCN2860-1_450.jpg\" alt=\"abziehendes Gewitter, Naxos\"><\/p>\n<div>abziehendes Gewitter<\/div>\n<\/li>\n<\/ul>\n<h3>Wind- und Wasserhosen<\/h3>\n<div>Gelegentlich kann es unter Gewitterwolken zur Ausbildung von Luftwirbeln kommen, die zur Bildung einer Wasser- oder Windhose (Tornado) f\u00fchren. Dazu sind eine hohe Luftfeuchtigkeit und ein starker Temperaturabfall mit der H\u00f6he erforderlich. Innerhalb des sich drehenden Luftwirbels sinkt der Luftdruck, wodurch die Temperatur abf\u00e4llt, was zur Kondensation des Wasserdampfes f\u00fchrt, so dass der Luftwirbel als von der Wolke zum Boden reichender Schlauch sichtbar wird. Gr\u00f6\u00dfere Tornados reichen als Luftwirbel auch nach oben in die Wolke hinein. Sie k\u00f6nnen schwere Verw\u00fcstungen am Boden anrichten; die meisten Tornados sind jedoch klein und vergleichsweise harmlos.<\/div>\n<ul>\n<li>\n<p>        <img decoding=\"async\" src=\"https:\/\/azalas.de\/wp-content\/uploads\/2012\/10\/P1250876-1_450.jpg\" alt=\"Wasserhose bei Azalas, Naxos\"><\/p>\n<\/li>\n<li>\n<p>        <img decoding=\"async\" src=\"https:\/\/azalas.de\/wp-content\/uploads\/2012\/10\/P1250878-1_450.jpg\" alt=\"Wasserhose bei Azalas, Naxos\"><\/p>\n<\/li>\n<\/ul>\n<div>\n<p><small>Kleine Wasserhose bei Azalas; auf dem ersten Bild sieht man auch die kleine Verwirbelung, die sie an der Wasserfl\u00e4che ausl\u00f6st.<\/small><\/p>\n<\/div>\n<ul>\n<li>\n<p>        <img decoding=\"async\" src=\"https:\/\/azalas.de\/wp-content\/uploads\/2020\/11\/P1390704-1_450.jpg\" alt=\"Wasserhose bei Azalas, Naxos\"><\/p>\n<\/li>\n<li>\n<p>        <img decoding=\"async\" src=\"https:\/\/azalas.de\/wp-content\/uploads\/2020\/11\/P1280773-1_450.jpg\" alt=\"von kleinem Tornado entwurzelter Baum bei Azalas, Naxos\"><\/p>\n<\/li>\n<\/ul>\n<div>\n<p><small>Erstes Bild: Hier eine Verwirbelung, die an der Wasseroberfl\u00e4che zu sehen ist, jedoch keinen Tornadoschlauch zeigt. Zweites Bild: Dieser kleine Olivenbaum ist durch einen Mini-Wirbelsturm entwurzelt worden.<\/small><\/p>\n<\/div>\n<hr>\n<div>\n<p>weiter:  <a href=\"http:\/\/azalas.de\/winterwetter\/\">Winterwetter<\/a><\/p>\n<p>zur\u00fcck: <a href=\"http:\/\/azalas.de\/naxos-wetter-uebersicht\/\">Wetter und Klima<\/a><\/p>\n<p>siehe auch:<\/p>\n<ul>\n<li><a href=\"http:\/\/azalas.de\/regenbogen-halo\/\">Regenbogen und Halo-Erscheinungen<\/a><\/li>\n<li><a href=\"http:\/\/azalas.de\/eis-schnee\/\">Eis und Schnee<\/a><\/li>\n<\/ul>\n<p>Zum Weiterlesen:<\/p>\n<ul>\n<li><a href=\"http:\/\/de.wikipedia.org\/wiki\/Regen\">Wikipedia: Regen<\/a><\/li>\n<li><a href=\"http:\/\/de.wikipedia.org\/wiki\/Hagel\">Wikipedia: Hagel<\/a><\/li>\n<li><a href=\"http:\/\/de.wikipedia.org\/wiki\/Gewitter\">Wikipedia: Gewitter<\/a><\/li>\n<li><a href=\"http:\/\/www.weather-consult.com\/Wettererscheinungen\/Gewitter\/\">Weather-consult: Gewitter<\/a><\/li>\n<\/ul>\n<\/div>\n<div><a href=\"http:\/\/azalas.de\/inhaltsverzeichnis\/\">zum Inhaltsverzeichnis<\/a><\/div>\n<p><!--more--><br \/>\n<!-- {\"type\":\"layout\",\"children\":[{\"type\":\"section\",\"props\":{\"image_position\":\"center-center\",\"padding_remove_bottom\":true,\"style\":\"default\",\"title_breakpoint\":\"xl\",\"title_position\":\"top-left\",\"title_rotation\":\"left\",\"vertical_align\":\"\",\"width\":\"default\"},\"children\":[{\"type\":\"row\",\"children\":[{\"type\":\"column\",\"props\":{\"image_position\":\"center-center\",\"position_sticky_breakpoint\":\"m\"},\"children\":[{\"type\":\"image\",\"props\":{\"image\":\"wp-content\\\/uploads\\\/photos\\\/naxos\\\/weather\\\/rain_and_rainbow-1.jpg\",\"image_height\":\"400\",\"image_svg_color\":\"emphasis\",\"image_width\":\"1500\",\"margin\":\"default\",\"text_align\":\"center\"}}]}]}],\"name\":\"Foto Seitenanfang\"},{\"type\":\"section\",\"props\":{\"image_position\":\"center-center\",\"padding\":\"small\",\"padding_remove_bottom\":false,\"style\":\"default\",\"title_breakpoint\":\"xl\",\"title_position\":\"top-left\",\"title_rotation\":\"left\",\"vertical_align\":\"\",\"width\":\"default\"},\"children\":[{\"type\":\"row\",\"props\":{\"margin_remove_bottom\":false},\"children\":[{\"type\":\"column\",\"props\":{\"image_position\":\"center-center\",\"position_sticky_breakpoint\":\"m\"},\"children\":[{\"type\":\"headline\",\"props\":{\"content\":\"Regen, Hagel und Gewitter\",\"margin\":\"default\",\"title_element\":\"h1\"}}]}]}],\"name\":\"Seitenname\"},{\"type\":\"section\",\"props\":{\"image_position\":\"center-center\",\"padding\":\"small\",\"padding_remove_bottom\":true,\"style\":\"default\",\"title_breakpoint\":\"xl\",\"title_position\":\"top-left\",\"title_rotation\":\"left\",\"vertical_align\":\"\",\"width\":\"default\"},\"children\":[{\"type\":\"row\",\"props\":{\"margin\":\"small\"},\"children\":[{\"type\":\"column\",\"props\":{\"image_position\":\"center-center\",\"position_sticky_breakpoint\":\"m\"},\"children\":[{\"type\":\"headline\",\"props\":{\"content\":\"Regen und Hagel\",\"title_element\":\"h3\"}},{\"type\":\"text\",\"props\":{\"column_breakpoint\":\"m\",\"content\":\"Wenn Wolken eine gro\\u00dfe vertikale Ausdehnung erreichen (<em>Cumulonimbus<\\\/em>- und <em>Nimbostratus<\\\/em>-Wolken), dann beginnt es aus ihnen zu regnen. In reinen Wasserwolken k\\u00f6nnen die Regentropfen nur so weit anwachsen, dass es zu einem leichten Spr\\u00fchregen kommt. Damit gro\\u00dftropfiger Regen fallen kann, muss die Wolke zumindest in ihren obersten Teilen vereist sein: Nur Hagelk\\u00f6rner k\\u00f6nnen in der Wolke soweit anwachsen, dass sie (wieder geschmolzen) als gro\\u00dfe Regentropfen auf die Erde fallen. Die vereisten Teile der <em>Cumulus<\\\/em>-Wolken haben keine Blumenkohl-artige Struktur, sondern sind entweder glatt oder faserig strukturiert.\",\"margin\":\"remove-vertical\",\"text_align\":\"left\"}}]}]}],\"name\":\"Regen und Hagel\"},{\"type\":\"section\",\"props\":{\"image_position\":\"center-center\",\"padding\":\"small\",\"style\":\"default\",\"title_breakpoint\":\"xl\",\"title_position\":\"top-left\",\"title_rotation\":\"left\",\"vertical_align\":\"middle\",\"width\":\"default\"},\"children\":[{\"type\":\"row\",\"children\":[{\"type\":\"column\",\"props\":{\"image_position\":\"center-center\",\"position_sticky_breakpoint\":\"m\"},\"children\":[{\"type\":\"gallery\",\"props\":{\"filter_align\":\"left\",\"filter_all\":true,\"filter_grid_breakpoint\":\"m\",\"filter_grid_width\":\"auto\",\"filter_position\":\"top\",\"filter_style\":\"tab\",\"grid_column_gap\":\"small\",\"grid_default\":\"1\",\"grid_medium\":\"2\",\"grid_row_gap\":\"small\",\"image_loading\":true,\"item_animation\":true,\"lightbox\":true,\"link_style\":\"default\",\"link_text\":\"\",\"margin\":\"small\",\"meta_align\":\"below-title\",\"meta_element\":\"div\",\"meta_style\":\"text-meta\",\"overlay_hover\":false,\"overlay_link\":true,\"overlay_mode\":\"caption\",\"overlay_padding\":\"small\",\"overlay_position\":\"bottom\",\"overlay_style\":\"overlay-primary\",\"overlay_transition\":\"fade\",\"show_content\":true,\"show_hover_image\":true,\"show_hover_video\":true,\"show_link\":true,\"show_meta\":true,\"show_title\":true,\"text_align\":\"center\",\"text_color\":\"\",\"title_color\":\"primary\",\"title_element\":\"div\",\"title_font_family\":\"primary\",\"title_hover_style\":\"reset\",\"title_margin\":\"remove\",\"title_style\":\"text-meta\"},\"children\":[{\"type\":\"gallery_item\",\"props\":{\"image\":\"wp-content\\\/uploads\\\/2009\\\/02\\\/DSCN6802-1_450.jpg\",\"image_alt\":\"aufziehende Regenwolke, Naxos\",\"title\":\"Wolken aus Wassertropfen (unten) und Eiskristallen (oben)\"}},{\"type\":\"gallery_item\",\"props\":{\"image\":\"wp-content\\\/uploads\\\/2009\\\/02\\\/DSCN6798-1_450.jpg\",\"image_alt\":\"im oberen Teil vereiste Regenwolke, Naxos\",\"title\":\"Im oberen Teil vereiste <em>Cumulonimbus<\\\/em>-Wolke\"}}]}]}]}],\"name\":\"Fotos vereiste Wolken\"},{\"type\":\"section\",\"props\":{\"image_position\":\"center-center\",\"padding\":\"none\",\"padding_remove_bottom\":false,\"style\":\"default\",\"title_breakpoint\":\"xl\",\"title_position\":\"top-left\",\"title_rotation\":\"left\",\"vertical_align\":\"middle\",\"width\":\"default\"},\"children\":[{\"type\":\"row\",\"children\":[{\"type\":\"column\",\"props\":{\"image_position\":\"center-center\",\"position_sticky_breakpoint\":\"m\"},\"children\":[{\"type\":\"text\",\"props\":{\"column_breakpoint\":\"m\",\"content\":\"\n\n<p>Hoch aufget\\u00fcrmte <em>Cumulonimbus<\\\/em>- und <em>Nimbostratus<\\\/em>-Wolken, die viel Regen bringen, k\\u00f6nnen sich nur dann bilden, wenn g\\u00fcnstige Bedingungen f\\u00fcr hohes Aufquellen der Luftmassen herrschen. Solche Bedingungen bestehen beispielsweise an der Warmfront eines Tiefdruckgebietes, wo die Warmluft auf die Kaltluft aufgleitet, oder kurz vor der Kaltfront, wo die Kaltluft- und die Warmluftmassen aufeinander zu str\\u00f6men, was zu starken Aufwinden f\\u00fchrt, die die Warmluft in die H\\u00f6he treiben. Au\\u00dferdem treten sie auf, wenn \\u00fcber aufgeheizten Landfl\\u00e4chen Luftblasen durch Konvektion in die H\\u00f6he steigen. F\\u00fcr ein hohes Aufquellen von Warmluftblasen ist eine labile, das hei\\u00dft \\u00fcberadiabatische Temperaturschichtung der Atmosph\\u00e4re (starke Temperaturabnahme mit der H\\u00f6he) erforderlich (siehe auch: <a href=\\\"https:\\\/\\\/azalas.de\\\/wetter-1\\\/\\\">Atmosph\\u00e4re und Kondensation<\\\/a>\\u00a0und <a href=\\\"https:\\\/\\\/azalas.de\\\/winterwetter\\\/\\\">Winterwetter<\\\/a>).<\\\/p>\",\"margin\":\"default\"}}]}]}]},{\"type\":\"section\",\"props\":{\"image_position\":\"center-center\",\"style\":\"default\",\"title_breakpoint\":\"xl\",\"title_position\":\"top-left\",\"title_rotation\":\"left\",\"vertical_align\":\"middle\",\"width\":\"default\"},\"children\":[{\"type\":\"row\",\"children\":[{\"type\":\"column\",\"props\":{\"image_position\":\"center-center\",\"position_sticky_breakpoint\":\"m\"},\"children\":[{\"type\":\"gallery\",\"props\":{\"filter_align\":\"left\",\"filter_all\":true,\"filter_grid_breakpoint\":\"m\",\"filter_grid_width\":\"auto\",\"filter_position\":\"top\",\"filter_style\":\"tab\",\"grid_column_gap\":\"small\",\"grid_default\":\"1\",\"grid_medium\":\"1\",\"grid_row_gap\":\"small\",\"image_loading\":true,\"item_animation\":true,\"lightbox\":true,\"link_style\":\"default\",\"link_text\":\"\",\"margin\":\"small\",\"meta_align\":\"below-title\",\"meta_element\":\"div\",\"meta_style\":\"text-meta\",\"overlay_hover\":false,\"overlay_link\":true,\"overlay_mode\":\"caption\",\"overlay_padding\":\"small\",\"overlay_position\":\"bottom\",\"overlay_style\":\"overlay-primary\",\"overlay_transition\":\"fade\",\"show_content\":true,\"show_hover_image\":true,\"show_hover_video\":true,\"show_link\":true,\"show_meta\":true,\"show_title\":true,\"text_align\":\"center\",\"text_color\":\"\",\"title_color\":\"primary\",\"title_element\":\"div\",\"title_font_family\":\"primary\",\"title_hover_style\":\"reset\",\"title_margin\":\"remove\",\"title_style\":\"text-meta\"},\"children\":[{\"type\":\"gallery_item\",\"props\":{\"image\":\"wp-content\\\/uploads\\\/photos\\\/naxos\\\/weather\\\/thundercloud-1.jpg\",\"image_alt\":\"hoch aufgequollene <em>Cumulonimbus-<\\\/em>Wolke\",\"title\":\"hoch aufgequollene <em>Cumulonimbus-<\\\/em>Wolke\"}}]}]}]}],\"name\":\"Foto Cumulonimbus-Wolke\"},{\"type\":\"section\",\"props\":{\"image_position\":\"center-center\",\"padding\":\"none\",\"style\":\"default\",\"title_breakpoint\":\"xl\",\"title_position\":\"top-left\",\"title_rotation\":\"left\",\"vertical_align\":\"middle\",\"width\":\"default\"},\"children\":[{\"type\":\"row\",\"children\":[{\"type\":\"column\",\"props\":{\"image_position\":\"center-center\",\"position_sticky_breakpoint\":\"m\"},\"children\":[{\"type\":\"text\",\"props\":{\"column_breakpoint\":\"m\",\"content\":\"Der Regen in der <em>Cumulonimbus<\\\/em>-Wolke bildet sich in Form von Hagelk\\u00f6rnern. In hoch entwickelten Wolken herrschen starke Aufwinde, die die zu Boden fallenden Hagelk\\u00f6rner wieder in die H\\u00f6he tragen. Je l\\u00e4nger die Hagelk\\u00f6rner in der Wolke auf- und abgeweht werden, ehe sie zu Boden fallen, desto gr\\u00f6\\u00dfer wachsen sie durch Sublimation von Luftfeuchtigkeit sowie durch das Anfrieren von anderen Hagelk\\u00f6rnern an. Normalerweise schmelzen die Hagelk\\u00f6rner, bevor sie den Boden erreichen und fallen als gro\\u00dftropfiger Regen auf die Erde.\",\"margin\":\"default\"}}]}]}]},{\"type\":\"section\",\"props\":{\"image_position\":\"center-center\",\"padding\":\"small\",\"style\":\"default\",\"title_breakpoint\":\"xl\",\"title_position\":\"top-left\",\"title_rotation\":\"left\",\"vertical_align\":\"middle\",\"width\":\"default\"},\"children\":[{\"type\":\"row\",\"children\":[{\"type\":\"column\",\"props\":{\"image_position\":\"center-center\",\"position_sticky_breakpoint\":\"m\"},\"children\":[{\"type\":\"gallery\",\"props\":{\"filter_align\":\"left\",\"filter_all\":true,\"filter_grid_breakpoint\":\"m\",\"filter_grid_width\":\"auto\",\"filter_position\":\"top\",\"filter_style\":\"tab\",\"grid_column_gap\":\"small\",\"grid_default\":\"1\",\"grid_medium\":\"2\",\"grid_row_gap\":\"small\",\"image_loading\":true,\"item_animation\":true,\"lightbox\":true,\"link_style\":\"default\",\"link_text\":\"\",\"margin\":\"small\",\"margin_remove_bottom\":true,\"meta_align\":\"below-title\",\"meta_element\":\"div\",\"meta_style\":\"text-meta\",\"overlay_hover\":false,\"overlay_link\":true,\"overlay_mode\":\"caption\",\"overlay_padding\":\"small\",\"overlay_position\":\"bottom\",\"overlay_style\":\"overlay-primary\",\"overlay_transition\":\"fade\",\"show_content\":true,\"show_hover_image\":true,\"show_hover_video\":true,\"show_link\":true,\"show_meta\":true,\"show_title\":true,\"text_align\":\"center\",\"text_color\":\"\",\"title_color\":\"primary\",\"title_element\":\"div\",\"title_font_family\":\"primary\",\"title_hover_style\":\"reset\",\"title_margin\":\"remove\",\"title_style\":\"text-meta\"},\"children\":[{\"type\":\"gallery_item\",\"props\":{\"image\":\"https:\\\/\\\/azalas.de\\\/wp-content\\\/uploads\\\/2009\\\/02\\\/DSCN7095-1_450.jpg\",\"image_alt\":\"Regenfall aus einer gro\\u00dfen Cumulonimbus-Wolke, Naxos\\\"\",\"title\":\"gro\\u00dftropfiger Regen\"}},{\"type\":\"gallery_item\",\"props\":{\"image\":\"wp-content\\\/uploads\\\/photos\\\/naxos\\\/weather\\\/rain_and_hail-1.jpg\",\"image_alt\":\"Hagel\",\"title\":\"Hagelfall kommt auf Naxos eher selten vor.\"}}]}]}]}],\"name\":\"Fotos Regen und Hagel\"},{\"type\":\"section\",\"props\":{\"image_position\":\"center-center\",\"padding\":\"none\",\"style\":\"default\",\"title_breakpoint\":\"xl\",\"title_position\":\"top-left\",\"title_rotation\":\"left\",\"vertical_align\":\"middle\",\"width\":\"default\"},\"children\":[{\"type\":\"row\",\"children\":[{\"type\":\"column\",\"props\":{\"image_position\":\"center-center\",\"position_sticky_breakpoint\":\"m\"},\"children\":[{\"type\":\"text\",\"props\":{\"column_breakpoint\":\"m\",\"content\":\"Ab einer gewissen Gr\\u00f6\\u00dfe schmelzen die Hagelk\\u00f6rner nicht mehr vollst\\u00e4ndig weg, bevor sie den Boden erreichen: es hagelt. Richtiger Hagel kommt auf Naxos recht selten vor; meistens ist es zu warm oder zu windig, so dass die Wolken die daf\\u00fcr erforderliche H\\u00f6he oder Gr\\u00f6\\u00dfe nicht erreichen k\\u00f6nnen.\",\"margin\":\"default\"}}]}]}]},{\"type\":\"section\",\"props\":{\"image_position\":\"center-center\",\"style\":\"default\",\"title_breakpoint\":\"xl\",\"title_position\":\"top-left\",\"title_rotation\":\"left\",\"vertical_align\":\"middle\",\"width\":\"default\"},\"children\":[{\"type\":\"row\",\"children\":[{\"type\":\"column\",\"props\":{\"image_position\":\"center-center\",\"position_sticky_breakpoint\":\"m\"},\"children\":[{\"type\":\"gallery\",\"props\":{\"filter_align\":\"left\",\"filter_all\":true,\"filter_grid_breakpoint\":\"m\",\"filter_grid_width\":\"auto\",\"filter_position\":\"top\",\"filter_style\":\"tab\",\"grid_column_gap\":\"small\",\"grid_default\":\"1\",\"grid_medium\":\"2\",\"grid_row_gap\":\"small\",\"image_loading\":true,\"item_animation\":true,\"lightbox\":true,\"link_style\":\"default\",\"link_text\":\"\",\"margin\":\"small\",\"margin_remove_bottom\":true,\"meta_align\":\"below-title\",\"meta_element\":\"div\",\"meta_style\":\"text-meta\",\"overlay_hover\":false,\"overlay_link\":true,\"overlay_mode\":\"caption\",\"overlay_padding\":\"small\",\"overlay_position\":\"bottom\",\"overlay_style\":\"overlay-primary\",\"overlay_transition\":\"fade\",\"show_content\":true,\"show_hover_image\":true,\"show_hover_video\":true,\"show_link\":true,\"show_meta\":true,\"show_title\":true,\"text_align\":\"center\",\"text_color\":\"\",\"title_color\":\"primary\",\"title_element\":\"div\",\"title_font_family\":\"primary\",\"title_hover_style\":\"reset\",\"title_margin\":\"remove\",\"title_style\":\"text-meta\"},\"children\":[{\"type\":\"gallery_item\",\"props\":{\"image\":\"https:\\\/\\\/azalas.de\\\/wp-content\\\/uploads\\\/2010\\\/11\\\/P1050673-1_450.jpg\",\"image_alt\":\"heftiger Regenfall in Azal\\u00e1s, Naxos\",\"title\":\"heftiger Regenfall in Azal\\u00e1s\"}},{\"type\":\"gallery_item\",\"props\":{\"image\":\"wp-content\\\/uploads\\\/photos\\\/naxos\\\/weather\\\/rain_river-1.jpg\",\"image_alt\":\"bei starken Regenfall ins Meer geschwemmte Erde\",\"title\":\"Bei starkem Regen beginnt der Fluss zu flie\\u00dfen und viel Erde wird ins Meer geschwemmt.\"}}]}]}]}],\"name\":\"Fotos Regen Fluss\"},{\"type\":\"section\",\"props\":{\"image_position\":\"center-center\",\"style\":\"default\",\"title_breakpoint\":\"xl\",\"title_position\":\"top-left\",\"title_rotation\":\"left\",\"vertical_align\":\"middle\",\"width\":\"default\"},\"children\":[{\"type\":\"row\",\"children\":[{\"type\":\"column\",\"props\":{\"image_position\":\"center-center\",\"position_sticky_breakpoint\":\"m\"},\"children\":[{\"type\":\"text\",\"props\":{\"column_breakpoint\":\"m\",\"content\":\"\n\n<h5>Fotos von starkem Unwetter in \\u00c1gios Dim\\u00edtris und Moutso\\u00fana, 8.12.2022<\\\/h5>\",\"margin\":\"default\"}},{\"type\":\"gallery\",\"props\":{\"filter_align\":\"left\",\"filter_all\":true,\"filter_grid_breakpoint\":\"m\",\"filter_grid_width\":\"auto\",\"filter_position\":\"top\",\"filter_style\":\"tab\",\"grid_column_gap\":\"small\",\"grid_default\":\"1\",\"grid_medium\":\"2\",\"grid_row_gap\":\"small\",\"image_loading\":true,\"item_animation\":true,\"lightbox\":true,\"link_style\":\"default\",\"link_text\":\"\",\"margin\":\"small\",\"margin_remove_bottom\":true,\"meta_align\":\"below-title\",\"meta_element\":\"div\",\"meta_style\":\"text-meta\",\"overlay_hover\":false,\"overlay_link\":true,\"overlay_mode\":\"caption\",\"overlay_padding\":\"none\",\"overlay_position\":\"bottom\",\"overlay_style\":\"overlay-primary\",\"overlay_transition\":\"fade\",\"show_content\":true,\"show_hover_image\":true,\"show_hover_video\":true,\"show_link\":true,\"show_meta\":true,\"show_title\":true,\"text_align\":\"center\",\"text_color\":\"\",\"title_color\":\"primary\",\"title_element\":\"div\",\"title_font_family\":\"primary\",\"title_hover_style\":\"reset\",\"title_margin\":\"remove\",\"title_style\":\"text-meta\"},\"children\":[{\"type\":\"gallery_item\",\"props\":{\"image\":\"wp-content\\\/uploads\\\/photos\\\/naxos\\\/weather\\\/strong_rain_agios_dimitris-1.jpg\",\"title\":\"Das Unwetter zieht ab.\"}},{\"type\":\"gallery_item\",\"props\":{\"image\":\"wp-content\\\/uploads\\\/photos\\\/naxos\\\/weather\\\/strong_rain_agios_dimitris-2.jpg\",\"title\":\"Sogar an unserem Strand ist viel Wasser heruntergeflossen.\"}},{\"type\":\"gallery_item\",\"props\":{\"image\":\"wp-content\\\/uploads\\\/photos\\\/naxos\\\/weather\\\/strong_rain_agios_dimitris-3.jpg\",\"title\":\"Unsere Stra\\u00dfe sieht nun so aus.\"}},{\"type\":\"gallery_item\",\"props\":{\"image\":\"wp-content\\\/uploads\\\/photos\\\/naxos\\\/weather\\\/strong_rain_agios_dimitris-4.jpg\",\"title\":\"Und so der Fluss.\"}},{\"type\":\"gallery_item\",\"props\":{\"image\":\"wp-content\\\/uploads\\\/photos\\\/naxos\\\/weather\\\/strong_rain_moutsouna-1.jpg\",\"title\":\"In Moutso\\u00fana hat das Unwetter einigen Schaden angerichtet.\"}},{\"type\":\"gallery_item\",\"props\":{\"image\":\"wp-content\\\/uploads\\\/photos\\\/naxos\\\/weather\\\/strong_rain_moutsouna-2.jpg\",\"title\":\"Direkt neben der Mole m\\u00fcndet, unter Beton, der Fluss.\"}},{\"type\":\"gallery_item\",\"props\":{\"image\":\"wp-content\\\/uploads\\\/photos\\\/naxos\\\/weather\\\/strong_rain_moutsouna-4.jpg\",\"title\":\"Oberhalb davon hat der Fluss seine Betondecke weggedr\\u00fcckt.\"}},{\"type\":\"gallery_item\",\"props\":{\"image\":\"wp-content\\\/uploads\\\/photos\\\/naxos\\\/weather\\\/strong_rain_moutsouna-3.jpg\",\"title\":\"Die Stra\\u00dfe nach S\\u00fcden ist besch\\u00e4digt, zwei Autos wurden ins Meer geschwemmt.\"}}]}]}]}],\"name\":\"Fotos Unwetter Moutsouna\"},{\"type\":\"section\",\"props\":{\"image_position\":\"center-center\",\"padding\":\"small\",\"style\":\"default\",\"title_breakpoint\":\"xl\",\"title_position\":\"top-left\",\"title_rotation\":\"left\",\"vertical_align\":\"middle\",\"width\":\"default\"},\"children\":[{\"type\":\"row\",\"children\":[{\"type\":\"column\",\"props\":{\"image_position\":\"center-center\",\"position_sticky_breakpoint\":\"m\"},\"children\":[{\"type\":\"headline\",\"props\":{\"content\":\"Gewitter\",\"title_element\":\"h3\"}},{\"type\":\"text\",\"props\":{\"column_breakpoint\":\"m\",\"content\":\"Die Luftmassen in einer <em>Cumulonimbus<\\\/em>-Wolke k\\u00f6nnen nur solange in die H\\u00f6he steigen, wie sie w\\u00e4rmer (bzw. leichter) sind als die Umgebungsluft. Sie werden also sp\\u00e4testens an der Tropopause an der die Lufttemperatur deutlich ansteigt in ihrer vertikalen Entwicklung gestoppt. Hier m\\u00fcssen die Luftmassen nun seitlich ausweichen, so dass die Wolke die f\\u00fcr Gewitter typische Amboss-Form annimmt <em>(Cumulonimbus incus)<\\\/em>. Der Amboss der Wolke besitzt normalerweise eine glatte oder faserige Struktur, da er \\u00fcberwiegend aus Eiskristallen besteht.\",\"margin\":\"small\",\"margin_remove_top\":false}}]}]}],\"name\":\"Gewitter\"},{\"type\":\"section\",\"props\":{\"image_position\":\"center-center\",\"padding\":\"small\",\"style\":\"default\",\"title_breakpoint\":\"xl\",\"title_position\":\"top-left\",\"title_rotation\":\"left\",\"vertical_align\":\"middle\",\"width\":\"default\"},\"children\":[{\"type\":\"row\",\"children\":[{\"type\":\"column\",\"props\":{\"image_position\":\"center-center\",\"position_sticky_breakpoint\":\"m\"},\"children\":[{\"type\":\"text\",\"props\":{\"column_breakpoint\":\"m\",\"content\":\"\n\n<h5>Gewitterwolken mit Amboss <em>(Cumulonimbus incus)<\\\/em><\\\/h5>\",\"margin\":\"default\"}},{\"type\":\"gallery\",\"props\":{\"filter_align\":\"left\",\"filter_all\":true,\"filter_grid_breakpoint\":\"m\",\"filter_grid_width\":\"auto\",\"filter_position\":\"top\",\"filter_style\":\"tab\",\"grid_column_gap\":\"small\",\"grid_default\":\"1\",\"grid_medium\":\"2\",\"grid_row_gap\":\"small\",\"image_loading\":true,\"item_animation\":true,\"lightbox\":true,\"link_style\":\"default\",\"link_text\":\"\",\"margin\":\"small\",\"meta_align\":\"below-title\",\"meta_element\":\"div\",\"meta_style\":\"text-meta\",\"overlay_hover\":false,\"overlay_link\":true,\"overlay_mode\":\"caption\",\"overlay_padding\":\"small\",\"overlay_position\":\"top\",\"overlay_style\":\"overlay-primary\",\"overlay_transition\":\"fade\",\"show_content\":true,\"show_hover_image\":true,\"show_hover_video\":true,\"show_link\":true,\"show_meta\":true,\"show_title\":true,\"text_align\":\"center\",\"text_color\":\"\",\"title_color\":\"primary\",\"title_element\":\"div\",\"title_font_family\":\"primary\",\"title_hover_style\":\"reset\",\"title_margin\":\"small\",\"title_style\":\"text-meta\"},\"children\":[{\"type\":\"gallery_item\",\"props\":{\"image\":\"https:\\\/\\\/azalas.de\\\/wp-content\\\/uploads\\\/2009\\\/02\\\/DSCN3663-1_450.jpg\",\"image_alt\":\"Gewitterwolke mit Amboss <em>(Cumulonimbus incus)<\\\/em>\",\"title\":\"\"}},{\"type\":\"gallery_item\",\"props\":{\"image\":\"https:\\\/\\\/azalas.de\\\/wp-content\\\/uploads\\\/2009\\\/02\\\/DSCN6788-1_450.jpg\",\"image_alt\":\"Gewitterwolke mit Amboss <em>(Cumulonimbus incus)<\\\/em>\",\"title\":\"\"}}]}]}]}],\"name\":\"Fotos Gewitterwolke\"},{\"type\":\"section\",\"props\":{\"image_position\":\"center-center\",\"padding\":\"small\",\"style\":\"default\",\"title_breakpoint\":\"xl\",\"title_position\":\"top-left\",\"title_rotation\":\"left\",\"vertical_align\":\"middle\",\"width\":\"default\"},\"children\":[{\"type\":\"row\",\"children\":[{\"type\":\"column\",\"props\":{\"image_position\":\"center-center\",\"position_sticky_breakpoint\":\"m\"},\"children\":[{\"type\":\"text\",\"props\":{\"column_breakpoint\":\"m\",\"content\":\"\n\n<h5>Gewitterwolken mit Regens\\u00e4cken <em>(Cumulonimbus mamma)<\\\/em><\\\/h5>\",\"margin\":\"default\"}},{\"type\":\"gallery\",\"props\":{\"filter_align\":\"left\",\"filter_all\":true,\"filter_grid_breakpoint\":\"m\",\"filter_grid_width\":\"auto\",\"filter_position\":\"top\",\"filter_style\":\"tab\",\"grid_column_gap\":\"small\",\"grid_default\":\"1\",\"grid_medium\":\"2\",\"grid_row_gap\":\"small\",\"image_loading\":true,\"item_animation\":true,\"lightbox\":true,\"link_style\":\"default\",\"link_text\":\"\",\"margin\":\"small\",\"meta_align\":\"below-title\",\"meta_element\":\"div\",\"meta_style\":\"text-meta\",\"overlay_hover\":false,\"overlay_link\":true,\"overlay_mode\":\"caption\",\"overlay_padding\":\"small\",\"overlay_position\":\"bottom\",\"overlay_style\":\"overlay-primary\",\"overlay_transition\":\"fade\",\"show_content\":true,\"show_hover_image\":true,\"show_hover_video\":true,\"show_link\":true,\"show_meta\":true,\"show_title\":true,\"text_align\":\"center\",\"text_color\":\"\",\"title_color\":\"primary\",\"title_element\":\"div\",\"title_font_family\":\"primary\",\"title_hover_style\":\"reset\",\"title_margin\":\"small\",\"title_style\":\"text-meta\"},\"children\":[{\"type\":\"gallery_item\",\"props\":{\"image\":\"wp-content\\\/uploads\\\/photos\\\/naxos\\\/weather\\\/thundercloud-2.jpg\",\"image_alt\":\"Gewitterwolke mit Regens\\u00e4cken <em>(Cumulonimbus mammatus)<\\\/em>\",\"title\":\"\"}},{\"type\":\"gallery_item\",\"props\":{\"image\":\"https:\\\/\\\/azalas.de\\\/wp-content\\\/uploads\\\/2009\\\/02\\\/DSCN2457-1_450.jpg\"}},{\"type\":\"gallery_item\",\"props\":{\"image\":\"wp-content\\\/uploads\\\/photos\\\/naxos\\\/weather\\\/cumulonimbus_mamma-2.jpg\",\"image_alt\":\"Gewitterwolke mit Regens\\u00e4cken <em>(Cumulonimbus mammatus)<\\\/em>\"}},{\"type\":\"gallery_item\",\"props\":{\"image\":\"wp-content\\\/uploads\\\/photos\\\/naxos\\\/weather\\\/cumulonimbus_mamma-1.jpg\",\"image_alt\":\"Gewitterwolke mit Regens\\u00e4cken <em>(Cumulonimbus mammatus)<\\\/em>\",\"title\":\"\"}}]},{\"type\":\"text\",\"props\":{\"column_breakpoint\":\"m\",\"content\":\"\n\n<p><small>Gewitterwolke mit sogenannten Regens\\u00e4cken <em>(Cumulonimbus mamma)<\\\/em>. Diese k\\u00f6nnen auf der R\\u00fcckseite einer gro\\u00dfen Regenwolke entstehen, wenn die darunterliegende Luft sehr trocken ist. Diese Wolkenform ist zwar selten zu sehen, aber besonders beeindruckend.<\\\/small><\\\/p>\",\"margin\":\"small\",\"margin_remove_top\":true},\"name\":\"Bildunterschrift\"}]}]}],\"name\":\"Fotos Cumulonimbus mamma\"},{\"type\":\"section\",\"props\":{\"image_position\":\"center-center\",\"padding\":\"small\",\"style\":\"default\",\"title_breakpoint\":\"xl\",\"title_position\":\"top-left\",\"title_rotation\":\"left\",\"vertical_align\":\"middle\",\"width\":\"default\"},\"children\":[{\"type\":\"row\",\"children\":[{\"type\":\"column\",\"props\":{\"image_position\":\"center-center\",\"position_sticky_breakpoint\":\"m\"},\"children\":[{\"type\":\"text\",\"props\":{\"column_breakpoint\":\"m\",\"content\":\"\n\n<h5>B\\u00f6enwalze vor Gewitterwolke<\\\/h5>\",\"margin\":\"default\"}},{\"type\":\"gallery\",\"props\":{\"filter_align\":\"left\",\"filter_all\":true,\"filter_grid_breakpoint\":\"m\",\"filter_grid_width\":\"auto\",\"filter_position\":\"top\",\"filter_style\":\"tab\",\"grid_column_gap\":\"small\",\"grid_default\":\"1\",\"grid_medium\":\"2\",\"grid_row_gap\":\"small\",\"image_loading\":true,\"item_animation\":true,\"lightbox\":true,\"link_style\":\"default\",\"link_text\":\"\",\"margin\":\"small\",\"meta_align\":\"below-title\",\"meta_element\":\"div\",\"meta_style\":\"text-meta\",\"overlay_hover\":false,\"overlay_link\":true,\"overlay_mode\":\"caption\",\"overlay_padding\":\"small\",\"overlay_position\":\"bottom\",\"overlay_style\":\"overlay-primary\",\"overlay_transition\":\"fade\",\"show_content\":true,\"show_hover_image\":true,\"show_hover_video\":true,\"show_link\":true,\"show_meta\":true,\"show_title\":true,\"text_align\":\"center\",\"text_color\":\"\",\"title_color\":\"primary\",\"title_element\":\"div\",\"title_font_family\":\"primary\",\"title_hover_style\":\"reset\",\"title_margin\":\"small\",\"title_style\":\"text-meta\"},\"children\":[{\"type\":\"gallery_item\",\"props\":{\"image\":\"wp-content\\\/uploads\\\/photos\\\/naxos\\\/weather\\\/gust_roller-2.jpg\",\"image_alt\":\"gust_roller-1\"}},{\"type\":\"gallery_item\",\"props\":{\"image\":\"wp-content\\\/uploads\\\/photos\\\/naxos\\\/weather\\\/gust_roller-1.jpg\",\"image_alt\":\"B\\u00f6enwalze vor Gewitterwolke\",\"title\":\"\"}}]},{\"type\":\"text\",\"props\":{\"column_breakpoint\":\"m\",\"content\":\"\n\n<p><small>Am Vorderrand einer Gewitter- oder Regenwolke bildet sich manchmal durch die starken Auf- und Abwinde eine sogenannte B\\u00f6enwalze aus.<\\\/small><\\\/p>\",\"margin\":\"small\",\"margin_remove_top\":true},\"name\":\"Bildunterschrift\"}]}]}],\"name\":\"Fotos B\\u00f6enwalze\"},{\"type\":\"section\",\"props\":{\"image_position\":\"center-center\",\"padding\":\"small\",\"style\":\"default\",\"title_breakpoint\":\"xl\",\"title_position\":\"top-left\",\"title_rotation\":\"left\",\"vertical_align\":\"middle\",\"width\":\"default\"},\"children\":[{\"type\":\"row\",\"children\":[{\"type\":\"column\",\"props\":{\"image_position\":\"center-center\",\"position_sticky_breakpoint\":\"m\"},\"children\":[{\"type\":\"text\",\"props\":{\"column_breakpoint\":\"m\",\"content\":\"\n\n<h5>Entwicklung einer Gewitterwolke mit Amboss <em>(Cumulonimbus incus)<\\\/em><\\\/h5>\",\"margin\":\"default\"}},{\"type\":\"gallery\",\"props\":{\"filter_align\":\"left\",\"filter_all\":true,\"filter_grid_breakpoint\":\"m\",\"filter_grid_width\":\"auto\",\"filter_position\":\"top\",\"filter_style\":\"tab\",\"grid_column_gap\":\"collapse\",\"grid_default\":\"1\",\"grid_medium\":\"3\",\"grid_row_gap\":\"collapse\",\"image_loading\":true,\"item_animation\":true,\"lightbox\":true,\"link_style\":\"default\",\"link_text\":\"\",\"margin\":\"small\",\"meta_align\":\"below-title\",\"meta_element\":\"div\",\"meta_style\":\"text-meta\",\"overlay_hover\":false,\"overlay_link\":true,\"overlay_mode\":\"caption\",\"overlay_padding\":\"small\",\"overlay_position\":\"bottom\",\"overlay_style\":\"overlay-primary\",\"overlay_transition\":\"fade\",\"show_content\":true,\"show_hover_image\":true,\"show_hover_video\":true,\"show_link\":true,\"show_meta\":true,\"show_title\":true,\"text_align\":\"center\",\"text_color\":\"\",\"title_color\":\"primary\",\"title_element\":\"div\",\"title_font_family\":\"primary\",\"title_hover_style\":\"reset\",\"title_margin\":\"small\",\"title_style\":\"text-meta\"},\"children\":[{\"type\":\"gallery_item\",\"props\":{\"image\":\"wp-content\\\/uploads\\\/photos\\\/naxos\\\/weather\\\/thundercloud_development-4.jpg\",\"image_alt\":\"Entwicklung einer Gewitterwolke <em>(Cumulonimbus incus)<\\\/em>\",\"title\":\"\"}},{\"type\":\"gallery_item\",\"props\":{\"image\":\"wp-content\\\/uploads\\\/photos\\\/naxos\\\/weather\\\/thundercloud_development-2.jpg\",\"image_alt\":\"Gewitterwolke mit Amboss <em>(Cumulonimbus incus)<\\\/em>\",\"title\":\"\"}},{\"type\":\"gallery_item\",\"props\":{\"image\":\"wp-content\\\/uploads\\\/photos\\\/naxos\\\/weather\\\/thundercloud_development-3.jpg\",\"image_alt\":\"Entwicklung einer Gewitterwolke <em>(Cumulonimbus incus)<\\\/em>\",\"title\":\"\"}}]}]}]}],\"name\":\"Fotos Gewitterwolke Entwicklung\"},{\"type\":\"section\",\"props\":{\"image_position\":\"center-center\",\"style\":\"default\",\"title_breakpoint\":\"xl\",\"title_position\":\"top-left\",\"title_rotation\":\"left\",\"vertical_align\":\"middle\",\"width\":\"default\"},\"children\":[{\"type\":\"row\",\"children\":[{\"type\":\"column\",\"props\":{\"image_position\":\"center-center\",\"position_sticky_breakpoint\":\"m\"},\"children\":[{\"type\":\"gallery\",\"props\":{\"filter_align\":\"left\",\"filter_all\":true,\"filter_grid_breakpoint\":\"m\",\"filter_grid_width\":\"auto\",\"filter_position\":\"top\",\"filter_style\":\"tab\",\"grid_column_gap\":\"small\",\"grid_default\":\"1\",\"grid_medium\":\"1\",\"grid_row_gap\":\"small\",\"image_loading\":true,\"item_animation\":true,\"lightbox\":true,\"link_style\":\"default\",\"link_text\":\"\",\"margin\":\"small\",\"meta_align\":\"below-title\",\"meta_element\":\"div\",\"meta_style\":\"text-meta\",\"overlay_hover\":false,\"overlay_link\":true,\"overlay_mode\":\"caption\",\"overlay_padding\":\"small\",\"overlay_position\":\"bottom\",\"overlay_style\":\"overlay-primary\",\"overlay_transition\":\"fade\",\"show_content\":true,\"show_hover_image\":true,\"show_hover_video\":true,\"show_link\":true,\"show_meta\":true,\"show_title\":true,\"text_align\":\"center\",\"text_color\":\"\",\"title_color\":\"primary\",\"title_element\":\"div\",\"title_font_family\":\"primary\",\"title_hover_style\":\"reset\",\"title_margin\":\"small\",\"title_style\":\"text-meta\"},\"children\":[{\"type\":\"gallery_item\",\"props\":{\"image\":\"https:\\\/\\\/azalas.de\\\/wp-content\\\/uploads\\\/2020\\\/11\\\/P1030741-1_450.jpg\"}},{\"type\":\"gallery_item\",\"props\":{\"image\":\"https:\\\/\\\/azalas.de\\\/wp-content\\\/uploads\\\/2020\\\/11\\\/P1030817-1_450.jpg\",\"title\":\"Gewitter-Panorama\"}}]}]}]}],\"name\":\"Fotos Gewitterpanorama\"},{\"type\":\"section\",\"props\":{\"image_position\":\"center-center\",\"padding\":\"small\",\"style\":\"default\",\"title_breakpoint\":\"xl\",\"title_position\":\"top-left\",\"title_rotation\":\"left\",\"vertical_align\":\"middle\",\"width\":\"default\"},\"children\":[{\"type\":\"row\",\"children\":[{\"type\":\"column\",\"props\":{\"image_position\":\"center-center\",\"position_sticky_breakpoint\":\"m\"},\"children\":[{\"type\":\"headline\",\"props\":{\"content\":\"Blitz\",\"margin\":\"default\",\"title_element\":\"h3\"}},{\"type\":\"text\",\"props\":{\"column_breakpoint\":\"m\",\"content\":\"\n\n<p>In einer Gewitterwolke kommt es zu hohen elektrischen Spannungen. Diese entstehen dadurch, dass die von den starken Auf- und Abwinden hin- und hergerissenen feinen Eiskristalle bei ihren Kollisionen unterschiedliche Ladungen annehmen. Die positiv geladenen K\\u00f6rner sammeln sich im oberen Teil der Wolke und die schwereren negativ geladenen Eissplitter in den unteren Wolkenregionen. Auf diese Weise l\\u00e4dt sich der obere Teil der Wolke positiv und der untere negativ auf; die Erdoberfl\\u00e4che tr\\u00e4gt wiederum eine positive Ladung. Diese Spannungen von 20 Millionen bis Milliarden Volt entladen sich durch heftige Stromst\\u00f6\\u00dfe. Die dabei transportierten freien Elektronen regen die benachbarten Luftmolek\\u00fcle zu einem starken Leuchten an: es erscheint ein Blitz. Die Luft wird im Blitzkanal auf bis zu 30.000\\u00b0C erhitzt, was eine starke pl\\u00f6tzliche Ausdehnung zu Folge hat. Die dadurch entstehende Druckwelle ist als Donner h\\u00f6rbar.<\\\/p>\",\"margin\":\"small\",\"margin_remove_top\":false}}]}]}],\"name\":\"Blitz\"},{\"type\":\"section\",\"props\":{\"image_position\":\"center-center\",\"padding\":\"small\",\"style\":\"default\",\"title_breakpoint\":\"xl\",\"title_position\":\"top-left\",\"title_rotation\":\"left\",\"vertical_align\":\"middle\",\"width\":\"default\"},\"children\":[{\"type\":\"row\",\"children\":[{\"type\":\"column\",\"props\":{\"image_position\":\"center-center\",\"position_sticky_breakpoint\":\"m\"},\"children\":[{\"type\":\"gallery\",\"props\":{\"filter_align\":\"left\",\"filter_all\":true,\"filter_grid_breakpoint\":\"m\",\"filter_grid_width\":\"auto\",\"filter_position\":\"top\",\"filter_style\":\"tab\",\"grid_column_gap\":\"small\",\"grid_default\":\"1\",\"grid_medium\":\"2\",\"grid_row_gap\":\"small\",\"image_loading\":true,\"item_animation\":true,\"lightbox\":true,\"link_style\":\"default\",\"link_text\":\"\",\"margin\":\"small\",\"meta_align\":\"below-title\",\"meta_element\":\"div\",\"meta_style\":\"text-meta\",\"overlay_hover\":false,\"overlay_link\":true,\"overlay_mode\":\"caption\",\"overlay_padding\":\"small\",\"overlay_position\":\"bottom\",\"overlay_style\":\"overlay-primary\",\"overlay_transition\":\"fade\",\"show_content\":true,\"show_hover_image\":true,\"show_hover_video\":true,\"show_link\":true,\"show_meta\":true,\"show_title\":true,\"text_align\":\"center\",\"text_color\":\"\",\"title_color\":\"primary\",\"title_element\":\"div\",\"title_font_family\":\"primary\",\"title_hover_style\":\"reset\",\"title_margin\":\"remove\",\"title_style\":\"text-meta\"},\"children\":[{\"type\":\"gallery_item\",\"props\":{\"image\":\"wp-content\\\/uploads\\\/photos\\\/naxos\\\/weather\\\/lightning-1.jpg\",\"image_alt\":\"Blitz, auf Naxos\"}},{\"type\":\"gallery_item\",\"props\":{\"image\":\"http:\\\/\\\/azalas.de\\\/wp-content\\\/uploads\\\/2009\\\/02\\\/P1410862_450.jpg\",\"title\":\"n\\u00e4chtlicher Blitz\"}}]}]}]}],\"name\":\"Fotos Blitz\"},{\"type\":\"section\",\"props\":{\"image_position\":\"center-center\",\"padding\":\"small\",\"style\":\"default\",\"title_breakpoint\":\"xl\",\"title_position\":\"top-left\",\"title_rotation\":\"left\",\"vertical_align\":\"middle\",\"width\":\"default\"},\"children\":[{\"type\":\"row\",\"children\":[{\"type\":\"column\",\"props\":{\"image_position\":\"center-center\",\"position_sticky_breakpoint\":\"m\"},\"children\":[{\"type\":\"gallery\",\"props\":{\"filter_align\":\"left\",\"filter_all\":true,\"filter_grid_breakpoint\":\"m\",\"filter_grid_width\":\"auto\",\"filter_position\":\"top\",\"filter_style\":\"tab\",\"grid_column_gap\":\"small\",\"grid_default\":\"1\",\"grid_medium\":\"3\",\"grid_row_gap\":\"small\",\"image_loading\":true,\"item_animation\":true,\"lightbox\":true,\"link_style\":\"default\",\"link_text\":\"\",\"margin\":\"small\",\"meta_align\":\"below-title\",\"meta_element\":\"div\",\"meta_style\":\"text-meta\",\"overlay_hover\":false,\"overlay_link\":true,\"overlay_mode\":\"caption\",\"overlay_padding\":\"small\",\"overlay_position\":\"bottom\",\"overlay_style\":\"overlay-primary\",\"overlay_transition\":\"fade\",\"show_content\":true,\"show_hover_image\":true,\"show_hover_video\":true,\"show_link\":true,\"show_meta\":true,\"show_title\":true,\"text_align\":\"center\",\"text_color\":\"\",\"title_color\":\"primary\",\"title_element\":\"div\",\"title_font_family\":\"primary\",\"title_hover_style\":\"reset\",\"title_margin\":\"remove\",\"title_style\":\"text-meta\"},\"children\":[{\"type\":\"gallery_item\",\"props\":{\"image\":\"wp-content\\\/uploads\\\/photos\\\/naxos\\\/weather\\\/lightning-2-1.jpg\",\"image_alt\":\"Blitz auf den M\\u00e1kares-Inseln, Naxos\"}},{\"type\":\"gallery_item\",\"props\":{\"image\":\"wp-content\\\/uploads\\\/photos\\\/naxos\\\/weather\\\/lightning-2-2.jpg\",\"image_alt\":\"Blitz auf den M\\u00e1kares-Inseln, Naxos\"}},{\"type\":\"gallery_item\",\"props\":{\"image\":\"wp-content\\\/uploads\\\/photos\\\/naxos\\\/weather\\\/lightning-2-3.jpg\",\"image_alt\":\"Blitz auf den M\\u00e1kares-Inseln, Naxos\"}}]},{\"type\":\"text\",\"props\":{\"column_breakpoint\":\"m\",\"content\":\"\n\n<p style=\\\"text-align: center;\\\"><small>Blitz \\u00fcber den M\\u00e1kares-Inseln<\\\/small><\\\/p>\",\"margin\":\"small\",\"margin_remove_top\":true},\"name\":\"Bildunterschrift\"}]}]}],\"name\":\" Fotos Blitz Makares\"},{\"type\":\"section\",\"props\":{\"image_position\":\"center-center\",\"padding\":\"small\",\"style\":\"primary\",\"title_breakpoint\":\"xl\",\"title_position\":\"top-left\",\"title_rotation\":\"left\",\"vertical_align\":\"middle\",\"width\":\"default\"},\"children\":[{\"type\":\"row\",\"children\":[{\"type\":\"column\",\"props\":{\"image_position\":\"center-center\",\"position_sticky_breakpoint\":\"m\"},\"children\":[{\"type\":\"gallery\",\"props\":{\"filter_align\":\"left\",\"filter_all\":true,\"filter_grid_breakpoint\":\"m\",\"filter_grid_width\":\"auto\",\"filter_position\":\"top\",\"filter_style\":\"tab\",\"grid_column_gap\":\"small\",\"grid_default\":\"1\",\"grid_medium\":\"2\",\"grid_row_gap\":\"small\",\"image_loading\":true,\"item_animation\":true,\"lightbox\":true,\"link_style\":\"default\",\"link_text\":\"\",\"margin\":\"small\",\"meta_align\":\"below-title\",\"meta_element\":\"div\",\"meta_style\":\"text-meta\",\"overlay_hover\":false,\"overlay_link\":true,\"overlay_mode\":\"caption\",\"overlay_padding\":\"small\",\"overlay_position\":\"bottom\",\"overlay_style\":\"overlay-primary\",\"overlay_transition\":\"fade\",\"show_content\":true,\"show_hover_image\":true,\"show_hover_video\":true,\"show_link\":true,\"show_meta\":true,\"show_title\":true,\"text_align\":\"center\",\"text_color\":\"\",\"title_color\":\"primary\",\"title_element\":\"div\",\"title_font_family\":\"primary\",\"title_hover_style\":\"reset\",\"title_margin\":\"remove\",\"title_style\":\"text-meta\"},\"children\":[{\"type\":\"gallery_item\",\"props\":{\"image\":\"wp-content\\\/uploads\\\/photos\\\/naxos\\\/weather\\\/lightning-1-1.jpg\",\"image_alt\":\"Blitz \\u00fcber Kap Stavros, Naxos\"}},{\"type\":\"gallery_item\",\"props\":{\"image\":\"wp-content\\\/uploads\\\/photos\\\/naxos\\\/weather\\\/lightning-1-2.jpg\",\"image_alt\":\"Blitz \\u00fcber Kap Stavros, Naxos\"}},{\"type\":\"gallery_item\",\"props\":{\"image\":\"wp-content\\\/uploads\\\/photos\\\/naxos\\\/weather\\\/lightning-1-3.jpg\",\"image_alt\":\"Blitz \\u00fcber Kap Stavros, Naxos\"}},{\"type\":\"gallery_item\",\"props\":{\"image\":\"wp-content\\\/uploads\\\/photos\\\/naxos\\\/weather\\\/lightning-1-4.jpg\",\"image_alt\":\"Blitz \\u00fcber Kap Stavros, Naxos\"}}]},{\"type\":\"text\",\"props\":{\"column_breakpoint\":\"m\",\"content\":\"\n\n<p style=\\\"text-align: center;\\\"><small>Hier vier Aufnahmen vom selben Blitz am Kap Stavr\\u00f3s, aus einer Filmaufnahme. Erstaunlich die \\\"Lichtexplosion\\\" auf dem ersten Bild.<\\\/small><\\\/p>\",\"margin\":\"small\",\"margin_remove_top\":true},\"name\":\"Bildunterschrift\"}]}]}],\"name\":\"Fotos Blitz Kap\"},{\"type\":\"section\",\"props\":{\"image_position\":\"center-center\",\"padding\":\"small\",\"style\":\"default\",\"title_breakpoint\":\"xl\",\"title_position\":\"top-left\",\"title_rotation\":\"left\",\"vertical_align\":\"middle\",\"width\":\"default\"},\"children\":[{\"type\":\"row\",\"children\":[{\"type\":\"column\",\"props\":{\"image_position\":\"center-center\",\"position_sticky_breakpoint\":\"m\"},\"children\":[{\"type\":\"text\",\"props\":{\"column_breakpoint\":\"m\",\"content\":\"Gewitter kommen auf Naxos im Sommer fast nie vor. Das h\\u00e4ngt damit zusammen, dass die Landfl\\u00e4che von Naxos nicht f\\u00fcr die Bildung ausreichend gro\\u00dfer Wolken per Konvektion ausreicht. In der k\\u00fchleren Jahreszeit kommt Naxos dagegen in den Einflussbereich der Tiefdruckgebiete, die entlang der Polarfront \\u00fcber Europa hinweg ziehen. Dann treten Gewitter sowohl bei s\\u00fcd\\u00f6stlichen oder s\\u00fcdlichen Wetterlagen (an der Warmfront) als auch bei s\\u00fcdwestlichen oder seltener nordwestlichen oder n\\u00f6rdlichen Wetterlagen (an und nach der Kaltfront) auf. Die Gewitter aus s\\u00fcd\\u00f6stlichen Richtungen stauen sich auf der Ostseite der Berge; dann kann es auch in Azalas heftig gewittern. Trotz der Lage auf Meeresh\\u00f6he schl\\u00e4gt es bei diesen Gewittern in unserer Gegend h\\u00e4ufig ein, weswegen es ratsam ist, sich bei Gewitter nicht im Freien aufzuhalten.\",\"margin\":\"default\"}}]}]}]},{\"type\":\"section\",\"props\":{\"image_position\":\"center-center\",\"padding\":\"small\",\"style\":\"default\",\"title_breakpoint\":\"xl\",\"title_position\":\"top-left\",\"title_rotation\":\"left\",\"vertical_align\":\"middle\",\"width\":\"default\"},\"children\":[{\"type\":\"row\",\"children\":[{\"type\":\"column\",\"props\":{\"image_position\":\"center-center\",\"position_sticky_breakpoint\":\"m\"},\"children\":[{\"type\":\"gallery\",\"props\":{\"filter_align\":\"left\",\"filter_all\":true,\"filter_grid_breakpoint\":\"m\",\"filter_grid_width\":\"auto\",\"filter_position\":\"top\",\"filter_style\":\"tab\",\"grid_column_gap\":\"small\",\"grid_default\":\"1\",\"grid_medium\":\"2\",\"grid_row_gap\":\"small\",\"image_loading\":true,\"item_animation\":true,\"lightbox\":true,\"link_style\":\"default\",\"link_text\":\"\",\"margin\":\"small\",\"meta_align\":\"below-title\",\"meta_element\":\"div\",\"meta_style\":\"text-meta\",\"overlay_hover\":false,\"overlay_link\":true,\"overlay_mode\":\"caption\",\"overlay_padding\":\"small\",\"overlay_position\":\"bottom\",\"overlay_style\":\"overlay-primary\",\"overlay_transition\":\"fade\",\"show_content\":true,\"show_hover_image\":true,\"show_hover_video\":true,\"show_link\":true,\"show_meta\":true,\"show_title\":true,\"text_align\":\"center\",\"text_color\":\"\",\"title_color\":\"primary\",\"title_element\":\"div\",\"title_font_family\":\"primary\",\"title_hover_style\":\"reset\",\"title_margin\":\"remove\",\"title_style\":\"text-meta\"},\"children\":[{\"type\":\"gallery_item\",\"props\":{\"image\":\"https:\\\/\\\/azalas.de\\\/wp-content\\\/uploads\\\/2020\\\/11\\\/P1250914-1_450.jpg\",\"image_alt\":\"abziehendes Gewitter, Naxos\"}},{\"type\":\"gallery_item\",\"props\":{\"image\":\"http:\\\/\\\/azalas.de\\\/wp-content\\\/uploads\\\/2009\\\/02\\\/DSCN2860-1_450.jpg\",\"image_alt\":\"abziehendes Gewitter, Naxos\",\"title\":\"abziehendes Gewitter\"}}]}]}]}],\"name\":\"Fotos abziehendes Gewitter\"},{\"type\":\"section\",\"props\":{\"image_position\":\"center-center\",\"padding\":\"small\",\"padding_remove_top\":false,\"style\":\"default\",\"title_breakpoint\":\"xl\",\"title_position\":\"top-left\",\"title_rotation\":\"left\",\"vertical_align\":\"middle\",\"width\":\"default\"},\"children\":[{\"type\":\"row\",\"children\":[{\"type\":\"column\",\"props\":{\"image_position\":\"center-center\",\"position_sticky_breakpoint\":\"m\"},\"children\":[{\"type\":\"headline\",\"props\":{\"content\":\"Wind- und Wasserhosen\",\"margin\":\"default\",\"title_element\":\"h3\"}},{\"type\":\"text\",\"props\":{\"column_breakpoint\":\"m\",\"content\":\"Gelegentlich kann es unter Gewitterwolken zur Ausbildung von Luftwirbeln kommen, die zur Bildung einer Wasser- oder Windhose (Tornado) f\\u00fchren. Dazu sind eine hohe Luftfeuchtigkeit und ein starker Temperaturabfall mit der H\\u00f6he erforderlich. Innerhalb des sich drehenden Luftwirbels sinkt der Luftdruck, wodurch die Temperatur abf\\u00e4llt, was zur Kondensation des Wasserdampfes f\\u00fchrt, so dass der Luftwirbel als von der Wolke zum Boden reichender Schlauch sichtbar wird. Gr\\u00f6\\u00dfere Tornados reichen als Luftwirbel auch nach oben in die Wolke hinein. Sie k\\u00f6nnen schwere Verw\\u00fcstungen am Boden anrichten; die meisten Tornados sind jedoch klein und vergleichsweise harmlos.\",\"margin\":\"small\",\"margin_remove_top\":false}}]}]}]},{\"type\":\"section\",\"props\":{\"image_position\":\"center-center\",\"padding\":\"small\",\"style\":\"default\",\"title_breakpoint\":\"xl\",\"title_position\":\"top-left\",\"title_rotation\":\"left\",\"vertical_align\":\"middle\",\"width\":\"default\"},\"children\":[{\"type\":\"row\",\"children\":[{\"type\":\"column\",\"props\":{\"image_position\":\"center-center\",\"position_sticky_breakpoint\":\"m\"},\"children\":[{\"type\":\"gallery\",\"props\":{\"filter_align\":\"left\",\"filter_all\":true,\"filter_grid_breakpoint\":\"m\",\"filter_grid_width\":\"auto\",\"filter_position\":\"top\",\"filter_style\":\"tab\",\"grid_column_gap\":\"small\",\"grid_default\":\"1\",\"grid_medium\":\"2\",\"grid_row_gap\":\"small\",\"image_loading\":true,\"item_animation\":true,\"lightbox\":true,\"link_style\":\"default\",\"link_text\":\"\",\"margin\":\"small\",\"meta_align\":\"below-title\",\"meta_element\":\"div\",\"meta_style\":\"text-meta\",\"overlay_hover\":false,\"overlay_link\":true,\"overlay_mode\":\"caption\",\"overlay_padding\":\"small\",\"overlay_position\":\"bottom\",\"overlay_style\":\"overlay-primary\",\"overlay_transition\":\"fade\",\"show_content\":true,\"show_hover_image\":true,\"show_hover_video\":true,\"show_link\":true,\"show_meta\":true,\"show_title\":true,\"text_align\":\"center\",\"text_color\":\"\",\"title_color\":\"primary\",\"title_element\":\"div\",\"title_font_family\":\"primary\",\"title_hover_style\":\"reset\",\"title_margin\":\"small\",\"title_style\":\"text-meta\"},\"children\":[{\"type\":\"gallery_item\",\"props\":{\"image\":\"https:\\\/\\\/azalas.de\\\/wp-content\\\/uploads\\\/2012\\\/10\\\/P1250876-1_450.jpg\",\"image_alt\":\"Wasserhose bei Azalas, Naxos\"}},{\"type\":\"gallery_item\",\"props\":{\"image\":\"https:\\\/\\\/azalas.de\\\/wp-content\\\/uploads\\\/2012\\\/10\\\/P1250878-1_450.jpg\",\"image_alt\":\"Wasserhose bei Azalas, Naxos\"}}]},{\"type\":\"text\",\"props\":{\"column_breakpoint\":\"m\",\"content\":\"\n\n<p><small>Kleine Wasserhose bei Azalas; auf dem ersten Bild sieht man auch die kleine Verwirbelung, die sie an der Wasserfl\\u00e4che ausl\\u00f6st.<\\\/small><\\\/p>\",\"margin\":\"small\",\"margin_remove_top\":true},\"name\":\"Bildunterschrift\"}]}]}],\"name\":\"Fotos Wasserhose 1\"},{\"type\":\"section\",\"props\":{\"image_position\":\"center-center\",\"padding\":\"small\",\"style\":\"default\",\"title_breakpoint\":\"xl\",\"title_position\":\"top-left\",\"title_rotation\":\"left\",\"vertical_align\":\"middle\",\"width\":\"default\"},\"children\":[{\"type\":\"row\",\"children\":[{\"type\":\"column\",\"props\":{\"image_position\":\"center-center\",\"position_sticky_breakpoint\":\"m\"},\"children\":[{\"type\":\"gallery\",\"props\":{\"filter_align\":\"left\",\"filter_all\":true,\"filter_grid_breakpoint\":\"m\",\"filter_grid_width\":\"auto\",\"filter_position\":\"top\",\"filter_style\":\"tab\",\"grid_column_gap\":\"small\",\"grid_default\":\"1\",\"grid_medium\":\"2\",\"grid_row_gap\":\"small\",\"image_loading\":true,\"item_animation\":true,\"lightbox\":true,\"link_style\":\"default\",\"link_text\":\"\",\"margin\":\"small\",\"meta_align\":\"below-title\",\"meta_element\":\"div\",\"meta_style\":\"text-meta\",\"overlay_hover\":false,\"overlay_link\":true,\"overlay_mode\":\"caption\",\"overlay_padding\":\"small\",\"overlay_position\":\"bottom\",\"overlay_style\":\"overlay-primary\",\"overlay_transition\":\"fade\",\"show_content\":true,\"show_hover_image\":true,\"show_hover_video\":true,\"show_link\":true,\"show_meta\":true,\"show_title\":true,\"text_align\":\"center\",\"text_color\":\"\",\"title_color\":\"primary\",\"title_element\":\"div\",\"title_font_family\":\"primary\",\"title_hover_style\":\"reset\",\"title_margin\":\"small\",\"title_style\":\"text-meta\"},\"children\":[{\"type\":\"gallery_item\",\"props\":{\"image\":\"https:\\\/\\\/azalas.de\\\/wp-content\\\/uploads\\\/2020\\\/11\\\/P1390704-1_450.jpg\",\"image_alt\":\"Wasserhose bei Azalas, Naxos\"}},{\"type\":\"gallery_item\",\"props\":{\"image\":\"https:\\\/\\\/azalas.de\\\/wp-content\\\/uploads\\\/2020\\\/11\\\/P1280773-1_450.jpg\",\"image_alt\":\"von kleinem Tornado entwurzelter Baum bei Azalas, Naxos\"}}]},{\"type\":\"text\",\"props\":{\"column_breakpoint\":\"m\",\"content\":\"\n\n<p><small>Erstes Bild: Hier eine Verwirbelung, die an der Wasseroberfl\\u00e4che zu sehen ist, jedoch keinen Tornadoschlauch zeigt. Zweites Bild: Dieser kleine Olivenbaum ist durch einen Mini-Wirbelsturm entwurzelt worden.<\\\/small><\\\/p>\",\"margin\":\"small\",\"margin_remove_top\":true},\"name\":\"Bildunterschrift\"}]}]}],\"name\":\"Fotos Wasserhose 2\"},{\"type\":\"section\",\"props\":{\"image_position\":\"center-center\",\"padding\":\"small\",\"style\":\"default\",\"title_breakpoint\":\"xl\",\"title_position\":\"top-left\",\"title_rotation\":\"left\",\"vertical_align\":\"\",\"width\":\"default\"},\"children\":[{\"type\":\"row\",\"children\":[{\"type\":\"column\",\"props\":{\"image_position\":\"center-center\",\"position_sticky_breakpoint\":\"m\"},\"children\":[{\"type\":\"divider\",\"props\":{\"divider_element\":\"hr\"}},{\"type\":\"text\",\"props\":{\"column_breakpoint\":\"m\",\"content\":\"\n\n<p><\\\/p>\\nweiter:  <a href=\\\"http:\\\/\\\/azalas.de\\\/winterwetter\\\/\\\">Winterwetter<\\\/a>\\n\n\n<p><\\\/p>\\nzur\\u00fcck: <a href=\\\"http:\\\/\\\/azalas.de\\\/naxos-wetter-uebersicht\\\/\\\">Wetter und Klima<\\\/a>\\n\n\n<p><\\\/p>\\nsiehe auch:\\n\n\n<ul>\\n \\t\n\n<li><a href=\\\"http:\\\/\\\/azalas.de\\\/regenbogen-halo\\\/\\\">Regenbogen und Halo-Erscheinungen<\\\/a><\\\/li>\\n \\t\n\n<li><a href=\\\"http:\\\/\\\/azalas.de\\\/eis-schnee\\\/\\\">Eis und Schnee<\\\/a><\\\/li>\\n<\\\/ul>\\nZum Weiterlesen:\\n\n\n<ul>\\n \\t\n\n<li><a href=\\\"http:\\\/\\\/de.wikipedia.org\\\/wiki\\\/Regen\\\">Wikipedia: Regen<\\\/a><\\\/li>\\n \\t\n\n<li><a href=\\\"http:\\\/\\\/de.wikipedia.org\\\/wiki\\\/Hagel\\\">Wikipedia: Hagel<\\\/a><\\\/li>\\n \\t\n\n<li><a href=\\\"http:\\\/\\\/de.wikipedia.org\\\/wiki\\\/Gewitter\\\">Wikipedia: Gewitter<\\\/a><\\\/li>\\n \\t\n\n<li><a href=\\\"http:\\\/\\\/www.weather-consult.com\\\/Wettererscheinungen\\\/Gewitter\\\/\\\">Weather-consult: Gewitter<\\\/a><\\\/li>\\n<\\\/ul>\",\"margin\":\"default\"}},{\"type\":\"text\",\"props\":{\"column_breakpoint\":\"m\",\"content\":\"<a href=\\\"http:\\\/\\\/azalas.de\\\/inhaltsverzeichnis\\\/\\\">zum Inhaltsverzeichnis<\\\/a>\",\"margin\":\"default\"}}]}]}],\"name\":\"Weiterf\\u00fchrende Links\"}],\"version\":\"4.4.4\",\"yooessentialsVersion\":\"2.2.16\"} --><\/p>\n","protected":false},"excerpt":{"rendered":"<p>Wenn Wolken eine gro\u00dfe vertikale Ausdehnung erreichen, dann beginnt es aus ihnen zu regnen. In reinen Wasserwolken k\u00f6nnen die Regentropfen nur so weit anwachsen, dass es zu einem leichten Spr\u00fchregen kommt.<\/p>\n","protected":false},"author":4,"featured_media":55789,"comment_status":"open","ping_status":"open","sticky":false,"template":"","format":"standard","meta":{"footnotes":""},"categories":[2015,18,11,9,1985],"tags":[765,176,1871,34,865,162,423,1872,163],"class_list":["post-133","post","type-post","status-publish","format-standard","has-post-thumbnail","hentry","category-meine-lieblings-beitraege","category-klima-und-wetter","category-natur","category-naxos","category-regen","tag-blitz","tag-gewitter","tag-hagel","tag-kykladen","tag-naxos","tag-regen","tag-regenbogen","tag-unwetter","tag-wetter"],"_links":{"self":[{"href":"https:\/\/azalas.de\/de\/wp-json\/wp\/v2\/posts\/133","targetHints":{"allow":["GET"]}}],"collection":[{"href":"https:\/\/azalas.de\/de\/wp-json\/wp\/v2\/posts"}],"about":[{"href":"https:\/\/azalas.de\/de\/wp-json\/wp\/v2\/types\/post"}],"author":[{"embeddable":true,"href":"https:\/\/azalas.de\/de\/wp-json\/wp\/v2\/users\/4"}],"replies":[{"embeddable":true,"href":"https:\/\/azalas.de\/de\/wp-json\/wp\/v2\/comments?post=133"}],"version-history":[{"count":53,"href":"https:\/\/azalas.de\/de\/wp-json\/wp\/v2\/posts\/133\/revisions"}],"predecessor-version":[{"id":69817,"href":"https:\/\/azalas.de\/de\/wp-json\/wp\/v2\/posts\/133\/revisions\/69817"}],"wp:featuredmedia":[{"embeddable":true,"href":"https:\/\/azalas.de\/de\/wp-json\/wp\/v2\/media\/55789"}],"wp:attachment":[{"href":"https:\/\/azalas.de\/de\/wp-json\/wp\/v2\/media?parent=133"}],"wp:term":[{"taxonomy":"category","embeddable":true,"href":"https:\/\/azalas.de\/de\/wp-json\/wp\/v2\/categories?post=133"},{"taxonomy":"post_tag","embeddable":true,"href":"https:\/\/azalas.de\/de\/wp-json\/wp\/v2\/tags?post=133"}],"curies":[{"name":"wp","href":"https:\/\/api.w.org\/{rel}","templated":true}]}}